{"id":9294,"date":"2026-03-27T12:50:47","date_gmt":"2026-03-27T11:50:47","guid":{"rendered":"https:\/\/agora-eoi.xtec.cat\/eoivalls\/?p=9294"},"modified":"2026-03-27T13:15:57","modified_gmt":"2026-03-27T12:15:57","slug":"preinscripcio-i-matricula-del-nou-alumnat-2026-2027","status":"publish","type":"post","link":"https:\/\/agora-eoi.xtec.cat\/eoivalls\/general\/preinscripcio-i-matricula-del-nou-alumnat-2026-2027\/","title":{"rendered":"Preinscripci\u00f3 i matr\u00edcula del nou alumnat Curs 2026-2027"},"content":{"rendered":"<p><strong>&#8211; Presentaci\u00f3 telem\u00e0tica de sol\u00b7licituds: a partir de les 9:00 hores del 31 d&#8217;agost fins a les 15:00 hores del 7 de setembre de 2026.<\/strong><\/p>\n<p>Enlla\u00e7 a l&#8217;aplicatiu:\u00a0<a href=\"https:\/\/www.eoidigital.com\/eoicat\/alumnes\/\" target=\"_blank\" rel=\"noopener\">https:\/\/www.eoidigital.com\/eoicat\/alumnes\/<\/a><\/p>\n<p>Normativa:<\/p>\n<p><a href=\"https:\/\/dogc.gencat.cat\/ca\/document-del-dogc\/?documentId=1040051\" target=\"_blank\" rel=\"noopener\">Resoluci\u00f3 EDF\/814\/2026, de 19 de mar\u00e7, per la qual es determinen el calendari i les condicions de la preinscripci\u00f3 i matr\u00edcula, per al curs 2026-2027, (&#8230;) als ensenyaments d&#8217;idiomes en escoles oficials d&#8217;idiomes<\/a><\/p>\n<p><strong>M\u00e9s informaci\u00f3<\/strong>:<strong> <a href=\"https:\/\/educacio.gencat.cat\/web\/.content\/home\/departament\/publicacions\/infografies\/eoi-10-eoi.pdf\" target=\"_blank\" rel=\"noopener\">Infografia EOI<\/a> <\/strong><\/p>\n<table style=\"height: 94px;\" width=\"763\">\n<tbody>\n<tr>\n<td style=\"width: 757.988px;\"><strong>FER EFECTIVA LA MATR\u00cdCULA IMPLICA L\u2019ACCEPTACI\u00d3 DE LA NORMATIVA DEL CENTRE<\/strong><\/td>\n<\/tr>\n<\/tbody>\n<\/table>\n","protected":false},"excerpt":{"rendered":"<p>&#8211; Presentaci\u00f3 telem\u00e0tica de sol\u00b7licituds: a partir de les 9:00 hores del 31 d&#8217;agost fins a les 15:00 hores del 7 de setembre de 2026.<br \/>\nEnlla\u00e7 a l&#8217;aplicatiu:\u00a0<a href=\"https:\/\/www.eoidigital.com\/eoicat\/alumnes\/\" target=\"_blank\" rel=\"noopener\">https:\/\/www.eoidigital.com\/eoicat\/alumnes\/<\/a><br \/>\nNormativa:<br \/>\n<a href=\"https:\/\/dogc.gencat.cat\/ca\/document-del-dogc\/?documentId=1040051\" target=\"_blank\" rel=\"noopener\">Resoluci\u00f3 EDF\/814\/2026, de 19 de mar\u00e7, per la qual es determinen el calendari&hellip;  <a href=\"https:\/\/agora-eoi.xtec.cat\/eoivalls\/general\/preinscripcio-i-matricula-del-nou-alumnat-2026-2027\/\" title=\"Read Preinscripci\u00f3 i matr\u00edcula del nou alumnat Curs 2026-2027\">Llegeix m\u00e9s\u00bb<\/a><\/p>\n","protected":false},"author":1,"featured_media":659,"comment_status":"closed","ping_status":"closed","sticky":false,"template":"","format":"standard","meta":{"_bbp_topic_count":0,"_bbp_reply_count":0,"_bbp_total_topic_count":0,"_bbp_total_reply_count":0,"_bbp_voice_count":0,"_bbp_anonymous_reply_count":0,"_bbp_topic_count_hidden":0,"_bbp_reply_count_hidden":0,"_bbp_forum_subforum_count":0,"footnotes":""},"categories":[1,29],"tags":[],"class_list":["post-9294","post","type-post","status-publish","format-standard","has-post-thumbnail","hentry","category-general","category-portada"],"post_mailing_queue_ids":[],"_links":{"self":[{"href":"https:\/\/agora-eoi.xtec.cat\/eoivalls\/wp-json\/wp\/v2\/posts\/9294","targetHints":{"allow":["GET"]}}],"collection":[{"href":"https:\/\/agora-eoi.xtec.cat\/eoivalls\/wp-json\/wp\/v2\/posts"}],"about":[{"href":"https:\/\/agora-eoi.xtec.cat\/eoivalls\/wp-json\/wp\/v2\/types\/post"}],"author":[{"embeddable":true,"href":"https:\/\/agora-eoi.xtec.cat\/eoivalls\/wp-json\/wp\/v2\/users\/1"}],"replies":[{"embeddable":true,"href":"https:\/\/agora-eoi.xtec.cat\/eoivalls\/wp-json\/wp\/v2\/comments?post=9294"}],"version-history":[{"count":7,"href":"https:\/\/agora-eoi.xtec.cat\/eoivalls\/wp-json\/wp\/v2\/posts\/9294\/revisions"}],"predecessor-version":[{"id":10488,"href":"https:\/\/agora-eoi.xtec.cat\/eoivalls\/wp-json\/wp\/v2\/posts\/9294\/revisions\/10488"}],"wp:featuredmedia":[{"embeddable":true,"href":"https:\/\/agora-eoi.xtec.cat\/eoivalls\/wp-json\/wp\/v2\/media\/659"}],"wp:attachment":[{"href":"https:\/\/agora-eoi.xtec.cat\/eoivalls\/wp-json\/wp\/v2\/media?parent=9294"}],"wp:term":[{"taxonomy":"category","embeddable":true,"href":"https:\/\/agora-eoi.xtec.cat\/eoivalls\/wp-json\/wp\/v2\/categories?post=9294"},{"taxonomy":"post_tag","embeddable":true,"href":"https:\/\/agora-eoi.xtec.cat\/eoivalls\/wp-json\/wp\/v2\/tags?post=9294"}],"curies":[{"name":"wp","href":"https:\/\/api.w.org\/{rel}","templated":true}]}}