{"id":10419,"date":"2022-10-24T08:57:41","date_gmt":"2022-10-24T06:57:41","guid":{"rendered":"https:\/\/agora-eoi.xtec.cat\/eoitortosa\/?p=10419"},"modified":"2023-11-23T10:48:46","modified_gmt":"2023-11-23T09:48:46","slug":"viatge-cultural-a-dublin","status":"publish","type":"post","link":"https:\/\/agora-eoi.xtec.cat\/eoitortosa\/general\/viatge-cultural-a-dublin\/","title":{"rendered":"Viatge cultural a Dubl\u00edn"},"content":{"rendered":"<p><span style=\"color: #993300;\"><b>Viatge cultural a Dubl\u00edn\u00a0<\/b><\/span><\/p>\n<p><span style=\"font-weight: 400;\">El nostre objectiu \u00e9s proporcionar als nostres alumnes oportunitats d\u2019enriquiment cultural i ling\u00fc\u00edstic. \u00c9s per aix\u00f2 que hem dissenyat un pla de 3 dies per Dubl\u00edn que no us volem desvetllar del tot, per\u00f2 que est\u00e0 ple d\u2019activitats per practicar els vostres coneixements i descobrir una ciutat. Ens feu confian\u00e7a?<\/span><\/p>\n<p><span style=\"color: #993300;\"><b>Destinaci\u00f3<\/b><\/span><\/p>\n<p><span style=\"font-weight: 400;\">Dubl\u00edn<\/span><\/p>\n<p><span style=\"color: #993300;\"><b>Dates del viatge<\/b><\/span><\/p>\n<p><span style=\"font-weight: 400;\">De <\/span><b>divendres 24 de febrer al diumenge 26 de febrer de 2023<\/b><span style=\"font-weight: 400;\"> (atenci\u00f3, heu de tenir disponible tot el divendres!)<\/span><\/p>\n<p><span style=\"color: #993300;\"><b>Activitats programades<\/b><\/span><\/p>\n<p><span style=\"font-weight: 400;\">Hem preparat una bateria d\u2019activitats que no us volem explicar per poder-vos sorprendre\u2026! El que s\u00ed que us podem dir \u00e9s que no hem preparat un cap de setmana de relax i que fareu servir l\u2019angl\u00e8s s\u00ed o s\u00ed!<\/span><\/p>\n<p><span style=\"color: #993300;\"><span style=\"font-weight: 400;\">\u00a0<\/span><b>Qui s\u2019hi pot apuntar<\/b><\/span><\/p>\n<ul>\n<li style=\"font-weight: 400;\" aria-level=\"1\"><span style=\"font-weight: 400;\">Alumnat de cursos d\u2019angl\u00e8s<\/span><\/li>\n<li style=\"font-weight: 400;\" aria-level=\"1\"><span style=\"font-weight: 400;\">Resta d\u2019alumnat d\u2019altres idiomes (atenci\u00f3, cal tenir coneixements d&#8217;angl\u00e8s ja que les activitats es faran en aquest idioma)<\/span><\/li>\n<li style=\"font-weight: 400;\" aria-level=\"1\"><span style=\"font-weight: 400;\">El viatge es far\u00e0 si hi ha un<\/span><b> m\u00ednim de 10 alumnes<\/b><span style=\"font-weight: 400;\">.<\/span><\/li>\n<\/ul>\n<p><span style=\"color: #993300;\"><b>Criteris de selecci\u00f3<\/b><\/span><\/p>\n<ul>\n<li style=\"font-weight: 400;\" aria-level=\"1\"><span style=\"font-weight: 400;\">Nivells m\u00e9s alts\u00a0<\/span><\/li>\n<li style=\"font-weight: 400;\" aria-level=\"1\"><span style=\"font-weight: 400;\">Alumnat amb m\u00e9s assist\u00e8ncia a classe (de m\u00e9s a menys assist\u00e8ncia)<\/span><\/li>\n<\/ul>\n<p><span style=\"font-weight: 400;\">Nota: A l\u2019hora d\u2019aplicar cada criteri, es prioritzar\u00e0 primer l\u2019alumnat d\u2019angl\u00e8s. En cas que hi hagi m\u00e9s sol\u00b7licituds que places o en cas d&#8217;empat, es far\u00e0 un sorteig.\u00a0<\/span><\/p>\n<p><span style=\"color: #993300;\"><b>Nombre de places<\/b><\/span><\/p>\n<p><span style=\"font-weight: 400;\">25<\/span><\/p>\n<p><span style=\"color: #993300;\"><b>Acompanyants<\/b><\/span><\/p>\n<p><span style=\"font-weight: 400;\">2 professors\/es del centre.<\/span><\/p>\n<p><b><span style=\"color: #993300;\">Preu<\/span>\u00a0<\/b><\/p>\n<p><span style=\"font-weight: 400;\">El preu ser\u00e0 aproximadament d\u2019uns 450 euros (<\/span><b>aquest preu \u00e9s orientatiu<\/b><span style=\"font-weight: 400;\">, ja que fins que no tinguem el nombre total d\u2019alumnes que faran el viatge no es podr\u00e0 tancar)<\/span><\/p>\n<p><span style=\"font-weight: 400;\">Aquest preu inclou el viatge amb avi\u00f3 des de Barcelona-El Prat, el despla\u00e7ament de l\u2019aeroport a Dubl\u00edn i l\u2019allotjament per dues nits d\u2019hotel de 3*, en r\u00e8gim d\u2019esmorzar i ocupaci\u00f3 doble. La resta d\u2019\u00e0pats aniran a c\u00e0rrec de cadasc\u00fa per tal que tothom pugui adaptar-se al seu pressupost.<\/span><\/p>\n<p><span style=\"color: #993300;\"><b>Inscripcions i actuacions posteriors<\/b><\/span><\/p>\n<ol>\n<li><span style=\"font-weight: 400;\">Formulari d\u2019inscripci\u00f3 linkat al full informatiu <\/span><b>a partir del 13 d\u2019octubre\u00a0<\/b><\/li>\n<li><span style=\"font-weight: 400;\">Es tanca l\u2019aplicatiu d\u2019inscripci\u00f3 el dia <\/span><b>15 de novembre<\/b><\/li>\n<li><span style=\"font-weight: 400;\">S\u2019inicia el proc\u00e9s de selecci\u00f3 d\u2019acord amb els criteris m\u00e9s amunt esmentats.<\/span><\/li>\n<li><span style=\"font-weight: 400;\">Es publica la llista de seleccionats i la llista d\u2019espera <\/span><b>16 de novembre<\/b><\/li>\n<li><span style=\"font-weight: 400;\"> 1r<\/span> <span style=\"font-weight: 400;\">Pagament (alumnat seleccionat) la <\/span><b>primera quinzena de novembre<\/b><\/li>\n<li><span style=\"font-weight: 400;\"> 2n pagament:\u00a0 <\/span><b>durant el mes desembre<\/b><\/li>\n<li><span style=\"font-weight: 400;\">Reuni\u00f3 informativa sobre el viatge <\/span><b>al mes de gener<\/b><\/li>\n<\/ol>\n<p><span style=\"color: #993300;\"><b>Formulari de preinscripci\u00f3<\/b><\/span><\/p>\n<p><span style=\"font-weight: 400;\">Feu clic <\/span><a href=\"https:\/\/docs.google.com\/forms\/d\/e\/1FAIpQLSdmRecqH4bsVYPPlvuvxPOHMlNpRV5isq96fN95hsoT3BEy0g\/viewform?usp=sf_link\"><b>aqu\u00ed<\/b> <\/a><span style=\"font-weight: 400;\">al damunt per preinscriure-us a la sortida ling\u00fc\u00edstica i cultural a Dubl\u00edn.\u00a0<\/span><a href=\"https:\/\/drive.google.com\/file\/d\/1jX7BUg4AnjkDLoienmRsGEarrdrDBh7J\/view?usp=sharing\" target=\"_blank\" rel=\"noopener\">Descarregueu aquest full informatiu<\/a><\/p>\n","protected":false},"excerpt":{"rendered":"<p>Viatge cultural a Dubl\u00edn\u00a0 El nostre objectiu \u00e9s proporcionar als nostres alumnes oportunitats d\u2019enriquiment cultural i ling\u00fc\u00edstic. \u00c9s per aix\u00f2 que hem dissenyat un pla de 3 dies per Dubl\u00edn que no us volem desvetllar del tot, per\u00f2 que est\u00e0 ple d\u2019activitats per practicar els vostres coneixements i descobrir una ciutat. Ens feu confian\u00e7a? Destinaci\u00f3 [&hellip;]<\/p>\n","protected":false},"author":1,"featured_media":10420,"comment_status":"closed","ping_status":"closed","sticky":false,"template":"","format":"standard","meta":{"_bbp_topic_count":0,"_bbp_reply_count":0,"_bbp_total_topic_count":0,"_bbp_total_reply_count":0,"_bbp_voice_count":0,"_bbp_anonymous_reply_count":0,"_bbp_topic_count_hidden":0,"_bbp_reply_count_hidden":0,"_bbp_forum_subforum_count":0,"site-sidebar-layout":"default","site-content-layout":"","ast-site-content-layout":"","site-content-style":"default","site-sidebar-style":"default","ast-global-header-display":"","ast-banner-title-visibility":"","ast-main-header-display":"","ast-hfb-above-header-display":"","ast-hfb-below-header-display":"","ast-hfb-mobile-header-display":"","site-post-title":"","ast-breadcrumbs-content":"","ast-featured-img":"","footer-sml-layout":"","theme-transparent-header-meta":"","adv-header-id-meta":"","stick-header-meta":"","header-above-stick-meta":"","header-main-stick-meta":"","header-below-stick-meta":"","astra-migrate-meta-layouts":"default","ast-page-background-enabled":"default","ast-page-background-meta":{"desktop":{"background-color":"var(--ast-global-color-4)","background-image":"","background-repeat":"repeat","background-position":"center center","background-size":"auto","background-attachment":"scroll","background-type":"","background-media":"","overlay-type":"","overlay-color":"","overlay-opacity":"","overlay-gradient":""},"tablet":{"background-color":"","background-image":"","background-repeat":"repeat","background-position":"center center","background-size":"auto","background-attachment":"scroll","background-type":"","background-media":"","overlay-type":"","overlay-color":"","overlay-opacity":"","overlay-gradient":""},"mobile":{"background-color":"","background-image":"","background-repeat":"repeat","background-position":"center center","background-size":"auto","background-attachment":"scroll","background-type":"","background-media":"","overlay-type":"","overlay-color":"","overlay-opacity":"","overlay-gradient":""}},"ast-content-background-meta":{"desktop":{"background-color":"var(--ast-global-color-5)","background-image":"","background-repeat":"repeat","background-position":"center center","background-size":"auto","background-attachment":"scroll","background-type":"","background-media":"","overlay-type":"","overlay-color":"","overlay-opacity":"","overlay-gradient":""},"tablet":{"background-color":"var(--ast-global-color-5)","background-image":"","background-repeat":"repeat","background-position":"center center","background-size":"auto","background-attachment":"scroll","background-type":"","background-media":"","overlay-type":"","overlay-color":"","overlay-opacity":"","overlay-gradient":""},"mobile":{"background-color":"var(--ast-global-color-5)","background-image":"","background-repeat":"repeat","background-position":"center center","background-size":"auto","background-attachment":"scroll","background-type":"","background-media":"","overlay-type":"","overlay-color":"","overlay-opacity":"","overlay-gradient":""}},"footnotes":""},"categories":[1],"tags":[437,436],"class_list":["post-10419","post","type-post","status-publish","format-standard","has-post-thumbnail","hentry","category-general","tag-dublin","tag-viatge"],"post_mailing_queue_ids":[],"_links":{"self":[{"href":"https:\/\/agora-eoi.xtec.cat\/eoitortosa\/wp-json\/wp\/v2\/posts\/10419","targetHints":{"allow":["GET"]}}],"collection":[{"href":"https:\/\/agora-eoi.xtec.cat\/eoitortosa\/wp-json\/wp\/v2\/posts"}],"about":[{"href":"https:\/\/agora-eoi.xtec.cat\/eoitortosa\/wp-json\/wp\/v2\/types\/post"}],"author":[{"embeddable":true,"href":"https:\/\/agora-eoi.xtec.cat\/eoitortosa\/wp-json\/wp\/v2\/users\/1"}],"replies":[{"embeddable":true,"href":"https:\/\/agora-eoi.xtec.cat\/eoitortosa\/wp-json\/wp\/v2\/comments?post=10419"}],"version-history":[{"count":1,"href":"https:\/\/agora-eoi.xtec.cat\/eoitortosa\/wp-json\/wp\/v2\/posts\/10419\/revisions"}],"predecessor-version":[{"id":10421,"href":"https:\/\/agora-eoi.xtec.cat\/eoitortosa\/wp-json\/wp\/v2\/posts\/10419\/revisions\/10421"}],"wp:featuredmedia":[{"embeddable":true,"href":"https:\/\/agora-eoi.xtec.cat\/eoitortosa\/wp-json\/wp\/v2\/media\/10420"}],"wp:attachment":[{"href":"https:\/\/agora-eoi.xtec.cat\/eoitortosa\/wp-json\/wp\/v2\/media?parent=10419"}],"wp:term":[{"taxonomy":"category","embeddable":true,"href":"https:\/\/agora-eoi.xtec.cat\/eoitortosa\/wp-json\/wp\/v2\/categories?post=10419"},{"taxonomy":"post_tag","embeddable":true,"href":"https:\/\/agora-eoi.xtec.cat\/eoitortosa\/wp-json\/wp\/v2\/tags?post=10419"}],"curies":[{"name":"wp","href":"https:\/\/api.w.org\/{rel}","templated":true}]}}