{"id":20658,"date":"2026-04-20T14:05:08","date_gmt":"2026-04-20T12:05:08","guid":{"rendered":"https:\/\/agora-eoi.xtec.cat\/eoiterrassa\/?p=20658"},"modified":"2026-04-20T14:05:08","modified_gmt":"2026-04-20T12:05:08","slug":"leoi-terrassa-a-la-fira-tria-futur-ja-tenim-guanyadora-del-sorteig","status":"publish","type":"post","link":"https:\/\/agora-eoi.xtec.cat\/eoiterrassa\/portada\/leoi-terrassa-a-la-fira-tria-futur-ja-tenim-guanyadora-del-sorteig\/","title":{"rendered":"L&#8217;EOI Terrassa a la fira &#8220;Tria Futur&#8221; &#8211; ja tenim guanyadora del sorteig!"},"content":{"rendered":"\n<p>L&#8217;Escola Oficial d&#8217;Idiomes de Terrassa va estar present els passats <strong>15 i 16 d&#8217;abril<\/strong> a la fira d&#8217;orientaci\u00f3 professional <strong>&#8220;Tria Futur&#8221;<\/strong>, una cita clau per a l&#8217;orientaci\u00f3 acad\u00e8mica a la nostra ciutat. Durant aquestes dues jornades, el nostre equip va poder atendre a totes aquelles persones que buscaven ampliar els seus horitzons a trav\u00e9s de l&#8217;aprenentatge de lleng\u00fces. Va ser una experi\u00e8ncia fant\u00e0stica per copsar les ganes de cr\u00e9ixer i la curiositat per l&#8217;oferta formativa de l&#8217;escola.<\/p>\n\n\n\n<p>D&#8217;entre totes les persones que vau passar pel nostre estand i vau mostrar inter\u00e8s per estudiar amb nosaltres completant el nostre formulari, hem realitzat el sorteig. Ens fa molta il\u00b7lusi\u00f3 anunciar que la guanyadora \u00e9s la <strong>F\u00e0tima<\/strong>, una de les assistents a la fira! Com a premi, s&#8217;ha emportat un <strong>val de 30 \u20ac per a la Llibreria Atenea de Terrassa<\/strong>.<\/p>\n\n\n\n<p>Volem agrair a tothom qui es va apropar a saludar-nos i a demanar informaci\u00f3. Veure tant d&#8217;inter\u00e8s per les lleng\u00fces ens motiva a seguir treballant per oferir la millor qualitat educativa.<\/p>\n\n\n\n<p><strong>Moltes felicitats, F\u00e0tima, i ens veiem aviat a l&#8217;escola!<\/strong><\/p>\n\n\n\n<p><\/p>\n","protected":false},"excerpt":{"rendered":"<p>L&#8217;Escola Oficial d&#8217;Idiomes de Terrassa va estar present els passats 15 i 16 d&#8217;abril a la fira d&#8217;orientaci\u00f3 professional &#8220;Tria Futur&#8221;, una cita clau per a l&#8217;orientaci\u00f3 acad\u00e8mica a la nostra ciutat. Durant aquestes dues jornades, el nostre equip va poder atendre a totes aquelles persones que buscaven ampliar els seus horitzons a trav\u00e9s de [&hellip;]<\/p>\n","protected":false},"author":1,"featured_media":0,"comment_status":"closed","ping_status":"closed","sticky":false,"template":"","format":"standard","meta":{"site-sidebar-layout":"default","site-content-layout":"","ast-site-content-layout":"default","site-content-style":"default","site-sidebar-style":"default","ast-global-header-display":"","ast-banner-title-visibility":"","ast-main-header-display":"","ast-hfb-above-header-display":"","ast-hfb-below-header-display":"","ast-hfb-mobile-header-display":"","site-post-title":"","ast-breadcrumbs-content":"","ast-featured-img":"","footer-sml-layout":"","theme-transparent-header-meta":"","adv-header-id-meta":"","stick-header-meta":"","header-above-stick-meta":"","header-main-stick-meta":"","header-below-stick-meta":"","astra-migrate-meta-layouts":"set","ast-page-background-enabled":"default","ast-page-background-meta":{"desktop":{"background-color":"var(--ast-global-color-4)","background-image":"","background-repeat":"repeat","background-position":"center center","background-size":"auto","background-attachment":"scroll","background-type":"","background-media":"","overlay-type":"","overlay-color":"","overlay-opacity":"","overlay-gradient":""},"tablet":{"background-color":"","background-image":"","background-repeat":"repeat","background-position":"center center","background-size":"auto","background-attachment":"scroll","background-type":"","background-media":"","overlay-type":"","overlay-color":"","overlay-opacity":"","overlay-gradient":""},"mobile":{"background-color":"","background-image":"","background-repeat":"repeat","background-position":"center center","background-size":"auto","background-attachment":"scroll","background-type":"","background-media":"","overlay-type":"","overlay-color":"","overlay-opacity":"","overlay-gradient":""}},"ast-content-background-meta":{"desktop":{"background-color":"var(--ast-global-color-5)","background-image":"","background-repeat":"repeat","background-position":"center center","background-size":"auto","background-attachment":"scroll","background-type":"","background-media":"","overlay-type":"","overlay-color":"","overlay-opacity":"","overlay-gradient":""},"tablet":{"background-color":"var(--ast-global-color-5)","background-image":"","background-repeat":"repeat","background-position":"center center","background-size":"auto","background-attachment":"scroll","background-type":"","background-media":"","overlay-type":"","overlay-color":"","overlay-opacity":"","overlay-gradient":""},"mobile":{"background-color":"var(--ast-global-color-5)","background-image":"","background-repeat":"repeat","background-position":"center center","background-size":"auto","background-attachment":"scroll","background-type":"","background-media":"","overlay-type":"","overlay-color":"","overlay-opacity":"","overlay-gradient":""}},"footnotes":""},"categories":[29],"tags":[],"class_list":["post-20658","post","type-post","status-publish","format-standard","hentry","category-portada"],"post_mailing_queue_ids":[],"_links":{"self":[{"href":"https:\/\/agora-eoi.xtec.cat\/eoiterrassa\/wp-json\/wp\/v2\/posts\/20658","targetHints":{"allow":["GET"]}}],"collection":[{"href":"https:\/\/agora-eoi.xtec.cat\/eoiterrassa\/wp-json\/wp\/v2\/posts"}],"about":[{"href":"https:\/\/agora-eoi.xtec.cat\/eoiterrassa\/wp-json\/wp\/v2\/types\/post"}],"author":[{"embeddable":true,"href":"https:\/\/agora-eoi.xtec.cat\/eoiterrassa\/wp-json\/wp\/v2\/users\/1"}],"replies":[{"embeddable":true,"href":"https:\/\/agora-eoi.xtec.cat\/eoiterrassa\/wp-json\/wp\/v2\/comments?post=20658"}],"version-history":[{"count":1,"href":"https:\/\/agora-eoi.xtec.cat\/eoiterrassa\/wp-json\/wp\/v2\/posts\/20658\/revisions"}],"predecessor-version":[{"id":20659,"href":"https:\/\/agora-eoi.xtec.cat\/eoiterrassa\/wp-json\/wp\/v2\/posts\/20658\/revisions\/20659"}],"wp:attachment":[{"href":"https:\/\/agora-eoi.xtec.cat\/eoiterrassa\/wp-json\/wp\/v2\/media?parent=20658"}],"wp:term":[{"taxonomy":"category","embeddable":true,"href":"https:\/\/agora-eoi.xtec.cat\/eoiterrassa\/wp-json\/wp\/v2\/categories?post=20658"},{"taxonomy":"post_tag","embeddable":true,"href":"https:\/\/agora-eoi.xtec.cat\/eoiterrassa\/wp-json\/wp\/v2\/tags?post=20658"}],"curies":[{"name":"wp","href":"https:\/\/api.w.org\/{rel}","templated":true}]}}