{"id":19717,"date":"2025-11-05T15:04:50","date_gmt":"2025-11-05T14:04:50","guid":{"rendered":"https:\/\/agora-eoi.xtec.cat\/eoiterrassa\/?p=19717"},"modified":"2026-03-05T08:31:25","modified_gmt":"2026-03-05T07:31:25","slug":"repte-lector-2","status":"publish","type":"post","link":"https:\/\/agora-eoi.xtec.cat\/eoiterrassa\/portada\/repte-lector-2\/","title":{"rendered":"Repte lector"},"content":{"rendered":"\n<p>Ja tornem a tenir aqu\u00ed el repte lector!<\/p>\n\n\n\n<p>Com la majoria de vosaltres ja sabeu, es tracta d&#8217;una iniciativa per promoure la lectura i l&#8217;\u00fas&nbsp;dels diferents materials de la nostra Biblioteca.<\/p>\n\n\n\n<p>Cada vegada que un alumne agafi material de la biblioteca, se segellar\u00e0 la casella d&#8217;una butlleta. Quan totes les caselles estiguin segellades, es podr\u00e0 dipositar la butlleta&nbsp;a una b\u00fastia&nbsp;a la Biblioteca.&nbsp;<\/p>\n\n\n\n<p>El 6 de maig es far\u00e0 el sorteig d&#8217;un val de 50 euros de la Llibreria ComeIN.<\/p>\n\n\n\n<figure class=\"wp-block-image size-large\"><a href=\"https:\/\/agora-eoi.xtec.cat\/eoiterrassa\/wp-content\/uploads\/usu2242\/2025\/11\/Post-Instagram-repte-lector-2025-2026-Post-de-Instagram-451.png\"><img loading=\"lazy\" decoding=\"async\" width=\"819\" height=\"1024\" src=\"https:\/\/agora-eoi.xtec.cat\/eoiterrassa\/wp-content\/uploads\/usu2242\/2025\/11\/Post-Instagram-repte-lector-2025-2026-Post-de-Instagram-451-819x1024.png\" alt=\"\" class=\"wp-image-19718\" srcset=\"https:\/\/agora-eoi.xtec.cat\/eoiterrassa\/wp-content\/uploads\/usu2242\/2025\/11\/Post-Instagram-repte-lector-2025-2026-Post-de-Instagram-451-819x1024.png 819w, https:\/\/agora-eoi.xtec.cat\/eoiterrassa\/wp-content\/uploads\/usu2242\/2025\/11\/Post-Instagram-repte-lector-2025-2026-Post-de-Instagram-451-240x300.png 240w, https:\/\/agora-eoi.xtec.cat\/eoiterrassa\/wp-content\/uploads\/usu2242\/2025\/11\/Post-Instagram-repte-lector-2025-2026-Post-de-Instagram-451-768x960.png 768w, https:\/\/agora-eoi.xtec.cat\/eoiterrassa\/wp-content\/uploads\/usu2242\/2025\/11\/Post-Instagram-repte-lector-2025-2026-Post-de-Instagram-451.png 1080w\" sizes=\"auto, (max-width: 819px) 100vw, 819px\" \/><\/a><\/figure>\n","protected":false},"excerpt":{"rendered":"<p>Ja tornem a tenir aqu\u00ed el repte lector! Com la majoria de vosaltres ja sabeu, es tracta d&#8217;una iniciativa per promoure la lectura i l&#8217;\u00fas&nbsp;dels diferents materials de la nostra Biblioteca. Cada vegada que un alumne agafi material de la biblioteca, se segellar\u00e0 la casella d&#8217;una butlleta. Quan totes les caselles estiguin segellades, es podr\u00e0 [&hellip;]<\/p>\n","protected":false},"author":1,"featured_media":0,"comment_status":"closed","ping_status":"open","sticky":false,"template":"","format":"standard","meta":{"site-sidebar-layout":"default","site-content-layout":"","ast-site-content-layout":"default","site-content-style":"default","site-sidebar-style":"default","ast-global-header-display":"","ast-banner-title-visibility":"","ast-main-header-display":"","ast-hfb-above-header-display":"","ast-hfb-below-header-display":"","ast-hfb-mobile-header-display":"","site-post-title":"","ast-breadcrumbs-content":"","ast-featured-img":"","footer-sml-layout":"","theme-transparent-header-meta":"","adv-header-id-meta":"","stick-header-meta":"","header-above-stick-meta":"","header-main-stick-meta":"","header-below-stick-meta":"","astra-migrate-meta-layouts":"set","ast-page-background-enabled":"default","ast-page-background-meta":{"desktop":{"background-color":"var(--ast-global-color-4)","background-image":"","background-repeat":"repeat","background-position":"center center","background-size":"auto","background-attachment":"scroll","background-type":"","background-media":"","overlay-type":"","overlay-color":"","overlay-opacity":"","overlay-gradient":""},"tablet":{"background-color":"","background-image":"","background-repeat":"repeat","background-position":"center center","background-size":"auto","background-attachment":"scroll","background-type":"","background-media":"","overlay-type":"","overlay-color":"","overlay-opacity":"","overlay-gradient":""},"mobile":{"background-color":"","background-image":"","background-repeat":"repeat","background-position":"center center","background-size":"auto","background-attachment":"scroll","background-type":"","background-media":"","overlay-type":"","overlay-color":"","overlay-opacity":"","overlay-gradient":""}},"ast-content-background-meta":{"desktop":{"background-color":"var(--ast-global-color-5)","background-image":"","background-repeat":"repeat","background-position":"center center","background-size":"auto","background-attachment":"scroll","background-type":"","background-media":"","overlay-type":"","overlay-color":"","overlay-opacity":"","overlay-gradient":""},"tablet":{"background-color":"var(--ast-global-color-5)","background-image":"","background-repeat":"repeat","background-position":"center center","background-size":"auto","background-attachment":"scroll","background-type":"","background-media":"","overlay-type":"","overlay-color":"","overlay-opacity":"","overlay-gradient":""},"mobile":{"background-color":"var(--ast-global-color-5)","background-image":"","background-repeat":"repeat","background-position":"center center","background-size":"auto","background-attachment":"scroll","background-type":"","background-media":"","overlay-type":"","overlay-color":"","overlay-opacity":"","overlay-gradient":""}},"footnotes":""},"categories":[29],"tags":[],"class_list":["post-19717","post","type-post","status-publish","format-standard","hentry","category-portada"],"post_mailing_queue_ids":[],"_links":{"self":[{"href":"https:\/\/agora-eoi.xtec.cat\/eoiterrassa\/wp-json\/wp\/v2\/posts\/19717","targetHints":{"allow":["GET"]}}],"collection":[{"href":"https:\/\/agora-eoi.xtec.cat\/eoiterrassa\/wp-json\/wp\/v2\/posts"}],"about":[{"href":"https:\/\/agora-eoi.xtec.cat\/eoiterrassa\/wp-json\/wp\/v2\/types\/post"}],"author":[{"embeddable":true,"href":"https:\/\/agora-eoi.xtec.cat\/eoiterrassa\/wp-json\/wp\/v2\/users\/1"}],"replies":[{"embeddable":true,"href":"https:\/\/agora-eoi.xtec.cat\/eoiterrassa\/wp-json\/wp\/v2\/comments?post=19717"}],"version-history":[{"count":2,"href":"https:\/\/agora-eoi.xtec.cat\/eoiterrassa\/wp-json\/wp\/v2\/posts\/19717\/revisions"}],"predecessor-version":[{"id":19720,"href":"https:\/\/agora-eoi.xtec.cat\/eoiterrassa\/wp-json\/wp\/v2\/posts\/19717\/revisions\/19720"}],"wp:attachment":[{"href":"https:\/\/agora-eoi.xtec.cat\/eoiterrassa\/wp-json\/wp\/v2\/media?parent=19717"}],"wp:term":[{"taxonomy":"category","embeddable":true,"href":"https:\/\/agora-eoi.xtec.cat\/eoiterrassa\/wp-json\/wp\/v2\/categories?post=19717"},{"taxonomy":"post_tag","embeddable":true,"href":"https:\/\/agora-eoi.xtec.cat\/eoiterrassa\/wp-json\/wp\/v2\/tags?post=19717"}],"curies":[{"name":"wp","href":"https:\/\/api.w.org\/{rel}","templated":true}]}}