{"id":12306,"date":"2026-02-07T16:36:57","date_gmt":"2026-02-07T15:36:57","guid":{"rendered":"https:\/\/agora-eoi.xtec.cat\/eoisantgervasi\/?p=12306"},"modified":"2026-02-09T16:32:41","modified_gmt":"2026-02-09T15:32:41","slug":"convocatoria-ordinaria-alumnat-lliure-certificats-didiomes-dels-nivells-intermedi-b1-intermedi-b2-avancat-c1-i-avancat-c2-de-les-eoi","status":"publish","type":"post","link":"https:\/\/agora-eoi.xtec.cat\/eoisantgervasi\/general\/convocatoria-ordinaria-alumnat-lliure-certificats-didiomes-dels-nivells-intermedi-b1-intermedi-b2-avancat-c1-i-avancat-c2-de-les-eoi\/","title":{"rendered":"CONVOC\u00c0TORIA ORDIN\u00c0RIA ALUMNAT LLIURE: Certificats d\u2019idiomes dels nivells intermedi B1, intermedi B2, avan\u00e7at C1 i avan\u00e7at C2 de les EOI."},"content":{"rendered":"<p>El Departament d\u2019Educaci\u00f3 organitza\u00a0la\u00a0<strong>convocat\u00f2ria ordin\u00e0ria<\/strong>\u00a0de les proves dels seg\u00fcents certificats:\u00a0<span id=\"more-16621\"><\/span>Nivell intermedi B1 i B2 i avan\u00e7at C1 i C2 del Marc europeu com\u00fa de refer\u00e8ncia per a les lleng\u00fces (MECR).<span id=\"more-17947\"><\/span><\/p>\n<h5><strong>Convocat\u00f2ria per alumnat lliure, ja que l\u2019alumnat oficial que ve a classe ja t\u00e9 dret a l\u2019examen amb la matr\u00edcula i no cal que faci res.<\/strong><\/h5>\n<p>&nbsp;<\/p>\n<ul>\n<li>Inscripci\u00f3: des de les 9h del\u00a0<strong>23 (9hores) al 27<\/strong>\u00a0<strong>de febrer<\/strong>\u00a0<strong>de 2026<\/strong><\/li>\n<li>Llista provisional d\u2019admesos i exclosos:\u00a0<strong>a partir del 13 de mar\u00e7 de 2026<\/strong><\/li>\n<li>Data l\u00edmit per comunicar errades en les dades personals:\u00a0<strong>27 de mar\u00e7 de 2026<\/strong><\/li>\n<li>Presentaci\u00f3 de la documentaci\u00f3 (a la secretaria de l\u2019EOI de Barcelona Sant-Gervasi o per correu electr\u00f2nic a administracio<em><span class=\"\">@eoisg<\/span>.cat)<\/em>: des de la publicaci\u00f3 de la llista provisional d\u2019admesos i exclosos<strong> fins al 28 de mar\u00e7 de 2026<\/strong><\/li>\n<li>Llista definitiva d\u2019admesos i exclosos:\u00a0<strong>a partir del 2 d\u2019abril de 2026.<\/strong><\/li>\n<\/ul>\n<div id=\"bloc1\" class=\"panel-collapse collapse in\">\n<div class=\"col-xs-12 columna_esquerra\">\n<div class=\"cos_bloc basic_text_peq pd-15\">\n<p>M\u00e9s informaci\u00f3\u00a0<strong><a href=\"https:\/\/educacio.gencat.cat\/ca\/serveis-tramits\/proves\/proves-lliures-obtencio-titols\/convocat-ordinaria-idiomes\/calendari\/\">aqu\u00ed<\/a>.<\/strong><\/p>\n<\/div>\n<\/div>\n<\/div>\n","protected":false},"excerpt":{"rendered":"<p>El Departament d\u2019Educaci\u00f3 organitza\u00a0la\u00a0convocat\u00f2ria ordin\u00e0ria\u00a0de les proves dels seg\u00fcents certificats:\u00a0Nivell intermedi B1 i B2 i avan\u00e7at C1 i C2 del Marc europeu com\u00fa de refer\u00e8ncia per a les lleng\u00fces (MECR).<br \/>\nConvocat\u00f2ria per alumnat lliure, ja que l\u2019alumnat oficial que ve a classe ja t\u00e9 dret a&hellip;  <a href=\"https:\/\/agora-eoi.xtec.cat\/eoisantgervasi\/general\/convocatoria-ordinaria-alumnat-lliure-certificats-didiomes-dels-nivells-intermedi-b1-intermedi-b2-avancat-c1-i-avancat-c2-de-les-eoi\/\" title=\"Read CONVOC\u00c0TORIA ORDIN\u00c0RIA ALUMNAT LLIURE: Certificats d\u2019idiomes dels nivells intermedi B1, intermedi B2, avan\u00e7at C1 i avan\u00e7at C2 de les EOI.\">Llegeix m\u00e9s\u00bb<\/a><\/p>\n","protected":false},"author":5,"featured_media":11910,"comment_status":"closed","ping_status":"closed","sticky":false,"template":"","format":"standard","meta":{"_bbp_topic_count":0,"_bbp_reply_count":0,"_bbp_total_topic_count":0,"_bbp_total_reply_count":0,"_bbp_voice_count":0,"_bbp_anonymous_reply_count":0,"_bbp_topic_count_hidden":0,"_bbp_reply_count_hidden":0,"_bbp_forum_subforum_count":0,"footnotes":""},"categories":[1,29],"tags":[],"class_list":["post-12306","post","type-post","status-publish","format-standard","has-post-thumbnail","hentry","category-general","category-portada"],"post_mailing_queue_ids":[],"_links":{"self":[{"href":"https:\/\/agora-eoi.xtec.cat\/eoisantgervasi\/wp-json\/wp\/v2\/posts\/12306","targetHints":{"allow":["GET"]}}],"collection":[{"href":"https:\/\/agora-eoi.xtec.cat\/eoisantgervasi\/wp-json\/wp\/v2\/posts"}],"about":[{"href":"https:\/\/agora-eoi.xtec.cat\/eoisantgervasi\/wp-json\/wp\/v2\/types\/post"}],"author":[{"embeddable":true,"href":"https:\/\/agora-eoi.xtec.cat\/eoisantgervasi\/wp-json\/wp\/v2\/users\/5"}],"replies":[{"embeddable":true,"href":"https:\/\/agora-eoi.xtec.cat\/eoisantgervasi\/wp-json\/wp\/v2\/comments?post=12306"}],"version-history":[{"count":3,"href":"https:\/\/agora-eoi.xtec.cat\/eoisantgervasi\/wp-json\/wp\/v2\/posts\/12306\/revisions"}],"predecessor-version":[{"id":12723,"href":"https:\/\/agora-eoi.xtec.cat\/eoisantgervasi\/wp-json\/wp\/v2\/posts\/12306\/revisions\/12723"}],"wp:featuredmedia":[{"embeddable":true,"href":"https:\/\/agora-eoi.xtec.cat\/eoisantgervasi\/wp-json\/wp\/v2\/media\/11910"}],"wp:attachment":[{"href":"https:\/\/agora-eoi.xtec.cat\/eoisantgervasi\/wp-json\/wp\/v2\/media?parent=12306"}],"wp:term":[{"taxonomy":"category","embeddable":true,"href":"https:\/\/agora-eoi.xtec.cat\/eoisantgervasi\/wp-json\/wp\/v2\/categories?post=12306"},{"taxonomy":"post_tag","embeddable":true,"href":"https:\/\/agora-eoi.xtec.cat\/eoisantgervasi\/wp-json\/wp\/v2\/tags?post=12306"}],"curies":[{"name":"wp","href":"https:\/\/api.w.org\/{rel}","templated":true}]}}