{"id":11385,"date":"2025-07-14T17:00:06","date_gmt":"2025-07-14T15:00:06","guid":{"rendered":"https:\/\/agora-eoi.xtec.cat\/eoisantgervasi\/?p=11385"},"modified":"2025-10-08T15:39:03","modified_gmt":"2025-10-08T13:39:03","slug":"novetat-oferta-de-cursos-semipresencials-de-b2-2-i-c1-a-leoisg","status":"publish","type":"post","link":"https:\/\/agora-eoi.xtec.cat\/eoisantgervasi\/general\/novetat-oferta-de-cursos-semipresencials-de-b2-2-i-c1-a-leoisg\/","title":{"rendered":"Oferta de cursos oficials semipresencials de B2.2 i C1 a l&#8217;EOISG curs 25-26"},"content":{"rendered":"<p>Durant el curs escolar 25-26 la nostra escola ofereix tres grups semipresencials d&#8217;angl\u00e8s, dos de nivell B2.2 i dos de nivell C1.<\/p>\n<p><strong>OFERTA FORMATIVA: CURSOS SEMIPRESENCIALS<\/strong><\/p>\n<p>A l\u2019EOI Barcelona-Sant Gervasi oferim la modalitat semipresencial per a aquells alumnes que cerquen una forma m\u00e9s flexible d\u2019aprendre un idioma sense renunciar als avantatges del contacte directe amb el professorat i la classe.<\/p>\n<p><strong>En qu\u00e8 consisteix?<\/strong><\/p>\n<p>Un curs semipresencial combina sessions presencials amb treball aut\u00f2nom a trav\u00e9s de la plataforma Moodle de l\u2019escola:<\/p>\n<ul>\n<li><strong>1 sessi\u00f3 presencial setmanal<\/strong>(2 hores 15 minuts): dedicada principalment a la pr\u00e0ctica oral (speaking), interacci\u00f3 en grup, correcci\u00f3 d\u2019exercicis i explicacions m\u00e9s din\u00e0miques.<\/li>\n<li><strong>1 sessi\u00f3 en l\u00ednia setmanal<\/strong>(as\u00edncrona): es publicaran tasques, materials i activitats a Moodle perqu\u00e8 les pugueu realitzar al vostre ritme durant la setmana, amb terminis de lliurament establerts.<\/li>\n<\/ul>\n<p><strong>A qui va dirigit?<\/strong><\/p>\n<p>Aquesta modalitat \u00e9s ideal si:<\/p>\n<ul>\n<li>Tens horaris laborals o personals irregulars.<\/li>\n<li>Valors la flexibilitat per organitzar el teu temps d\u2019estudi.<\/li>\n<li>Et saps gestionar i ets constant amb el treball aut\u00f2nom.<\/li>\n<li>Vols estalviar temps en despla\u00e7aments sense renunciar del tot a les classes presencials.<\/li>\n<\/ul>\n<p><strong>Requeriments:<\/strong><\/p>\n<ul>\n<li>\u00c9s necessari tenir coneixements digitals b\u00e0sics i acc\u00e9s a un dispositiu amb connexi\u00f3 a Internet.<\/li>\n<li>Es requereix comprom\u00eds per seguir el pla de treball setmanal a Moodle.<\/li>\n<\/ul>\n<p><strong>Avantatges:<\/strong><\/p>\n<ul>\n<li><strong>Flexibilitat:<\/strong>Adapta l\u2019aprenentatge a la teva disponibilitat.<\/li>\n<li><strong>Conciliaci\u00f3:<\/strong>Perfecte per a qui treballa o t\u00e9 altres obligacions familiars.<\/li>\n<li><strong>Seguiment:<\/strong>Mantens el contacte amb el professorat i companys, amb un seguiment proper del progr\u00e9s.<\/li>\n<\/ul>\n<p><strong>Consells:<\/strong><\/p>\n<ul>\n<li>Assegura\u2019t de dedicar el temps necessari a la part en l\u00ednia per aprofitar al m\u00e0xim el curs.<\/li>\n<li>Participa activament en les sessions presencials per treure\u2019n el m\u00e0xim profit.<\/li>\n<\/ul>\n<p><strong>Matr\u00edcula:<\/strong><\/p>\n<p>Pots triar aquesta modalitat en fer la matr\u00edcula, disponibles a la nostra escola per als nivells B2 i C1.<\/p>\n<p>Si tens dubtes, no dubtis a contactar-nos. T\u2019ajudarem a triar l\u2019opci\u00f3 que millor s\u2019adapti a les teves necessitats.<\/p>\n<p><strong>Apr\u00e8n amb nosaltres, amb la flexibilitat que necessites.<\/strong><\/p>\n<p>En aquest <a href=\"https:\/\/agora-eoi.xtec.cat\/eoisantgervasi\/angles\/horaris\/\">enlla\u00e7<\/a>\u00a0 trobareu m\u00e9s informaci\u00f3 sobre els horaris dels nostres cursos semipresencials.<\/p>\n<p>Aqu\u00ed trobareu<a href=\"https:\/\/drive.google.com\/file\/d\/1jKD5Qh9c9iFl3nnwH5Fgsd7r2qXCGMep\/view?usp=drive_link\"> un video explicatiu<\/a><\/p>\n<p>&nbsp;<\/p>\n<p>&nbsp;<\/p>\n","protected":false},"excerpt":{"rendered":"<p>Durant el curs escolar 25-26 la nostra escola ofereix tres grups semipresencials d&#8217;angl\u00e8s, dos de nivell B2.2 i dos de nivell C1.<br \/>\nOFERTA FORMATIVA: CURSOS SEMIPRESENCIALS<br \/>\nA l\u2019EOI Barcelona-Sant Gervasi oferim la modalitat semipresencial per a aquells alumnes que cerquen una forma m\u00e9s flexible d\u2019aprendre un idioma&hellip;  <a href=\"https:\/\/agora-eoi.xtec.cat\/eoisantgervasi\/general\/novetat-oferta-de-cursos-semipresencials-de-b2-2-i-c1-a-leoisg\/\" title=\"Read Oferta de cursos oficials semipresencials de B2.2 i C1 a l&#8217;EOISG curs 25-26\">Llegeix m\u00e9s\u00bb<\/a><\/p>\n","protected":false},"author":5,"featured_media":11384,"comment_status":"closed","ping_status":"closed","sticky":false,"template":"","format":"standard","meta":{"_bbp_topic_count":0,"_bbp_reply_count":0,"_bbp_total_topic_count":0,"_bbp_total_reply_count":0,"_bbp_voice_count":0,"_bbp_anonymous_reply_count":0,"_bbp_topic_count_hidden":0,"_bbp_reply_count_hidden":0,"_bbp_forum_subforum_count":0,"footnotes":""},"categories":[1],"tags":[],"class_list":["post-11385","post","type-post","status-publish","format-standard","has-post-thumbnail","hentry","category-general"],"post_mailing_queue_ids":[],"_links":{"self":[{"href":"https:\/\/agora-eoi.xtec.cat\/eoisantgervasi\/wp-json\/wp\/v2\/posts\/11385","targetHints":{"allow":["GET"]}}],"collection":[{"href":"https:\/\/agora-eoi.xtec.cat\/eoisantgervasi\/wp-json\/wp\/v2\/posts"}],"about":[{"href":"https:\/\/agora-eoi.xtec.cat\/eoisantgervasi\/wp-json\/wp\/v2\/types\/post"}],"author":[{"embeddable":true,"href":"https:\/\/agora-eoi.xtec.cat\/eoisantgervasi\/wp-json\/wp\/v2\/users\/5"}],"replies":[{"embeddable":true,"href":"https:\/\/agora-eoi.xtec.cat\/eoisantgervasi\/wp-json\/wp\/v2\/comments?post=11385"}],"version-history":[{"count":7,"href":"https:\/\/agora-eoi.xtec.cat\/eoisantgervasi\/wp-json\/wp\/v2\/posts\/11385\/revisions"}],"predecessor-version":[{"id":12631,"href":"https:\/\/agora-eoi.xtec.cat\/eoisantgervasi\/wp-json\/wp\/v2\/posts\/11385\/revisions\/12631"}],"wp:featuredmedia":[{"embeddable":true,"href":"https:\/\/agora-eoi.xtec.cat\/eoisantgervasi\/wp-json\/wp\/v2\/media\/11384"}],"wp:attachment":[{"href":"https:\/\/agora-eoi.xtec.cat\/eoisantgervasi\/wp-json\/wp\/v2\/media?parent=11385"}],"wp:term":[{"taxonomy":"category","embeddable":true,"href":"https:\/\/agora-eoi.xtec.cat\/eoisantgervasi\/wp-json\/wp\/v2\/categories?post=11385"},{"taxonomy":"post_tag","embeddable":true,"href":"https:\/\/agora-eoi.xtec.cat\/eoisantgervasi\/wp-json\/wp\/v2\/tags?post=11385"}],"curies":[{"name":"wp","href":"https:\/\/api.w.org\/{rel}","templated":true}]}}