{"id":9692,"date":"2025-06-20T08:00:26","date_gmt":"2025-06-20T06:00:26","guid":{"rendered":"http:\/\/agora-eoi.xtec.cat\/eoisabadell\/?p=9692"},"modified":"2025-07-08T13:26:36","modified_gmt":"2025-07-08T11:26:36","slug":"resultats-finals-de-lalumnat-oficial-i-dels-candidats-lliures-de-la-convocatoria-ordinaria","status":"publish","type":"post","link":"https:\/\/agora-eoi.xtec.cat\/eoisabadell\/general\/resultats-finals-de-lalumnat-oficial-i-dels-candidats-lliures-de-la-convocatoria-ordinaria\/","title":{"rendered":"Publicaci\u00f3 Resultats Alumnat Oficial i Candidats Lliures Convocat\u00f2ria Ordin\u00e0ria maig-juny 2024"},"content":{"rendered":"<p><a href=\"https:\/\/agora-eoi.xtec.cat\/eoisabadell\/wp-content\/uploads\/usu2240\/2020\/06\/Resultado.jpg\"><img loading=\"lazy\" decoding=\"async\" class=\"wp-image-12638 aligncenter\" src=\"https:\/\/agora-eoi.xtec.cat\/eoisabadell\/wp-content\/uploads\/usu2240\/2020\/06\/Resultado.jpg\" alt=\"\" width=\"237\" height=\"177\" srcset=\"https:\/\/agora-eoi.xtec.cat\/eoisabadell\/wp-content\/uploads\/usu2240\/2020\/06\/Resultado.jpg 626w, https:\/\/agora-eoi.xtec.cat\/eoisabadell\/wp-content\/uploads\/usu2240\/2020\/06\/Resultado-300x224.jpg 300w, https:\/\/agora-eoi.xtec.cat\/eoisabadell\/wp-content\/uploads\/usu2240\/2020\/06\/Resultado-200x150.jpg 200w\" sizes=\"auto, (max-width: 237px) 100vw, 237px\" \/><\/a>Resultats de les proves<strong> a partir del dia 23 de juny 2025 (a les 00.01h) i tamb\u00e9 al tauler de l&#8217;escola:<\/strong><\/p>\n<ul>\n<li><a href=\"https:\/\/agora-eoi.xtec.cat\/eoisabadell\/general\/acces-a-larea-dalumnat\/\"><span style=\"font-family: inherit; font-size: 1em;\"><strong>Alumnat oficial <\/strong><\/span><\/a><span style=\"font-family: inherit; font-size: 1em;\">(cliqueu <a href=\"https:\/\/docs.google.com\/document\/d\/1evpOtYVvo4AjvmqPmmYojPUhFijsHlbb3K39Umy-2b4\/edit?usp=sharing\" target=\"_blank\" rel=\"noopener\">aqu\u00ed per veure instruccions per<strong> Accedir \u00c0rea Alumnat i Consultar Resultats<\/strong><\/a>)<\/span><\/li>\n<li><a href=\"https:\/\/educacio.gencat.cat\/ca\/serveis-tramits\/proves\/proves-lliures-obtencio-titols\/convocat-ordinaria-idiomes\/consulta-resultats\/\"><strong>Candidats lliures<\/strong><\/a><\/li>\n<\/ul>\n<p>Revisi\u00f3 d&#8217;ex\u00e0mens fins el <span style=\"text-decoration: underline;\">27 de juny 2025 (12.00h)<\/span>.*<\/p>\n<pre><span style=\"color: #0000ff;\"><strong>*IMPORTANT: <\/strong>Si voleu fer revisi\u00f3 del vostre examen, haureu de demanar <strong>CITA PR\u00c8VIA, <\/strong>contactant amb el vostre professor\/a o amb el departament de l'idioma corresponent (consulteu adreces de correu electr\u00f2nic a la pestanya \"<em>Idiomes\"<\/em> del nostre web). Horaris per revisi\u00f3:\r\n\r\n<\/span><\/pre>\n<ul>\n<li><span style=\"color: #0000ff;\"><span style=\"text-decoration: underline;\">23 de juny 2025:<\/span> (nom\u00e9s mat\u00ed) de 10:00 a 13:00h.<\/span><\/li>\n<li><span style=\"color: #0000ff;\"><span style=\"text-decoration: underline;\">25 i 26 de juny 2025:<\/span> de 10:00 a 13:00 i de 16:00 a 20:00h.<\/span><\/li>\n<li><span style=\"color: #0000ff;\"><span style=\"text-decoration: underline;\">27 de juny:<\/span> (nom\u00e9s mat\u00ed) de 10:00 a 12:00h <\/span><\/li>\n<\/ul>\n<p><span style=\"color: #0000ff;\">Publicaci\u00f3 de resultats definitius dl. 30 de juny de 2025.<\/span><\/p>\n","protected":false},"excerpt":{"rendered":"<p><a href=\"https:\/\/agora-eoi.xtec.cat\/eoisabadell\/wp-content\/uploads\/usu2240\/2020\/06\/Resultado.jpg\"><\/a>Resultats de les proves a partir del dia 23 de juny 2025 (a les 00.01h) i tamb\u00e9 al tauler de l&#8217;escola:<\/p>\n<ul>\n<li><a href=\"https:\/\/agora-eoi.xtec.cat\/eoisabadell\/general\/acces-a-larea-dalumnat\/\">Alumnat oficial <\/a>(cliqueu <a href=\"https:\/\/docs.google.com\/document\/d\/1evpOtYVvo4AjvmqPmmYojPUhFijsHlbb3K39Umy-2b4\/edit?usp=sharing\" target=\"_blank\" rel=\"noopener\">aqu\u00ed per veure instruccions per Accedir \u00c0rea Alumnat i Consultar Resultats<\/a>)<\/li>\n<li><a href=\"https:\/\/educacio.gencat.cat\/ca\/serveis-tramits\/proves\/proves-lliures-obtencio-titols\/convocat-ordinaria-idiomes\/consulta-resultats\/\">Candidats lliures<\/a><\/li>\n<\/ul>\n<p>Revisi\u00f3 d&#8217;ex\u00e0mens fins el 27&hellip;  <a href=\"https:\/\/agora-eoi.xtec.cat\/eoisabadell\/general\/resultats-finals-de-lalumnat-oficial-i-dels-candidats-lliures-de-la-convocatoria-ordinaria\/\" title=\"Read Publicaci\u00f3 Resultats Alumnat Oficial i Candidats Lliures Convocat\u00f2ria Ordin\u00e0ria maig-juny 2024\">Llegeix m\u00e9s\u00bb<\/a><\/p>\n","protected":false},"author":7,"featured_media":12638,"comment_status":"closed","ping_status":"closed","sticky":false,"template":"","format":"standard","meta":{"_bbp_topic_count":0,"_bbp_reply_count":0,"_bbp_total_topic_count":0,"_bbp_total_reply_count":0,"_bbp_voice_count":0,"_bbp_anonymous_reply_count":0,"_bbp_topic_count_hidden":0,"_bbp_reply_count_hidden":0,"_bbp_forum_subforum_count":0,"footnotes":""},"categories":[1],"tags":[],"class_list":["post-9692","post","type-post","status-publish","format-standard","has-post-thumbnail","hentry","category-general"],"post_mailing_queue_ids":[],"_links":{"self":[{"href":"https:\/\/agora-eoi.xtec.cat\/eoisabadell\/wp-json\/wp\/v2\/posts\/9692","targetHints":{"allow":["GET"]}}],"collection":[{"href":"https:\/\/agora-eoi.xtec.cat\/eoisabadell\/wp-json\/wp\/v2\/posts"}],"about":[{"href":"https:\/\/agora-eoi.xtec.cat\/eoisabadell\/wp-json\/wp\/v2\/types\/post"}],"author":[{"embeddable":true,"href":"https:\/\/agora-eoi.xtec.cat\/eoisabadell\/wp-json\/wp\/v2\/users\/7"}],"replies":[{"embeddable":true,"href":"https:\/\/agora-eoi.xtec.cat\/eoisabadell\/wp-json\/wp\/v2\/comments?post=9692"}],"version-history":[{"count":6,"href":"https:\/\/agora-eoi.xtec.cat\/eoisabadell\/wp-json\/wp\/v2\/posts\/9692\/revisions"}],"predecessor-version":[{"id":17893,"href":"https:\/\/agora-eoi.xtec.cat\/eoisabadell\/wp-json\/wp\/v2\/posts\/9692\/revisions\/17893"}],"wp:featuredmedia":[{"embeddable":true,"href":"https:\/\/agora-eoi.xtec.cat\/eoisabadell\/wp-json\/wp\/v2\/media\/12638"}],"wp:attachment":[{"href":"https:\/\/agora-eoi.xtec.cat\/eoisabadell\/wp-json\/wp\/v2\/media?parent=9692"}],"wp:term":[{"taxonomy":"category","embeddable":true,"href":"https:\/\/agora-eoi.xtec.cat\/eoisabadell\/wp-json\/wp\/v2\/categories?post=9692"},{"taxonomy":"post_tag","embeddable":true,"href":"https:\/\/agora-eoi.xtec.cat\/eoisabadell\/wp-json\/wp\/v2\/tags?post=9692"}],"curies":[{"name":"wp","href":"https:\/\/api.w.org\/{rel}","templated":true}]}}