{"id":17754,"date":"2025-04-22T14:33:02","date_gmt":"2025-04-22T12:33:02","guid":{"rendered":"https:\/\/agora-eoi.xtec.cat\/eoisabadell\/?p=17754"},"modified":"2025-11-24T11:49:32","modified_gmt":"2025-11-24T10:49:32","slug":"obres-guanyadores-concurs-fotografic-portades-i-mes-enlla-bookface","status":"publish","type":"post","link":"https:\/\/agora-eoi.xtec.cat\/eoisabadell\/general\/obres-guanyadores-concurs-fotografic-portades-i-mes-enlla-bookface\/","title":{"rendered":"Obres guanyadores Concurs Fotogr\u00e0fic &#8216;Portades i m\u00e9s enll\u00e0 (bookface)&#8217;"},"content":{"rendered":"<p><a href=\"https:\/\/agora-eoi.xtec.cat\/eoisabadell\/wp-content\/uploads\/usu2240\/2024\/04\/San-Jordi-2025-Portades-i-mes-enlla.jpg\"><img loading=\"lazy\" decoding=\"async\" class=\"aligncenter size-medium wp-image-17680\" src=\"https:\/\/agora-eoi.xtec.cat\/eoisabadell\/wp-content\/uploads\/usu2240\/2024\/04\/San-Jordi-2025-Portades-i-mes-enlla-300x300.jpg\" alt=\"\" width=\"300\" height=\"300\" srcset=\"https:\/\/agora-eoi.xtec.cat\/eoisabadell\/wp-content\/uploads\/usu2240\/2024\/04\/San-Jordi-2025-Portades-i-mes-enlla-300x300.jpg 300w, https:\/\/agora-eoi.xtec.cat\/eoisabadell\/wp-content\/uploads\/usu2240\/2024\/04\/San-Jordi-2025-Portades-i-mes-enlla-1024x1024.jpg 1024w, https:\/\/agora-eoi.xtec.cat\/eoisabadell\/wp-content\/uploads\/usu2240\/2024\/04\/San-Jordi-2025-Portades-i-mes-enlla-150x150.jpg 150w, https:\/\/agora-eoi.xtec.cat\/eoisabadell\/wp-content\/uploads\/usu2240\/2024\/04\/San-Jordi-2025-Portades-i-mes-enlla-768x768.jpg 768w, https:\/\/agora-eoi.xtec.cat\/eoisabadell\/wp-content\/uploads\/usu2240\/2024\/04\/San-Jordi-2025-Portades-i-mes-enlla.jpg 1080w\" sizes=\"auto, (max-width: 300px) 100vw, 300px\" \/><\/a>Ens plau comunicar-vos els noms de <strong>les obres guanyadores<\/strong> del Concurs fotogr\u00e0fic &#8216;Portades i m\u00e9s enll\u00e0 (bookface)&#8217;:<\/p>\n<p><strong>Alemany<\/strong>: Mariona J.G.<\/p>\n<p><strong>Angl\u00e8s<\/strong>: N\u00faria R.P.<\/p>\n<p><strong>Catal\u00e0<\/strong>: Sophie A.G.<\/p>\n<p><strong>Franc\u00e8s<\/strong>: Laura P.C.<\/p>\n<p>El lliurament de premis tindr\u00e0 lloc el dimecres 23 d&#8217;abril a la Sala d&#8217;Actes de l&#8217;escola de 18h a 19h.<\/p>\n<p>Despr\u00e9s del lliurament de premis, les obres guanyadores i totes les participants seguiran exposades al vest\u00edbul de l&#8217;escola.<\/p>\n<p>Des de l&#8217;EOI de Sabadell, volem agrair molt especialment l&#8217;esfor\u00e7, la creativitat i la participaci\u00f3 de tot l&#8217;alumnat. Sense vosaltres, aquest concurs no hauria estat possible!<\/p>\n","protected":false},"excerpt":{"rendered":"<p><a href=\"https:\/\/agora-eoi.xtec.cat\/eoisabadell\/wp-content\/uploads\/usu2240\/2024\/04\/San-Jordi-2025-Portades-i-mes-enlla.jpg\"><\/a>Ens plau comunicar-vos els noms de les obres guanyadores del Concurs fotogr\u00e0fic &#8216;Portades i m\u00e9s enll\u00e0 (bookface)&#8217;:<br \/>\nAlemany: Mariona J.G.<br \/>\nAngl\u00e8s: N\u00faria R.P.<br \/>\nCatal\u00e0: Sophie A.G.<br \/>\nFranc\u00e8s: Laura P.C.<br \/>\nEl lliurament de premis tindr\u00e0 lloc el dimecres 23 d&#8217;abril a la Sala d&#8217;Actes de l&#8217;escola de 18h a 19h.<br \/>\nDespr\u00e9s&hellip;  <a href=\"https:\/\/agora-eoi.xtec.cat\/eoisabadell\/general\/obres-guanyadores-concurs-fotografic-portades-i-mes-enlla-bookface\/\" title=\"Read Obres guanyadores Concurs Fotogr\u00e0fic &#8216;Portades i m\u00e9s enll\u00e0 (bookface)&#8217;\">Llegeix m\u00e9s\u00bb<\/a><\/p>\n","protected":false},"author":7,"featured_media":17680,"comment_status":"closed","ping_status":"closed","sticky":false,"template":"","format":"standard","meta":{"_bbp_topic_count":0,"_bbp_reply_count":0,"_bbp_total_topic_count":0,"_bbp_total_reply_count":0,"_bbp_voice_count":0,"_bbp_anonymous_reply_count":0,"_bbp_topic_count_hidden":0,"_bbp_reply_count_hidden":0,"_bbp_forum_subforum_count":0,"footnotes":""},"categories":[1],"tags":[],"class_list":["post-17754","post","type-post","status-publish","format-standard","has-post-thumbnail","hentry","category-general"],"post_mailing_queue_ids":[],"_links":{"self":[{"href":"https:\/\/agora-eoi.xtec.cat\/eoisabadell\/wp-json\/wp\/v2\/posts\/17754","targetHints":{"allow":["GET"]}}],"collection":[{"href":"https:\/\/agora-eoi.xtec.cat\/eoisabadell\/wp-json\/wp\/v2\/posts"}],"about":[{"href":"https:\/\/agora-eoi.xtec.cat\/eoisabadell\/wp-json\/wp\/v2\/types\/post"}],"author":[{"embeddable":true,"href":"https:\/\/agora-eoi.xtec.cat\/eoisabadell\/wp-json\/wp\/v2\/users\/7"}],"replies":[{"embeddable":true,"href":"https:\/\/agora-eoi.xtec.cat\/eoisabadell\/wp-json\/wp\/v2\/comments?post=17754"}],"version-history":[{"count":2,"href":"https:\/\/agora-eoi.xtec.cat\/eoisabadell\/wp-json\/wp\/v2\/posts\/17754\/revisions"}],"predecessor-version":[{"id":17756,"href":"https:\/\/agora-eoi.xtec.cat\/eoisabadell\/wp-json\/wp\/v2\/posts\/17754\/revisions\/17756"}],"wp:featuredmedia":[{"embeddable":true,"href":"https:\/\/agora-eoi.xtec.cat\/eoisabadell\/wp-json\/wp\/v2\/media\/17680"}],"wp:attachment":[{"href":"https:\/\/agora-eoi.xtec.cat\/eoisabadell\/wp-json\/wp\/v2\/media?parent=17754"}],"wp:term":[{"taxonomy":"category","embeddable":true,"href":"https:\/\/agora-eoi.xtec.cat\/eoisabadell\/wp-json\/wp\/v2\/categories?post=17754"},{"taxonomy":"post_tag","embeddable":true,"href":"https:\/\/agora-eoi.xtec.cat\/eoisabadell\/wp-json\/wp\/v2\/tags?post=17754"}],"curies":[{"name":"wp","href":"https:\/\/api.w.org\/{rel}","templated":true}]}}