{"id":15632,"date":"2023-02-16T23:30:44","date_gmt":"2023-02-16T22:30:44","guid":{"rendered":"https:\/\/agora-eoi.xtec.cat\/eoisabadell\/?p=15632"},"modified":"2023-03-07T10:56:49","modified_gmt":"2023-03-07T09:56:49","slug":"publicacio-resultat-candidats-lliures-c1-angles-convocatoria-extraordinaria-febrer-2023","status":"publish","type":"post","link":"https:\/\/agora-eoi.xtec.cat\/eoisabadell\/general\/publicacio-resultat-candidats-lliures-c1-angles-convocatoria-extraordinaria-febrer-2023\/","title":{"rendered":"Publicaci\u00f3 Resultat Candidats Lliures C1 Angl\u00e8s Convocat\u00f2ria Extraordin\u00e0ria febrer 2023"},"content":{"rendered":"<p><a href=\"https:\/\/agora-eoi.xtec.cat\/eoisabadell\/wp-content\/uploads\/usu2240\/2020\/06\/Resultado.jpg\"><img loading=\"lazy\" decoding=\"async\" class=\"aligncenter wp-image-12638\" src=\"https:\/\/agora-eoi.xtec.cat\/eoisabadell\/wp-content\/uploads\/usu2240\/2020\/06\/Resultado.jpg\" alt=\"\" width=\"206\" height=\"154\" srcset=\"https:\/\/agora-eoi.xtec.cat\/eoisabadell\/wp-content\/uploads\/usu2240\/2020\/06\/Resultado.jpg 626w, https:\/\/agora-eoi.xtec.cat\/eoisabadell\/wp-content\/uploads\/usu2240\/2020\/06\/Resultado-300x224.jpg 300w, https:\/\/agora-eoi.xtec.cat\/eoisabadell\/wp-content\/uploads\/usu2240\/2020\/06\/Resultado-200x150.jpg 200w\" sizes=\"auto, (max-width: 206px) 100vw, 206px\" \/><\/a><\/p>\n<p>Resultats de les proves<strong> a partir del dilluns 20 de febrer (a les 00.01h) en <a href=\"https:\/\/educacio.gencat.cat\/ca\/serveis-tramits\/proves\/proves-lliures-obtencio-titols\/convocat-extraord-idiomes\/consulta-resultats\/\" target=\"_blank\" rel=\"noopener\">aquest enlla\u00e7<\/a> i tamb\u00e9 al taulell de l&#8217;escola a partir del dimarts 21.<\/strong><\/p>\n<h6><strong>Revisi\u00f3 d&#8217;ex\u00e0mens (amb CITA PR\u00c8VIA a\u00a0 angles@eoisabadell.cat)\u00a0 <span style=\"text-decoration: underline;\">del dimarts 21 a les 12h al dijous 23 de febrer<\/span>\u00a0<\/strong><b><br \/>\n<\/b><\/h6>\n<h6><\/h6>\n<h6><strong>Publicaci\u00f3 resultats definitius: divendres 24 de febrer al web i taulell de l&#8217;escola<\/strong><\/h6>\n<p>&nbsp;<\/p>\n","protected":false},"excerpt":{"rendered":"<p><a href=\"https:\/\/agora-eoi.xtec.cat\/eoisabadell\/wp-content\/uploads\/usu2240\/2020\/06\/Resultado.jpg\"><\/a><br \/>\nResultats de les proves a partir del dilluns 20 de febrer (a les 00.01h) en <a href=\"https:\/\/educacio.gencat.cat\/ca\/serveis-tramits\/proves\/proves-lliures-obtencio-titols\/convocat-extraord-idiomes\/consulta-resultats\/\" target=\"_blank\" rel=\"noopener\">aquest enlla\u00e7<\/a> i tamb\u00e9 al taulell de l&#8217;escola a partir del dimarts 21.<br \/>\nRevisi\u00f3 d&#8217;ex\u00e0mens (amb CITA PR\u00c8VIA a\u00a0 angles@eoisabadell.cat)\u00a0 del dimarts 21 a les 12h al&hellip;  <a href=\"https:\/\/agora-eoi.xtec.cat\/eoisabadell\/general\/publicacio-resultat-candidats-lliures-c1-angles-convocatoria-extraordinaria-febrer-2023\/\" title=\"Read Publicaci\u00f3 Resultat Candidats Lliures C1 Angl\u00e8s Convocat\u00f2ria Extraordin\u00e0ria febrer 2023\">Llegeix m\u00e9s\u00bb<\/a><\/p>\n","protected":false},"author":7,"featured_media":0,"comment_status":"closed","ping_status":"closed","sticky":true,"template":"","format":"standard","meta":{"_bbp_topic_count":0,"_bbp_reply_count":0,"_bbp_total_topic_count":0,"_bbp_total_reply_count":0,"_bbp_voice_count":0,"_bbp_anonymous_reply_count":0,"_bbp_topic_count_hidden":0,"_bbp_reply_count_hidden":0,"_bbp_forum_subforum_count":0,"footnotes":""},"categories":[1],"tags":[],"class_list":["post-15632","post","type-post","status-publish","format-standard","hentry","category-general"],"post_mailing_queue_ids":[],"_links":{"self":[{"href":"https:\/\/agora-eoi.xtec.cat\/eoisabadell\/wp-json\/wp\/v2\/posts\/15632","targetHints":{"allow":["GET"]}}],"collection":[{"href":"https:\/\/agora-eoi.xtec.cat\/eoisabadell\/wp-json\/wp\/v2\/posts"}],"about":[{"href":"https:\/\/agora-eoi.xtec.cat\/eoisabadell\/wp-json\/wp\/v2\/types\/post"}],"author":[{"embeddable":true,"href":"https:\/\/agora-eoi.xtec.cat\/eoisabadell\/wp-json\/wp\/v2\/users\/7"}],"replies":[{"embeddable":true,"href":"https:\/\/agora-eoi.xtec.cat\/eoisabadell\/wp-json\/wp\/v2\/comments?post=15632"}],"version-history":[{"count":3,"href":"https:\/\/agora-eoi.xtec.cat\/eoisabadell\/wp-json\/wp\/v2\/posts\/15632\/revisions"}],"predecessor-version":[{"id":15688,"href":"https:\/\/agora-eoi.xtec.cat\/eoisabadell\/wp-json\/wp\/v2\/posts\/15632\/revisions\/15688"}],"wp:attachment":[{"href":"https:\/\/agora-eoi.xtec.cat\/eoisabadell\/wp-json\/wp\/v2\/media?parent=15632"}],"wp:term":[{"taxonomy":"category","embeddable":true,"href":"https:\/\/agora-eoi.xtec.cat\/eoisabadell\/wp-json\/wp\/v2\/categories?post=15632"},{"taxonomy":"post_tag","embeddable":true,"href":"https:\/\/agora-eoi.xtec.cat\/eoisabadell\/wp-json\/wp\/v2\/tags?post=15632"}],"curies":[{"name":"wp","href":"https:\/\/api.w.org\/{rel}","templated":true}]}}