{"id":15169,"date":"2025-05-06T15:00:29","date_gmt":"2025-05-06T13:00:29","guid":{"rendered":"https:\/\/agora-eoi.xtec.cat\/eoisabadell\/?p=15169"},"modified":"2025-05-06T18:47:57","modified_gmt":"2025-05-06T16:47:57","slug":"atencio-la-setmana-del-26-al-30-de-setembre-no-hi-haura-atencio-telefonica","status":"publish","type":"post","link":"https:\/\/agora-eoi.xtec.cat\/eoisabadell\/general\/atencio-la-setmana-del-26-al-30-de-setembre-no-hi-haura-atencio-telefonica\/","title":{"rendered":"ATENCI\u00d3: Dilluns, 5 maig 2025- NO es pot oferir atenci\u00f3 telef\u00f2nica"},"content":{"rendered":"<p><a href=\"https:\/\/agora-eoi.xtec.cat\/eoisabadell\/wp-content\/uploads\/usu2240\/2025\/05\/telefon-no-funciona.jpeg\"><img loading=\"lazy\" decoding=\"async\" class=\"aligncenter size-full wp-image-17780\" src=\"https:\/\/agora-eoi.xtec.cat\/eoisabadell\/wp-content\/uploads\/usu2240\/2025\/05\/telefon-no-funciona.jpeg\" alt=\"\" width=\"227\" height=\"222\" \/><\/a><\/p>\n<p>ATENCI\u00d3: Arran d&#8217;una incid\u00e8ncia t\u00e8cnica, estem tenint<strong> problemes amb les trucades telef\u00f2niques, avui, dilluns, 5 de maig de 2025.<\/strong><\/p>\n<p>Trobareu tota la informaci\u00f3 al nostre web i si teniu cap altra consulta o petici\u00f3, escriviu un missatge a <a href=\"mailto:secretaria@eoisabadell.cat\">secretaria@eoisabadell.cat<\/a>, <strong>especificant el vostre NOM i DNI<\/strong> en el cos del missatge. <span style=\"text-decoration: underline;\">No atendrem cap consulta ni petici\u00f3 que no contingui aquestes dades.<\/span><\/p>\n<p>Disculpeu les mol\u00e8sties.<\/p>\n","protected":false},"excerpt":{"rendered":"<p><a href=\"https:\/\/agora-eoi.xtec.cat\/eoisabadell\/wp-content\/uploads\/usu2240\/2025\/05\/telefon-no-funciona.jpeg\"><\/a><br \/>\nATENCI\u00d3: Arran d&#8217;una incid\u00e8ncia t\u00e8cnica, estem tenint problemes amb les trucades telef\u00f2niques, avui, dilluns, 5 de maig de 2025.<br \/>\nTrobareu tota la informaci\u00f3 al nostre web i si teniu cap altra consulta o petici\u00f3, escriviu un missatge a <a href=\"mailto:secretaria@eoisabadell.cat\">secretaria@eoisabadell.cat<\/a>, especificant el vostre NOM i&hellip;  <a href=\"https:\/\/agora-eoi.xtec.cat\/eoisabadell\/general\/atencio-la-setmana-del-26-al-30-de-setembre-no-hi-haura-atencio-telefonica\/\" title=\"Read ATENCI\u00d3: Dilluns, 5 maig 2025- NO es pot oferir atenci\u00f3 telef\u00f2nica\">Llegeix m\u00e9s\u00bb<\/a><\/p>\n","protected":false},"author":7,"featured_media":0,"comment_status":"closed","ping_status":"closed","sticky":false,"template":"","format":"standard","meta":{"_bbp_topic_count":0,"_bbp_reply_count":0,"_bbp_total_topic_count":0,"_bbp_total_reply_count":0,"_bbp_voice_count":0,"_bbp_anonymous_reply_count":0,"_bbp_topic_count_hidden":0,"_bbp_reply_count_hidden":0,"_bbp_forum_subforum_count":0,"footnotes":""},"categories":[1],"tags":[],"class_list":["post-15169","post","type-post","status-publish","format-standard","hentry","category-general"],"post_mailing_queue_ids":[],"_links":{"self":[{"href":"https:\/\/agora-eoi.xtec.cat\/eoisabadell\/wp-json\/wp\/v2\/posts\/15169","targetHints":{"allow":["GET"]}}],"collection":[{"href":"https:\/\/agora-eoi.xtec.cat\/eoisabadell\/wp-json\/wp\/v2\/posts"}],"about":[{"href":"https:\/\/agora-eoi.xtec.cat\/eoisabadell\/wp-json\/wp\/v2\/types\/post"}],"author":[{"embeddable":true,"href":"https:\/\/agora-eoi.xtec.cat\/eoisabadell\/wp-json\/wp\/v2\/users\/7"}],"replies":[{"embeddable":true,"href":"https:\/\/agora-eoi.xtec.cat\/eoisabadell\/wp-json\/wp\/v2\/comments?post=15169"}],"version-history":[{"count":5,"href":"https:\/\/agora-eoi.xtec.cat\/eoisabadell\/wp-json\/wp\/v2\/posts\/15169\/revisions"}],"predecessor-version":[{"id":17782,"href":"https:\/\/agora-eoi.xtec.cat\/eoisabadell\/wp-json\/wp\/v2\/posts\/15169\/revisions\/17782"}],"wp:attachment":[{"href":"https:\/\/agora-eoi.xtec.cat\/eoisabadell\/wp-json\/wp\/v2\/media?parent=15169"}],"wp:term":[{"taxonomy":"category","embeddable":true,"href":"https:\/\/agora-eoi.xtec.cat\/eoisabadell\/wp-json\/wp\/v2\/categories?post=15169"},{"taxonomy":"post_tag","embeddable":true,"href":"https:\/\/agora-eoi.xtec.cat\/eoisabadell\/wp-json\/wp\/v2\/tags?post=15169"}],"curies":[{"name":"wp","href":"https:\/\/api.w.org\/{rel}","templated":true}]}}