{"id":14992,"date":"2022-09-05T14:07:52","date_gmt":"2022-09-05T12:07:52","guid":{"rendered":"https:\/\/agora-eoi.xtec.cat\/eoisabadell\/?p=14992"},"modified":"2022-09-17T15:07:49","modified_gmt":"2022-09-17T13:07:49","slug":"thas-preinscrit-pero-encara-no-has-fet-el-test-de-nivell-online-o-adjuntat-el-certificat-que-teximeix-de-fer-ho","status":"publish","type":"post","link":"https:\/\/agora-eoi.xtec.cat\/eoisabadell\/general\/thas-preinscrit-pero-encara-no-has-fet-el-test-de-nivell-online-o-adjuntat-el-certificat-que-teximeix-de-fer-ho\/","title":{"rendered":"T&#8217;has preinscrit per\u00f2 encara no has fet el test de nivell online o adjuntat el certificat que t&#8217;eximeix de fer-ho?"},"content":{"rendered":"<p><a href=\"https:\/\/agora-eoi.xtec.cat\/eoisabadell\/wp-content\/uploads\/usu2240\/2022\/09\/office-4613038_640.png\"><img loading=\"lazy\" decoding=\"async\" class=\"aligncenter wp-image-14990\" src=\"https:\/\/agora-eoi.xtec.cat\/eoisabadell\/wp-content\/uploads\/usu2240\/2022\/09\/office-4613038_640.png\" alt=\"\" width=\"364\" height=\"188\" srcset=\"https:\/\/agora-eoi.xtec.cat\/eoisabadell\/wp-content\/uploads\/usu2240\/2022\/09\/office-4613038_640.png 640w, https:\/\/agora-eoi.xtec.cat\/eoisabadell\/wp-content\/uploads\/usu2240\/2022\/09\/office-4613038_640-300x155.png 300w\" sizes=\"auto, (max-width: 364px) 100vw, 364px\" \/><\/a><strong>IMPORTANT!<\/strong><\/p>\n<p>Tot i que el termini per fer el<strong> test de nivell online<\/strong> \u00e9s del <strong>dilluns 12 de setembre<\/strong>, no ho deixis per l\u00b4\u00faltima hora! Poden haver-hi problemes inform\u00e0tics i que hagis de contactar l&#8217;escola i no puguis enllestir el proc\u00e9s dintre del termini. Recorda que quan tinguis el resultat, has de TRIAR GRUPS per a poder entrar en el sorteig.<\/p>\n<p>D&#8217;altra banda, tens <strong>fins el dimarts 13<\/strong> per adjuntar el teu <strong>document que t&#8217;eximeix de fer test de nivel<\/strong>l. Tanmateix, si\u00a0 a Secretaria considerem que el teu document NO \u00e9s v\u00e0lid, t&#8217;hem habilitat el test de nivell online i el termini per fer-ho \u00e9s<strong> dilluns 12 de setembre (23.59h)<\/strong><\/p>\n<p>El <strong>dimecres 14 de setembre a les 20h<\/strong> pots entrar al mateix <a href=\"https:\/\/www.eoidigital.com\/eoicat\/alumnes\/index.php?I=C\">enlla\u00e7 de la preinscripci\u00f3<\/a> i <strong>consulta<\/strong>r si t&#8217;ha tocat pla\u00e7a. Pots fer la <strong>matr\u00edcula fins el divendres 16<\/strong>.<\/p>\n<p>&nbsp;<\/p>\n<p>&nbsp;<\/p>\n<p>&nbsp;<\/p>\n<p>&nbsp;<\/p>\n<p>&nbsp;<\/p>\n","protected":false},"excerpt":{"rendered":"<p><a href=\"https:\/\/agora-eoi.xtec.cat\/eoisabadell\/wp-content\/uploads\/usu2240\/2022\/09\/office-4613038_640.png\"><\/a>IMPORTANT!<br \/>\nTot i que el termini per fer el test de nivell online \u00e9s del dilluns 12 de setembre, no ho deixis per l\u00b4\u00faltima hora! Poden haver-hi problemes inform\u00e0tics i que hagis de contactar l&#8217;escola i no puguis enllestir el proc\u00e9s dintre del termini. Recorda&hellip;  <a href=\"https:\/\/agora-eoi.xtec.cat\/eoisabadell\/general\/thas-preinscrit-pero-encara-no-has-fet-el-test-de-nivell-online-o-adjuntat-el-certificat-que-teximeix-de-fer-ho\/\" title=\"Read T&#8217;has preinscrit per\u00f2 encara no has fet el test de nivell online o adjuntat el certificat que t&#8217;eximeix de fer-ho?\">Llegeix m\u00e9s\u00bb<\/a><\/p>\n","protected":false},"author":7,"featured_media":14990,"comment_status":"closed","ping_status":"closed","sticky":false,"template":"","format":"standard","meta":{"_bbp_topic_count":0,"_bbp_reply_count":0,"_bbp_total_topic_count":0,"_bbp_total_reply_count":0,"_bbp_voice_count":0,"_bbp_anonymous_reply_count":0,"_bbp_topic_count_hidden":0,"_bbp_reply_count_hidden":0,"_bbp_forum_subforum_count":0,"footnotes":""},"categories":[1],"tags":[],"class_list":["post-14992","post","type-post","status-publish","format-standard","has-post-thumbnail","hentry","category-general"],"post_mailing_queue_ids":[],"_links":{"self":[{"href":"https:\/\/agora-eoi.xtec.cat\/eoisabadell\/wp-json\/wp\/v2\/posts\/14992","targetHints":{"allow":["GET"]}}],"collection":[{"href":"https:\/\/agora-eoi.xtec.cat\/eoisabadell\/wp-json\/wp\/v2\/posts"}],"about":[{"href":"https:\/\/agora-eoi.xtec.cat\/eoisabadell\/wp-json\/wp\/v2\/types\/post"}],"author":[{"embeddable":true,"href":"https:\/\/agora-eoi.xtec.cat\/eoisabadell\/wp-json\/wp\/v2\/users\/7"}],"replies":[{"embeddable":true,"href":"https:\/\/agora-eoi.xtec.cat\/eoisabadell\/wp-json\/wp\/v2\/comments?post=14992"}],"version-history":[{"count":4,"href":"https:\/\/agora-eoi.xtec.cat\/eoisabadell\/wp-json\/wp\/v2\/posts\/14992\/revisions"}],"predecessor-version":[{"id":15017,"href":"https:\/\/agora-eoi.xtec.cat\/eoisabadell\/wp-json\/wp\/v2\/posts\/14992\/revisions\/15017"}],"wp:featuredmedia":[{"embeddable":true,"href":"https:\/\/agora-eoi.xtec.cat\/eoisabadell\/wp-json\/wp\/v2\/media\/14990"}],"wp:attachment":[{"href":"https:\/\/agora-eoi.xtec.cat\/eoisabadell\/wp-json\/wp\/v2\/media?parent=14992"}],"wp:term":[{"taxonomy":"category","embeddable":true,"href":"https:\/\/agora-eoi.xtec.cat\/eoisabadell\/wp-json\/wp\/v2\/categories?post=14992"},{"taxonomy":"post_tag","embeddable":true,"href":"https:\/\/agora-eoi.xtec.cat\/eoisabadell\/wp-json\/wp\/v2\/tags?post=14992"}],"curies":[{"name":"wp","href":"https:\/\/api.w.org\/{rel}","templated":true}]}}