{"id":14477,"date":"2022-01-23T11:45:53","date_gmt":"2022-01-23T10:45:53","guid":{"rendered":"https:\/\/agora-eoi.xtec.cat\/eoisabadell\/?p=14477"},"modified":"2022-04-19T14:13:44","modified_gmt":"2022-04-19T12:13:44","slug":"ultimes-places-club-lectura-alemany-b1-al-vapor-badia","status":"publish","type":"post","link":"https:\/\/agora-eoi.xtec.cat\/eoisabadell\/general\/ultimes-places-club-lectura-alemany-b1-al-vapor-badia\/","title":{"rendered":"\u00daltimes places Club Lectura Alemany B1 al Vapor Badia"},"content":{"rendered":"<p>&nbsp;<\/p>\n<p><a href=\"https:\/\/agora-eoi.xtec.cat\/eoisabadell\/wp-content\/uploads\/usu2240\/2022\/01\/Club-lectura-alemany-1.jpg\"><img loading=\"lazy\" decoding=\"async\" class=\"aligncenter wp-image-14480\" src=\"https:\/\/agora-eoi.xtec.cat\/eoisabadell\/wp-content\/uploads\/usu2240\/2022\/01\/Club-lectura-alemany-1.jpg\" alt=\"\" width=\"277\" height=\"156\" srcset=\"https:\/\/agora-eoi.xtec.cat\/eoisabadell\/wp-content\/uploads\/usu2240\/2022\/01\/Club-lectura-alemany-1.jpg 1280w, https:\/\/agora-eoi.xtec.cat\/eoisabadell\/wp-content\/uploads\/usu2240\/2022\/01\/Club-lectura-alemany-1-300x169.jpg 300w, https:\/\/agora-eoi.xtec.cat\/eoisabadell\/wp-content\/uploads\/usu2240\/2022\/01\/Club-lectura-alemany-1-1024x576.jpg 1024w, https:\/\/agora-eoi.xtec.cat\/eoisabadell\/wp-content\/uploads\/usu2240\/2022\/01\/Club-lectura-alemany-1-768x432.jpg 768w\" sizes=\"auto, (max-width: 277px) 100vw, 277px\" \/><\/a>Inici <span style=\"color: #0000ff;\"><strong>dimarts 22 de febrer a les 19h<\/strong> <\/span>amb l&#8217;obra <em><strong>Das<\/strong><\/em> <b><i>Wunschhaus und andere Geschichten<\/i><\/b><span style=\"font-weight: 400;\">, d&#8217;en Leonhard Thoma\u00a0<\/span><\/p>\n<p>Coordinaci\u00f3 \u00e0 c\u00e0rrec de la nostra companya Anna Maria Mu\u00f1oz.<\/p>\n<p>Inscripcions en<a href=\"https:\/\/docs.google.com\/forms\/d\/e\/1FAIpQLSeYN5UzLjH7uuoMCoa6lMaXXptzUE91i7vhdgzd5y130envgg\/viewform\"> aquest formulari<\/a>.<\/p>\n<p>Si voleu veure el llistat d&#8217;obres previstes per aquest any 2022, cliqueu <a href=\"https:\/\/docs.google.com\/document\/d\/1JCYOyPy7yfQNsU828kL-DP5YLMtI0QPF\/edit?usp=sharing&amp;ouid=101147511317961932195&amp;rtpof=true&amp;sd=true\">aqu\u00ed<\/a><\/p>\n","protected":false},"excerpt":{"rendered":"<p>&nbsp;<br \/>\n<a href=\"https:\/\/agora-eoi.xtec.cat\/eoisabadell\/wp-content\/uploads\/usu2240\/2022\/01\/Club-lectura-alemany-1.jpg\"><\/a>Inici dimarts 22 de febrer a les 19h amb l&#8217;obra Das Wunschhaus und andere Geschichten, d&#8217;en Leonhard Thoma\u00a0<br \/>\nCoordinaci\u00f3 \u00e0 c\u00e0rrec de la nostra companya Anna Maria Mu\u00f1oz.<br \/>\nInscripcions en<a href=\"https:\/\/docs.google.com\/forms\/d\/e\/1FAIpQLSeYN5UzLjH7uuoMCoa6lMaXXptzUE91i7vhdgzd5y130envgg\/viewform\"> aquest formulari<\/a>.<br \/>\nSi voleu veure el llistat d&#8217;obres previstes per aquest any 2022, cliqueu <a href=\"https:\/\/docs.google.com\/document\/d\/1JCYOyPy7yfQNsU828kL-DP5YLMtI0QPF\/edit?usp=sharing&amp;ouid=101147511317961932195&amp;rtpof=true&amp;sd=true\">aqu\u00ed<\/a><\/p>\n","protected":false},"author":7,"featured_media":0,"comment_status":"closed","ping_status":"closed","sticky":false,"template":"","format":"standard","meta":{"_bbp_topic_count":0,"_bbp_reply_count":0,"_bbp_total_topic_count":0,"_bbp_total_reply_count":0,"_bbp_voice_count":0,"_bbp_anonymous_reply_count":0,"_bbp_topic_count_hidden":0,"_bbp_reply_count_hidden":0,"_bbp_forum_subforum_count":0,"footnotes":""},"categories":[1],"tags":[],"class_list":["post-14477","post","type-post","status-publish","format-standard","hentry","category-general"],"post_mailing_queue_ids":[],"_links":{"self":[{"href":"https:\/\/agora-eoi.xtec.cat\/eoisabadell\/wp-json\/wp\/v2\/posts\/14477","targetHints":{"allow":["GET"]}}],"collection":[{"href":"https:\/\/agora-eoi.xtec.cat\/eoisabadell\/wp-json\/wp\/v2\/posts"}],"about":[{"href":"https:\/\/agora-eoi.xtec.cat\/eoisabadell\/wp-json\/wp\/v2\/types\/post"}],"author":[{"embeddable":true,"href":"https:\/\/agora-eoi.xtec.cat\/eoisabadell\/wp-json\/wp\/v2\/users\/7"}],"replies":[{"embeddable":true,"href":"https:\/\/agora-eoi.xtec.cat\/eoisabadell\/wp-json\/wp\/v2\/comments?post=14477"}],"version-history":[{"count":1,"href":"https:\/\/agora-eoi.xtec.cat\/eoisabadell\/wp-json\/wp\/v2\/posts\/14477\/revisions"}],"predecessor-version":[{"id":14481,"href":"https:\/\/agora-eoi.xtec.cat\/eoisabadell\/wp-json\/wp\/v2\/posts\/14477\/revisions\/14481"}],"wp:attachment":[{"href":"https:\/\/agora-eoi.xtec.cat\/eoisabadell\/wp-json\/wp\/v2\/media?parent=14477"}],"wp:term":[{"taxonomy":"category","embeddable":true,"href":"https:\/\/agora-eoi.xtec.cat\/eoisabadell\/wp-json\/wp\/v2\/categories?post=14477"},{"taxonomy":"post_tag","embeddable":true,"href":"https:\/\/agora-eoi.xtec.cat\/eoisabadell\/wp-json\/wp\/v2\/tags?post=14477"}],"curies":[{"name":"wp","href":"https:\/\/api.w.org\/{rel}","templated":true}]}}