{"id":14462,"date":"2022-01-18T23:07:13","date_gmt":"2022-01-18T22:07:13","guid":{"rendered":"https:\/\/agora-eoi.xtec.cat\/eoisabadell\/?p=14462"},"modified":"2022-03-15T13:01:22","modified_gmt":"2022-03-15T12:01:22","slug":"jordi-campoy-presenta-el-seu-nou-llibre-la-cantant-de-fado-dimecres-26-01-a-la-ues","status":"publish","type":"post","link":"https:\/\/agora-eoi.xtec.cat\/eoisabadell\/general\/jordi-campoy-presenta-el-seu-nou-llibre-la-cantant-de-fado-dimecres-26-01-a-la-ues\/","title":{"rendered":"La Cantant de Fado de Jordi Campoy, dimecres 26\/01, a les 19h a la UES"},"content":{"rendered":"<p><a href=\"https:\/\/agora-eoi.xtec.cat\/eoisabadell\/wp-content\/uploads\/usu2240\/2022\/01\/INSTA_LA-cantant-de-FADO-SABADELLv6.png\"><img loading=\"lazy\" decoding=\"async\" class=\"aligncenter wp-image-14464\" src=\"https:\/\/agora-eoi.xtec.cat\/eoisabadell\/wp-content\/uploads\/usu2240\/2022\/01\/INSTA_LA-cantant-de-FADO-SABADELLv6.png\" alt=\"\" width=\"539\" height=\"539\" srcset=\"https:\/\/agora-eoi.xtec.cat\/eoisabadell\/wp-content\/uploads\/usu2240\/2022\/01\/INSTA_LA-cantant-de-FADO-SABADELLv6.png 1080w, https:\/\/agora-eoi.xtec.cat\/eoisabadell\/wp-content\/uploads\/usu2240\/2022\/01\/INSTA_LA-cantant-de-FADO-SABADELLv6-300x300.png 300w, https:\/\/agora-eoi.xtec.cat\/eoisabadell\/wp-content\/uploads\/usu2240\/2022\/01\/INSTA_LA-cantant-de-FADO-SABADELLv6-1024x1024.png 1024w, https:\/\/agora-eoi.xtec.cat\/eoisabadell\/wp-content\/uploads\/usu2240\/2022\/01\/INSTA_LA-cantant-de-FADO-SABADELLv6-150x150.png 150w, https:\/\/agora-eoi.xtec.cat\/eoisabadell\/wp-content\/uploads\/usu2240\/2022\/01\/INSTA_LA-cantant-de-FADO-SABADELLv6-768x768.png 768w\" sizes=\"auto, (max-width: 539px) 100vw, 539px\" \/><\/a><\/p>\n<p>L&#8217;EOI de Sabadell us convida a la presentaci\u00f3 de <strong><em>La cantant de fado<\/em><\/strong> la segona novel\u00b7la del <strong>Jordi Campoy Boada<\/strong>, productor musical, pianista, compositor i escriptor sabadellenc.<\/p>\n<p>Interessant tert\u00falia amb delici\u00f3s acompanyament musical que ja vam tenir ocasi\u00f3 de gaudir a la nostra escola en la presentaci\u00f3 de la primera novel\u00b7la del mateix autor i que ara no podem acollir a la nostra escola per restriccions d&#8217;espai.<\/p>\n<ul>\n<li>Dia: <strong>dimecres, 26\/01\/2022<\/strong><\/li>\n<li>Hora: <strong>19h.<\/strong><\/li>\n<li>Lloc:<strong> UES (Carrer de la Salut, 14-16, Sabadell)<\/strong><\/li>\n<\/ul>\n<p>Entrada lliure. Aforament limitat.<\/p>\n<p>No us ho perdeu!<\/p>\n<p>&nbsp;<\/p>\n<p>&nbsp;<\/p>\n","protected":false},"excerpt":{"rendered":"<p><a href=\"https:\/\/agora-eoi.xtec.cat\/eoisabadell\/wp-content\/uploads\/usu2240\/2022\/01\/INSTA_LA-cantant-de-FADO-SABADELLv6.png\"><\/a><br \/>\nL&#8217;EOI de Sabadell us convida a la presentaci\u00f3 de La cantant de fado la segona novel\u00b7la del Jordi Campoy Boada, productor musical, pianista, compositor i escriptor sabadellenc.<br \/>\nInteressant tert\u00falia amb delici\u00f3s acompanyament musical que ja vam tenir ocasi\u00f3 de gaudir a la nostra escola en&hellip;  <a href=\"https:\/\/agora-eoi.xtec.cat\/eoisabadell\/general\/jordi-campoy-presenta-el-seu-nou-llibre-la-cantant-de-fado-dimecres-26-01-a-la-ues\/\" title=\"Read La Cantant de Fado de Jordi Campoy, dimecres 26\/01, a les 19h a la UES\">Llegeix m\u00e9s\u00bb<\/a><\/p>\n","protected":false},"author":7,"featured_media":14464,"comment_status":"closed","ping_status":"closed","sticky":true,"template":"","format":"standard","meta":{"_bbp_topic_count":0,"_bbp_reply_count":0,"_bbp_total_topic_count":0,"_bbp_total_reply_count":0,"_bbp_voice_count":0,"_bbp_anonymous_reply_count":0,"_bbp_topic_count_hidden":0,"_bbp_reply_count_hidden":0,"_bbp_forum_subforum_count":0,"footnotes":""},"categories":[1],"tags":[],"class_list":["post-14462","post","type-post","status-publish","format-standard","has-post-thumbnail","hentry","category-general"],"post_mailing_queue_ids":[],"_links":{"self":[{"href":"https:\/\/agora-eoi.xtec.cat\/eoisabadell\/wp-json\/wp\/v2\/posts\/14462","targetHints":{"allow":["GET"]}}],"collection":[{"href":"https:\/\/agora-eoi.xtec.cat\/eoisabadell\/wp-json\/wp\/v2\/posts"}],"about":[{"href":"https:\/\/agora-eoi.xtec.cat\/eoisabadell\/wp-json\/wp\/v2\/types\/post"}],"author":[{"embeddable":true,"href":"https:\/\/agora-eoi.xtec.cat\/eoisabadell\/wp-json\/wp\/v2\/users\/7"}],"replies":[{"embeddable":true,"href":"https:\/\/agora-eoi.xtec.cat\/eoisabadell\/wp-json\/wp\/v2\/comments?post=14462"}],"version-history":[{"count":4,"href":"https:\/\/agora-eoi.xtec.cat\/eoisabadell\/wp-json\/wp\/v2\/posts\/14462\/revisions"}],"predecessor-version":[{"id":14471,"href":"https:\/\/agora-eoi.xtec.cat\/eoisabadell\/wp-json\/wp\/v2\/posts\/14462\/revisions\/14471"}],"wp:featuredmedia":[{"embeddable":true,"href":"https:\/\/agora-eoi.xtec.cat\/eoisabadell\/wp-json\/wp\/v2\/media\/14464"}],"wp:attachment":[{"href":"https:\/\/agora-eoi.xtec.cat\/eoisabadell\/wp-json\/wp\/v2\/media?parent=14462"}],"wp:term":[{"taxonomy":"category","embeddable":true,"href":"https:\/\/agora-eoi.xtec.cat\/eoisabadell\/wp-json\/wp\/v2\/categories?post=14462"},{"taxonomy":"post_tag","embeddable":true,"href":"https:\/\/agora-eoi.xtec.cat\/eoisabadell\/wp-json\/wp\/v2\/tags?post=14462"}],"curies":[{"name":"wp","href":"https:\/\/api.w.org\/{rel}","templated":true}]}}