{"id":14027,"date":"2021-09-22T12:15:01","date_gmt":"2021-09-22T10:15:01","guid":{"rendered":"https:\/\/agora-eoi.xtec.cat\/eoisabadell\/?p=14027"},"modified":"2021-10-18T14:46:35","modified_gmt":"2021-10-18T12:46:35","slug":"repesca-places-vacants-dangles-b2-1-i-b2-2-i-tots-els-nivells-lalemany-frances-i-catala","status":"publish","type":"post","link":"https:\/\/agora-eoi.xtec.cat\/eoisabadell\/general\/repesca-places-vacants-dangles-b2-1-i-b2-2-i-tots-els-nivells-lalemany-frances-i-catala\/","title":{"rendered":"24\/09 ENCARA QUEDEN PLACES VACANTS D\u2019ANGL\u00c8S B2.1 I B2.2 i tots els nivells l\u2019alemany, franc\u00e8s i catal\u00e0"},"content":{"rendered":"<p><a href=\"https:\/\/agora-eoi.xtec.cat\/eoisabadell\/wp-content\/uploads\/usu2240\/2021\/09\/cadira.png\"><img loading=\"lazy\" decoding=\"async\" class=\"size-full wp-image-14075 aligncenter\" src=\"https:\/\/agora-eoi.xtec.cat\/eoisabadell\/wp-content\/uploads\/usu2240\/2021\/09\/cadira.png\" alt=\"\" width=\"213\" height=\"237\" \/><\/a><\/p>\n<p>&nbsp;<\/p>\n<p>Test de nivell <strong>en l\u00ednia nom\u00e9s per angl\u00e8s<\/strong> en <a href=\"https:\/\/www.eoidigital.com\/eoicattol\/alumnes\/\" target=\"_blank\" rel=\"noopener\">aquest enlla\u00e7.<\/a><\/p>\n<p>IMPORTANT: segueix <a href=\"https:\/\/agora-eoi.xtec.cat\/eoisabadell\/test-de-nivell-angles-en-linia\/\">aquestes recomanacions<\/a> i instruccions per fer el test.<\/p>\n<p style=\"text-align: justify;\"><strong><span style=\"color: #ff0000;\">ALEMANY, CATAL\u00c0 i FRANC\u00c8S, places a tots els nivells:<\/span><\/strong><\/p>\n<p style=\"text-align: justify;\">Ompliu<a href=\"https:\/\/docs.google.com\/forms\/d\/e\/1FAIpQLSfb5nedE2_p6WygN3whlKSksN8vmacYVXJGSVMvUR4qdRJIRg\/viewform?usp=sf_link\"> aquest formulari<\/a> i si heu de fer test de nivell, contacteu al department corresponent\u00a0\u00a0<a href=\"mailto:alemany@eoisabadell.cat\">alemany@eoisabadell.cat<\/a>\u00a0 \u00a0<a href=\"mailto:frances@eoisabadell.cat\">frances@eoisabadell.cat<\/a><\/p>\n<p>En tots els casos, <strong>us trucarem per formalitzar la matr\u00edcula<\/strong> si queden places disponibles.<\/p>\n","protected":false},"excerpt":{"rendered":"<p><a href=\"https:\/\/agora-eoi.xtec.cat\/eoisabadell\/wp-content\/uploads\/usu2240\/2021\/09\/cadira.png\"><\/a><br \/>\n&nbsp;<br \/>\nTest de nivell en l\u00ednia nom\u00e9s per angl\u00e8s en <a href=\"https:\/\/www.eoidigital.com\/eoicattol\/alumnes\/\" target=\"_blank\" rel=\"noopener\">aquest enlla\u00e7.<\/a><br \/>\nIMPORTANT: segueix <a href=\"https:\/\/agora-eoi.xtec.cat\/eoisabadell\/test-de-nivell-angles-en-linia\/\">aquestes recomanacions<\/a> i instruccions per fer el test.<br \/>\nALEMANY, CATAL\u00c0 i FRANC\u00c8S, places a tots els nivells:<br \/>\nOmpliu<a href=\"https:\/\/docs.google.com\/forms\/d\/e\/1FAIpQLSfb5nedE2_p6WygN3whlKSksN8vmacYVXJGSVMvUR4qdRJIRg\/viewform?usp=sf_link\"> aquest formulari<\/a> i si heu de fer test de nivell, contacteu&hellip;  <a href=\"https:\/\/agora-eoi.xtec.cat\/eoisabadell\/general\/repesca-places-vacants-dangles-b2-1-i-b2-2-i-tots-els-nivells-lalemany-frances-i-catala\/\" title=\"Read 24\/09 ENCARA QUEDEN PLACES VACANTS D\u2019ANGL\u00c8S B2.1 I B2.2 i tots els nivells l\u2019alemany, franc\u00e8s i catal\u00e0\">Llegeix m\u00e9s\u00bb<\/a><\/p>\n","protected":false},"author":7,"featured_media":14075,"comment_status":"closed","ping_status":"closed","sticky":false,"template":"","format":"standard","meta":{"_bbp_topic_count":0,"_bbp_reply_count":0,"_bbp_total_topic_count":0,"_bbp_total_reply_count":0,"_bbp_voice_count":0,"_bbp_anonymous_reply_count":0,"_bbp_topic_count_hidden":0,"_bbp_reply_count_hidden":0,"_bbp_forum_subforum_count":0,"footnotes":""},"categories":[1],"tags":[],"class_list":["post-14027","post","type-post","status-publish","format-standard","has-post-thumbnail","hentry","category-general"],"post_mailing_queue_ids":[],"_links":{"self":[{"href":"https:\/\/agora-eoi.xtec.cat\/eoisabadell\/wp-json\/wp\/v2\/posts\/14027","targetHints":{"allow":["GET"]}}],"collection":[{"href":"https:\/\/agora-eoi.xtec.cat\/eoisabadell\/wp-json\/wp\/v2\/posts"}],"about":[{"href":"https:\/\/agora-eoi.xtec.cat\/eoisabadell\/wp-json\/wp\/v2\/types\/post"}],"author":[{"embeddable":true,"href":"https:\/\/agora-eoi.xtec.cat\/eoisabadell\/wp-json\/wp\/v2\/users\/7"}],"replies":[{"embeddable":true,"href":"https:\/\/agora-eoi.xtec.cat\/eoisabadell\/wp-json\/wp\/v2\/comments?post=14027"}],"version-history":[{"count":3,"href":"https:\/\/agora-eoi.xtec.cat\/eoisabadell\/wp-json\/wp\/v2\/posts\/14027\/revisions"}],"predecessor-version":[{"id":14077,"href":"https:\/\/agora-eoi.xtec.cat\/eoisabadell\/wp-json\/wp\/v2\/posts\/14027\/revisions\/14077"}],"wp:featuredmedia":[{"embeddable":true,"href":"https:\/\/agora-eoi.xtec.cat\/eoisabadell\/wp-json\/wp\/v2\/media\/14075"}],"wp:attachment":[{"href":"https:\/\/agora-eoi.xtec.cat\/eoisabadell\/wp-json\/wp\/v2\/media?parent=14027"}],"wp:term":[{"taxonomy":"category","embeddable":true,"href":"https:\/\/agora-eoi.xtec.cat\/eoisabadell\/wp-json\/wp\/v2\/categories?post=14027"},{"taxonomy":"post_tag","embeddable":true,"href":"https:\/\/agora-eoi.xtec.cat\/eoisabadell\/wp-json\/wp\/v2\/tags?post=14027"}],"curies":[{"name":"wp","href":"https:\/\/api.w.org\/{rel}","templated":true}]}}