{"id":13435,"date":"2021-04-28T23:24:27","date_gmt":"2021-04-28T21:24:27","guid":{"rendered":"https:\/\/agora-eoi.xtec.cat\/eoisabadell\/?p=13435"},"modified":"2021-07-28T08:23:36","modified_gmt":"2021-07-28T06:23:36","slug":"preinscripcio-2021-2022-da1-a-c1-alumnat-nou","status":"publish","type":"post","link":"https:\/\/agora-eoi.xtec.cat\/eoisabadell\/general\/preinscripcio-2021-2022-da1-a-c1-alumnat-nou\/","title":{"rendered":"Preinscripci\u00f3 2021-2022 (d&#8217;A1 a C1) ALUMNAT NOU"},"content":{"rendered":"<p><a href=\"https:\/\/agora-eoi.xtec.cat\/eoisabadell\/wp-content\/uploads\/usu2240\/2020\/09\/descarga-ordenador.jpg\"><img loading=\"lazy\" decoding=\"async\" class=\"aligncenter size-full wp-image-12929\" src=\"https:\/\/agora-eoi.xtec.cat\/eoisabadell\/wp-content\/uploads\/usu2240\/2020\/09\/descarga-ordenador.jpg\" alt=\"\" width=\"299\" height=\"168\" \/><\/a><\/p>\n<p>El\u00a0per\u00edode de preinscripci\u00f3 per al curs 2021-2022 ser\u00e0 del 31 d\u2019agost fins al 3 de setembre.<\/p>\n<p>Per a m\u00e9s informaci\u00f3, consulteu la p\u00e0gina web del\u00a0<a href=\"https:\/\/preinscripcio.gencat.cat\/ca\/estudis\/idiomes-eoi\/informat\/calendari\/\">Departament d\u2019Educaci\u00f3.<\/a><\/p>\n","protected":false},"excerpt":{"rendered":"<p><a href=\"https:\/\/agora-eoi.xtec.cat\/eoisabadell\/wp-content\/uploads\/usu2240\/2020\/09\/descarga-ordenador.jpg\"><\/a><br \/>\nEl\u00a0per\u00edode de preinscripci\u00f3 per al curs 2021-2022 ser\u00e0 del 31 d\u2019agost fins al 3 de setembre.<br \/>\nPer a m\u00e9s informaci\u00f3, consulteu la p\u00e0gina web del\u00a0<a href=\"https:\/\/preinscripcio.gencat.cat\/ca\/estudis\/idiomes-eoi\/informat\/calendari\/\">Departament d\u2019Educaci\u00f3.<\/a><\/p>\n","protected":false},"author":7,"featured_media":12929,"comment_status":"closed","ping_status":"closed","sticky":false,"template":"","format":"standard","meta":{"_bbp_topic_count":0,"_bbp_reply_count":0,"_bbp_total_topic_count":0,"_bbp_total_reply_count":0,"_bbp_voice_count":0,"_bbp_anonymous_reply_count":0,"_bbp_topic_count_hidden":0,"_bbp_reply_count_hidden":0,"_bbp_forum_subforum_count":0,"footnotes":""},"categories":[1],"tags":[],"class_list":["post-13435","post","type-post","status-publish","format-standard","has-post-thumbnail","hentry","category-general"],"post_mailing_queue_ids":[],"_links":{"self":[{"href":"https:\/\/agora-eoi.xtec.cat\/eoisabadell\/wp-json\/wp\/v2\/posts\/13435","targetHints":{"allow":["GET"]}}],"collection":[{"href":"https:\/\/agora-eoi.xtec.cat\/eoisabadell\/wp-json\/wp\/v2\/posts"}],"about":[{"href":"https:\/\/agora-eoi.xtec.cat\/eoisabadell\/wp-json\/wp\/v2\/types\/post"}],"author":[{"embeddable":true,"href":"https:\/\/agora-eoi.xtec.cat\/eoisabadell\/wp-json\/wp\/v2\/users\/7"}],"replies":[{"embeddable":true,"href":"https:\/\/agora-eoi.xtec.cat\/eoisabadell\/wp-json\/wp\/v2\/comments?post=13435"}],"version-history":[{"count":3,"href":"https:\/\/agora-eoi.xtec.cat\/eoisabadell\/wp-json\/wp\/v2\/posts\/13435\/revisions"}],"predecessor-version":[{"id":13794,"href":"https:\/\/agora-eoi.xtec.cat\/eoisabadell\/wp-json\/wp\/v2\/posts\/13435\/revisions\/13794"}],"wp:featuredmedia":[{"embeddable":true,"href":"https:\/\/agora-eoi.xtec.cat\/eoisabadell\/wp-json\/wp\/v2\/media\/12929"}],"wp:attachment":[{"href":"https:\/\/agora-eoi.xtec.cat\/eoisabadell\/wp-json\/wp\/v2\/media?parent=13435"}],"wp:term":[{"taxonomy":"category","embeddable":true,"href":"https:\/\/agora-eoi.xtec.cat\/eoisabadell\/wp-json\/wp\/v2\/categories?post=13435"},{"taxonomy":"post_tag","embeddable":true,"href":"https:\/\/agora-eoi.xtec.cat\/eoisabadell\/wp-json\/wp\/v2\/tags?post=13435"}],"curies":[{"name":"wp","href":"https:\/\/api.w.org\/{rel}","templated":true}]}}