{"id":13430,"date":"2021-04-29T11:55:40","date_gmt":"2021-04-29T09:55:40","guid":{"rendered":"https:\/\/agora-eoi.xtec.cat\/eoisabadell\/?p=13430"},"modified":"2021-05-11T09:53:33","modified_gmt":"2021-05-11T07:53:33","slug":"resultats-de-les-proves-lliures-b1-i-b2-per-als-alumnes-del-programa-experimental-convocatoria-adrecada-exclusivament-a-escolars","status":"publish","type":"post","link":"https:\/\/agora-eoi.xtec.cat\/eoisabadell\/general\/resultats-de-les-proves-lliures-b1-i-b2-per-als-alumnes-del-programa-experimental-convocatoria-adrecada-exclusivament-a-escolars\/","title":{"rendered":"NOU CALENDARI Resultats de les proves lliures (B1 i B2) per als alumnes del programa experimental (convocat\u00f2ria adre\u00e7ada exclusivament a escolars)"},"content":{"rendered":"<p>A causa d&#8217;una incid\u00e8ncia inform\u00e0tica, us comuniquem el nou calendari de la publicaci\u00f3 de qualificacions i reclamacions:<\/p>\n<ul>\n<li>Resultats provisionals: 3 de maig de 2021 a la p\u00e0gina web del Departament d\u2019Educaci\u00f3. Cliqueu\u00a0<a href=\"http:\/\/educacio.gencat.cat\/ca\/serveis-tramits\/proves\/proves-lliures-obtencio-titols\/convocat-extraord-idiomes\/consulta-resultats\/\">aqu\u00ed<\/a><\/li>\n<li>Reclamacions: fins les 12.00h del 7 de maig de 2021.<\/li>\n<li>Qualificacions definitives:\u00a0 10 de maig de 2021<\/li>\n<\/ul>\n","protected":false},"excerpt":{"rendered":"<p>A causa d&#8217;una incid\u00e8ncia inform\u00e0tica, us comuniquem el nou calendari de la publicaci\u00f3 de qualificacions i reclamacions:<\/p>\n<ul>\n<li>Resultats provisionals: 3 de maig de 2021 a la p\u00e0gina web del Departament d\u2019Educaci\u00f3. Cliqueu\u00a0<a href=\"http:\/\/educacio.gencat.cat\/ca\/serveis-tramits\/proves\/proves-lliures-obtencio-titols\/convocat-extraord-idiomes\/consulta-resultats\/\">aqu\u00ed<\/a><\/li>\n<li>Reclamacions: fins les 12.00h del 7 de maig de 2021.<\/li>\n<li>Qualificacions definitives:\u00a0 10 de maig&hellip;  <a href=\"https:\/\/agora-eoi.xtec.cat\/eoisabadell\/general\/resultats-de-les-proves-lliures-b1-i-b2-per-als-alumnes-del-programa-experimental-convocatoria-adrecada-exclusivament-a-escolars\/\" title=\"Read NOU CALENDARI Resultats de les proves lliures (B1 i B2) per als alumnes del programa experimental (convocat\u00f2ria adre\u00e7ada exclusivament a escolars)\">Llegeix m\u00e9s\u00bb<\/a><br \/>\n","protected":false},"author":7,"featured_media":12638,"comment_status":"closed","ping_status":"closed","sticky":false,"template":"","format":"standard","meta":{"_bbp_topic_count":0,"_bbp_reply_count":0,"_bbp_total_topic_count":0,"_bbp_total_reply_count":0,"_bbp_voice_count":0,"_bbp_anonymous_reply_count":0,"_bbp_topic_count_hidden":0,"_bbp_reply_count_hidden":0,"_bbp_forum_subforum_count":0,"footnotes":""},"categories":[1],"tags":[],"class_list":["post-13430","post","type-post","status-publish","format-standard","has-post-thumbnail","hentry","category-general"],"post_mailing_queue_ids":[],"_links":{"self":[{"href":"https:\/\/agora-eoi.xtec.cat\/eoisabadell\/wp-json\/wp\/v2\/posts\/13430","targetHints":{"allow":["GET"]}}],"collection":[{"href":"https:\/\/agora-eoi.xtec.cat\/eoisabadell\/wp-json\/wp\/v2\/posts"}],"about":[{"href":"https:\/\/agora-eoi.xtec.cat\/eoisabadell\/wp-json\/wp\/v2\/types\/post"}],"author":[{"embeddable":true,"href":"https:\/\/agora-eoi.xtec.cat\/eoisabadell\/wp-json\/wp\/v2\/users\/7"}],"replies":[{"embeddable":true,"href":"https:\/\/agora-eoi.xtec.cat\/eoisabadell\/wp-json\/wp\/v2\/comments?post=13430"}],"version-history":[{"count":3,"href":"https:\/\/agora-eoi.xtec.cat\/eoisabadell\/wp-json\/wp\/v2\/posts\/13430\/revisions"}],"predecessor-version":[{"id":13453,"href":"https:\/\/agora-eoi.xtec.cat\/eoisabadell\/wp-json\/wp\/v2\/posts\/13430\/revisions\/13453"}],"wp:featuredmedia":[{"embeddable":true,"href":"https:\/\/agora-eoi.xtec.cat\/eoisabadell\/wp-json\/wp\/v2\/media\/12638"}],"wp:attachment":[{"href":"https:\/\/agora-eoi.xtec.cat\/eoisabadell\/wp-json\/wp\/v2\/media?parent=13430"}],"wp:term":[{"taxonomy":"category","embeddable":true,"href":"https:\/\/agora-eoi.xtec.cat\/eoisabadell\/wp-json\/wp\/v2\/categories?post=13430"},{"taxonomy":"post_tag","embeddable":true,"href":"https:\/\/agora-eoi.xtec.cat\/eoisabadell\/wp-json\/wp\/v2\/tags?post=13430"}],"curies":[{"name":"wp","href":"https:\/\/api.w.org\/{rel}","templated":true}]}}