{"id":13134,"date":"2021-09-17T21:21:29","date_gmt":"2021-09-17T19:21:29","guid":{"rendered":"https:\/\/agora-eoi.xtec.cat\/eoisabadell\/?p=13134"},"modified":"2022-01-14T11:57:12","modified_gmt":"2022-01-14T10:57:12","slug":"si-esteu-pendent-de-pcr-o-en-coneixeu-el-resultat-cal-notificar-ho-immediatament-al-centre","status":"publish","type":"post","link":"https:\/\/agora-eoi.xtec.cat\/eoisabadell\/general\/si-esteu-pendent-de-pcr-o-en-coneixeu-el-resultat-cal-notificar-ho-immediatament-al-centre\/","title":{"rendered":"Protocol COVID-19 casos positius i pendents PCR o resultats"},"content":{"rendered":"<p>Us recordem que mentre estigueu pendents de prova PCR o del seu resultat, NO podeu assistir a classe. Us preguem que ho notifiqueu a l&#8217;escola (secretaria@eoisabadell.cat &#8211; 937262199) o al vostre professor\/a.<\/p>\n<p><span style=\"text-decoration: underline;\">Nom\u00e9s en el cas de resultar positius\/ves<\/span>, us demanem que comuniqueu el resultat\u00a0 per mail a la directora, que \u00e9s la responsable covid al centre (<strong>direccio<span class=\"\">@<\/span>eoisabadell.cat<\/strong>). Per tal d\u2019omplir l\u2019aplicatiu Tra\u00e7acovid i que el Servei de Vigil\u00e0ncia Epidemiol\u00f2gica en faci el seguiment,\u00a0necessitem que ens faciliteu aquestes dades, un cop les tingueu.\u00a0 Gr\u00e0cies per la vostra col\u00b7laboraci\u00f3!<\/p>\n<div dir=\"auto\">\n<ul>\n<li><span style=\"font-family: inherit; font-size: 1em;\">Nom complet:<\/span><\/li>\n<li><span style=\"font-family: inherit; font-size: 1em;\">NIF \/ NIE:<\/span><\/li>\n<li><span style=\"font-family: inherit; font-size: 1em;\">N\u00famero de la targeta sanit\u00e0ria:<\/span><\/li>\n<li><span style=\"font-family: inherit; font-size: 1em;\">Data de naixement:<\/span><\/li>\n<li><span style=\"font-family: inherit; font-size: 1em;\">Data de la PCR:<\/span><\/li>\n<li><span style=\"font-family: inherit; font-size: 1em;\">Data del resultat de la prova:<\/span><\/li>\n<li><span style=\"font-family: inherit; font-size: 1em;\">Resultat de la prova:<\/span><\/li>\n<li><span style=\"font-family: inherit; font-size: 1em;\">\u00daltim dia que vas assistir a classe:<\/span><\/li>\n<li><span style=\"font-family: inherit; font-size: 1em;\">Data d&#8217;inici dels s\u00edmptomes (si n&#8217;heu tingut):<\/span><\/li>\n<li><span style=\"font-family: inherit; font-size: 1em;\">Data de reincorporaci\u00f3 al centre (quan us reincorporeu):<\/span><\/li>\n<\/ul>\n<\/div>\n<div dir=\"auto\">\n<div dir=\"auto\">\n<p>Moltes gr\u00e0cies per la vostra col\u00b7laboraci\u00f3.<\/p>\n<\/div>\n<\/div>\n<div class=\"addtoany_share_save_container addtoany_content addtoany_content_bottom\">\n<div class=\"a2a_kit a2a_kit_size_25 addtoany_list\" data-a2a-url=\"https:\/\/agora-eoi.xtec.cat\/eoiterrassa\/portada\/si-us-han-fet-una-prc-cal-notificar-al-centre-el-resultat-inmediatament\/\" data-a2a-title=\"SI US HAN FET UNA PCR o TEST R\u00c0PID CAL NOTIFICAR EL RESULTAT AL CENTRE INMEDIATAMENT\"><\/div>\n<\/div>\n","protected":false},"excerpt":{"rendered":"<p>Us recordem que mentre estigueu pendents de prova PCR o del seu resultat, NO podeu assistir a classe. Us preguem que ho notifiqueu a l&#8217;escola (secretaria@eoisabadell.cat &#8211; 937262199) o al vostre professor\/a.<br \/>\nNom\u00e9s en el cas de resultar positius\/ves, us demanem que comuniqueu el resultat\u00a0 per&hellip;  <a href=\"https:\/\/agora-eoi.xtec.cat\/eoisabadell\/general\/si-esteu-pendent-de-pcr-o-en-coneixeu-el-resultat-cal-notificar-ho-immediatament-al-centre\/\" title=\"Read Protocol COVID-19 casos positius i pendents PCR o resultats\">Llegeix m\u00e9s\u00bb<\/a><\/p>\n","protected":false},"author":7,"featured_media":13135,"comment_status":"closed","ping_status":"closed","sticky":false,"template":"","format":"standard","meta":{"_bbp_topic_count":0,"_bbp_reply_count":0,"_bbp_total_topic_count":0,"_bbp_total_reply_count":0,"_bbp_voice_count":0,"_bbp_anonymous_reply_count":0,"_bbp_topic_count_hidden":0,"_bbp_reply_count_hidden":0,"_bbp_forum_subforum_count":0,"footnotes":""},"categories":[1],"tags":[],"class_list":["post-13134","post","type-post","status-publish","format-standard","has-post-thumbnail","hentry","category-general"],"post_mailing_queue_ids":[],"_links":{"self":[{"href":"https:\/\/agora-eoi.xtec.cat\/eoisabadell\/wp-json\/wp\/v2\/posts\/13134","targetHints":{"allow":["GET"]}}],"collection":[{"href":"https:\/\/agora-eoi.xtec.cat\/eoisabadell\/wp-json\/wp\/v2\/posts"}],"about":[{"href":"https:\/\/agora-eoi.xtec.cat\/eoisabadell\/wp-json\/wp\/v2\/types\/post"}],"author":[{"embeddable":true,"href":"https:\/\/agora-eoi.xtec.cat\/eoisabadell\/wp-json\/wp\/v2\/users\/7"}],"replies":[{"embeddable":true,"href":"https:\/\/agora-eoi.xtec.cat\/eoisabadell\/wp-json\/wp\/v2\/comments?post=13134"}],"version-history":[{"count":3,"href":"https:\/\/agora-eoi.xtec.cat\/eoisabadell\/wp-json\/wp\/v2\/posts\/13134\/revisions"}],"predecessor-version":[{"id":13302,"href":"https:\/\/agora-eoi.xtec.cat\/eoisabadell\/wp-json\/wp\/v2\/posts\/13134\/revisions\/13302"}],"wp:featuredmedia":[{"embeddable":true,"href":"https:\/\/agora-eoi.xtec.cat\/eoisabadell\/wp-json\/wp\/v2\/media\/13135"}],"wp:attachment":[{"href":"https:\/\/agora-eoi.xtec.cat\/eoisabadell\/wp-json\/wp\/v2\/media?parent=13134"}],"wp:term":[{"taxonomy":"category","embeddable":true,"href":"https:\/\/agora-eoi.xtec.cat\/eoisabadell\/wp-json\/wp\/v2\/categories?post=13134"},{"taxonomy":"post_tag","embeddable":true,"href":"https:\/\/agora-eoi.xtec.cat\/eoisabadell\/wp-json\/wp\/v2\/tags?post=13134"}],"curies":[{"name":"wp","href":"https:\/\/api.w.org\/{rel}","templated":true}]}}