{"id":12727,"date":"2020-07-14T13:13:43","date_gmt":"2020-07-14T11:13:43","guid":{"rendered":"https:\/\/agora-eoi.xtec.cat\/eoisabadell\/?p=12727"},"modified":"2020-07-29T08:39:16","modified_gmt":"2020-07-29T06:39:16","slug":"novetat-3-7-2020-alumnat-repetidor-del-curs-2019-2020-taxes-i-convocatories","status":"publish","type":"post","link":"https:\/\/agora-eoi.xtec.cat\/eoisabadell\/general\/novetat-3-7-2020-alumnat-repetidor-del-curs-2019-2020-taxes-i-convocatories\/","title":{"rendered":"NOVETAT 3\/7\/2020!! alumnat REPETIDOR del curs 2019-2020 (TAXES I CONVOCAT\u00d2RIES)"},"content":{"rendered":"<p>En relaci\u00f3 amb les mesures derivades de la pand\u00e8mia COViD-19 per a les taxes i preus p\u00fablics i a la perman\u00e8ncia en els estudis vinculats a serveis educatius a les Escoles Oficials d\u2019Idiomes, s\u2019han acordat les propostes seg\u00fcents:<\/p>\n<p><a href=\"https:\/\/agora-eoi.xtec.cat\/eoisabadell\/novetat-3-7-2020-alumnat-repetidor-del-curs-2019-2020-taxes-i-convocatories\/\">Cliqueu aqu\u00ed per a m\u00e9s informaci\u00f3.<\/a><\/p>\n","protected":false},"excerpt":{"rendered":"<p>En relaci\u00f3 amb les mesures derivades de la pand\u00e8mia COViD-19 per a les taxes i preus p\u00fablics i a la perman\u00e8ncia en els estudis vinculats a serveis educatius a les Escoles Oficials d\u2019Idiomes, s\u2019han acordat les propostes seg\u00fcents:<br \/>\n<a href=\"https:\/\/agora-eoi.xtec.cat\/eoisabadell\/novetat-3-7-2020-alumnat-repetidor-del-curs-2019-2020-taxes-i-convocatories\/\">Cliqueu aqu\u00ed per a m\u00e9s informaci\u00f3.<\/a><\/p>\n","protected":false},"author":7,"featured_media":12730,"comment_status":"closed","ping_status":"closed","sticky":false,"template":"","format":"standard","meta":{"_bbp_topic_count":0,"_bbp_reply_count":0,"_bbp_total_topic_count":0,"_bbp_total_reply_count":0,"_bbp_voice_count":0,"_bbp_anonymous_reply_count":0,"_bbp_topic_count_hidden":0,"_bbp_reply_count_hidden":0,"_bbp_forum_subforum_count":0,"footnotes":""},"categories":[1],"tags":[],"class_list":["post-12727","post","type-post","status-publish","format-standard","has-post-thumbnail","hentry","category-general"],"post_mailing_queue_ids":[],"_links":{"self":[{"href":"https:\/\/agora-eoi.xtec.cat\/eoisabadell\/wp-json\/wp\/v2\/posts\/12727","targetHints":{"allow":["GET"]}}],"collection":[{"href":"https:\/\/agora-eoi.xtec.cat\/eoisabadell\/wp-json\/wp\/v2\/posts"}],"about":[{"href":"https:\/\/agora-eoi.xtec.cat\/eoisabadell\/wp-json\/wp\/v2\/types\/post"}],"author":[{"embeddable":true,"href":"https:\/\/agora-eoi.xtec.cat\/eoisabadell\/wp-json\/wp\/v2\/users\/7"}],"replies":[{"embeddable":true,"href":"https:\/\/agora-eoi.xtec.cat\/eoisabadell\/wp-json\/wp\/v2\/comments?post=12727"}],"version-history":[{"count":4,"href":"https:\/\/agora-eoi.xtec.cat\/eoisabadell\/wp-json\/wp\/v2\/posts\/12727\/revisions"}],"predecessor-version":[{"id":12822,"href":"https:\/\/agora-eoi.xtec.cat\/eoisabadell\/wp-json\/wp\/v2\/posts\/12727\/revisions\/12822"}],"wp:featuredmedia":[{"embeddable":true,"href":"https:\/\/agora-eoi.xtec.cat\/eoisabadell\/wp-json\/wp\/v2\/media\/12730"}],"wp:attachment":[{"href":"https:\/\/agora-eoi.xtec.cat\/eoisabadell\/wp-json\/wp\/v2\/media?parent=12727"}],"wp:term":[{"taxonomy":"category","embeddable":true,"href":"https:\/\/agora-eoi.xtec.cat\/eoisabadell\/wp-json\/wp\/v2\/categories?post=12727"},{"taxonomy":"post_tag","embeddable":true,"href":"https:\/\/agora-eoi.xtec.cat\/eoisabadell\/wp-json\/wp\/v2\/tags?post=12727"}],"curies":[{"name":"wp","href":"https:\/\/api.w.org\/{rel}","templated":true}]}}