{"id":12486,"date":"2020-03-27T09:58:33","date_gmt":"2020-03-27T08:58:33","guid":{"rendered":"https:\/\/agora-eoi.xtec.cat\/eoisabadell\/?p=12486"},"modified":"2020-09-26T23:12:28","modified_gmt":"2020-09-26T21:12:28","slug":"proves-per-a-lobtencio-dels-certificats-dels-nivells-intermedi-b1-intermedi-b2-i-avancat-c1-convocatoria-ordinaria","status":"publish","type":"post","link":"https:\/\/agora-eoi.xtec.cat\/eoisabadell\/general\/proves-per-a-lobtencio-dels-certificats-dels-nivells-intermedi-b1-intermedi-b2-i-avancat-c1-convocatoria-ordinaria\/","title":{"rendered":"ANUL\u00b7LADES LES PROVES DE CERTIFICACI\u00d3 DE LES EOI (12\/5\/20)"},"content":{"rendered":"<p><a href=\"https:\/\/agora-eoi.xtec.cat\/eoisabadell\/wp-content\/uploads\/usu2240\/2020\/03\/proves-anulades.jpg\"><img loading=\"lazy\" decoding=\"async\" class=\"aligncenter size-full wp-image-12572\" src=\"https:\/\/agora-eoi.xtec.cat\/eoisabadell\/wp-content\/uploads\/usu2240\/2020\/03\/proves-anulades.jpg\" alt=\"\" width=\"221\" height=\"158\" \/><\/a><\/p>\n<p style=\"text-align: center;\"><span style=\"text-decoration: underline;\">NOU AV\u00cdS IMPORTANT 12 de maig de 2020:<\/span><\/p>\n<div>\n<div dir=\"ltr\">\n<div dir=\"ltr\">\n<div dir=\"ltr\">\n<div dir=\"ltr\">\n<div dir=\"ltr\">\n<div><span style=\"font-family: verdana, sans-serif;\">En data 11 de maig s&#8217;ha publicat la <b>Resoluci\u00f3\u00a0EDU\/975\/2020<\/b>, de 8 de maig, de modificaci\u00f3 de les diverses resolucions de convocat\u00f2ria de proves d\u2019acc\u00e9s i d\u2019obtenci\u00f3 de t\u00edtols per als cursos 2019-2020 i 2020-2021. <\/span>En aquesta publicaci\u00f3 es resol:<\/div>\n<div>\n<div><\/div>\n<\/div>\n<\/div>\n<\/div>\n<\/div>\n<\/div>\n<\/div>\n<\/div>\n<blockquote>\n<div>\n<div dir=\"ltr\">\n<div dir=\"ltr\">\n<div dir=\"ltr\">\n<div dir=\"ltr\">\n<div dir=\"ltr\">\n<div>\n<div><i>-5 Suprimir tot el que fa refer\u00e8ncia a la\u00a0<\/i><b>convocat\u00f2ria ordin\u00e0ria<\/b>\u00a0<i>de les proves lliures per a l&#8217;obtenci\u00f3 dels certificats de nivell intermedi B1 i B2 i de nivell avan\u00e7at C1 dels ensenyaments d&#8217;idiomes de r\u00e8gim especial que imparteixen les escoles oficials d&#8217;idiomes.<\/i><\/div>\n<\/div>\n<div><i>\u00a0<\/i><\/div>\n<\/div>\n<\/div>\n<\/div>\n<\/div>\n<\/div>\n<\/div>\n<\/blockquote>\n<p>Aix\u00ed doncs,\u00a0<b><span style=\"text-decoration: underline;\">les proves de certificaci\u00f3 de la convocat\u00f2ria ordin\u00e0ria queden cancel\u00b7lades, tant per a l&#8217;alumnat oficial com per al lliure<\/span><\/b>.<\/p>\n<p>Les instruccions sobre el retorn de taxes es publicaran en aquest web tan aviat com es rebin.<\/p>\n<p><span style=\"font-family: verdana, sans-serif;\">Pel que fa a\u00a0<b>les proves per al Programa Experimental<\/b>\u00a0regulada a la\u00a0<i>Resoluci\u00f3 EDU\/2586\/2019, de 8 d&#8217;octubre, per la qual es convoquen proves lliures adre\u00e7ades als alumnes\u00a0dels centres seleccionats per formar part del programa experimental de suport a la certificaci\u00f3 dels\u00a0coneixements de lleng\u00fces estrangeres en determinats ensenyaments per al curs 2019-2020<\/i>, la resoluci\u00f3 publicada estableix que\u00a0<b>els nous calendaris d&#8217;actuaci\u00f3\u00a0es faran p\u00fablics a la p\u00e0gina web del Departament d&#8217;Educaci\u00f3<\/b>\u00a0(<a href=\"http:\/\/www.gencat.cat\/ensenyament\" target=\"_blank\" rel=\"noopener noreferrer\" data-saferedirecturl=\"https:\/\/www.google.com\/url?q=http:\/\/www.gencat.cat\/ensenyament&amp;source=gmail&amp;ust=1589310122848000&amp;usg=AFQjCNGqmFGgdplKI2SIPn5P_1NkYKRCQA\">www.gencat.cat\/<wbr \/>ensenyament<\/a>).<\/span><\/p>\n","protected":false},"excerpt":{"rendered":"<p><a href=\"https:\/\/agora-eoi.xtec.cat\/eoisabadell\/wp-content\/uploads\/usu2240\/2020\/03\/proves-anulades.jpg\"><\/a><br \/>\nNOU AV\u00cdS IMPORTANT 12 de maig de 2020:<\/p>\n<p>En data 11 de maig s&#8217;ha publicat la Resoluci\u00f3\u00a0EDU\/975\/2020, de 8 de maig, de modificaci\u00f3 de les diverses resolucions de convocat\u00f2ria de proves d\u2019acc\u00e9s i d\u2019obtenci\u00f3 de t\u00edtols per als cursos 2019-2020 i 2020-2021. En aquesta publicaci\u00f3&hellip;  <a href=\"https:\/\/agora-eoi.xtec.cat\/eoisabadell\/general\/proves-per-a-lobtencio-dels-certificats-dels-nivells-intermedi-b1-intermedi-b2-i-avancat-c1-convocatoria-ordinaria\/\" title=\"Read ANUL\u00b7LADES LES PROVES DE CERTIFICACI\u00d3 DE LES EOI (12\/5\/20)\">Llegeix m\u00e9s\u00bb<\/a><\/p>\n","protected":false},"author":7,"featured_media":12572,"comment_status":"closed","ping_status":"closed","sticky":false,"template":"","format":"standard","meta":{"_bbp_topic_count":0,"_bbp_reply_count":0,"_bbp_total_topic_count":0,"_bbp_total_reply_count":0,"_bbp_voice_count":0,"_bbp_anonymous_reply_count":0,"_bbp_topic_count_hidden":0,"_bbp_reply_count_hidden":0,"_bbp_forum_subforum_count":0,"footnotes":""},"categories":[1],"tags":[],"class_list":["post-12486","post","type-post","status-publish","format-standard","has-post-thumbnail","hentry","category-general"],"post_mailing_queue_ids":[],"_links":{"self":[{"href":"https:\/\/agora-eoi.xtec.cat\/eoisabadell\/wp-json\/wp\/v2\/posts\/12486","targetHints":{"allow":["GET"]}}],"collection":[{"href":"https:\/\/agora-eoi.xtec.cat\/eoisabadell\/wp-json\/wp\/v2\/posts"}],"about":[{"href":"https:\/\/agora-eoi.xtec.cat\/eoisabadell\/wp-json\/wp\/v2\/types\/post"}],"author":[{"embeddable":true,"href":"https:\/\/agora-eoi.xtec.cat\/eoisabadell\/wp-json\/wp\/v2\/users\/7"}],"replies":[{"embeddable":true,"href":"https:\/\/agora-eoi.xtec.cat\/eoisabadell\/wp-json\/wp\/v2\/comments?post=12486"}],"version-history":[{"count":4,"href":"https:\/\/agora-eoi.xtec.cat\/eoisabadell\/wp-json\/wp\/v2\/posts\/12486\/revisions"}],"predecessor-version":[{"id":12578,"href":"https:\/\/agora-eoi.xtec.cat\/eoisabadell\/wp-json\/wp\/v2\/posts\/12486\/revisions\/12578"}],"wp:featuredmedia":[{"embeddable":true,"href":"https:\/\/agora-eoi.xtec.cat\/eoisabadell\/wp-json\/wp\/v2\/media\/12572"}],"wp:attachment":[{"href":"https:\/\/agora-eoi.xtec.cat\/eoisabadell\/wp-json\/wp\/v2\/media?parent=12486"}],"wp:term":[{"taxonomy":"category","embeddable":true,"href":"https:\/\/agora-eoi.xtec.cat\/eoisabadell\/wp-json\/wp\/v2\/categories?post=12486"},{"taxonomy":"post_tag","embeddable":true,"href":"https:\/\/agora-eoi.xtec.cat\/eoisabadell\/wp-json\/wp\/v2\/tags?post=12486"}],"curies":[{"name":"wp","href":"https:\/\/api.w.org\/{rel}","templated":true}]}}