{"id":10712,"date":"2020-07-13T13:07:58","date_gmt":"2020-07-13T11:07:58","guid":{"rendered":"http:\/\/agora-eoi.xtec.cat\/eoisabadell\/?p=10712"},"modified":"2020-10-02T07:48:22","modified_gmt":"2020-10-02T05:48:22","slug":"oferta-de-places-de-c2-de-catala-per-a-professorat-consolidacio-de-les-llengues-catalana-i-occitana-convocatoria-fins-el-24-de-juny-de-2018","status":"publish","type":"post","link":"https:\/\/agora-eoi.xtec.cat\/eoisabadell\/general\/oferta-de-places-de-c2-de-catala-per-a-professorat-consolidacio-de-les-llengues-catalana-i-occitana-convocatoria-fins-el-24-de-juny-de-2018\/","title":{"rendered":"PLACES RESERVADES DE C2 DE CATAL\u00c0 PER A DOCENTS EN ACTIU"},"content":{"rendered":"<p>En el marc del Programa de formaci\u00f3 de professorat del Departament d&#8217;Educaci\u00f3, l&#8217;EOI t\u00e9 una reserva de places de C2 de catal\u00e0 per a docents en actiu que vulguin actualitzar o millorar els seus coneixements en llengua catalana.<\/p>\n<p>Consulteu la informaci\u00f3 i el calendari de matr\u00edcula en l&#8217;enlla\u00e7 seg\u00fcent:<\/p>\n<p><a href=\"http:\/\/xtec.gencat.cat\/ca\/formacio\/formaciogeneralprofessorat\/llengues\/consolidacio_llengua_catalana\/\">http:\/\/xtec.gencat.cat\/ca\/formacio\/formaciogeneralprofessorat\/llengues\/consolidacio_llengua_catalana\/<\/a><\/p>\n<p><strong>PARTICIPANTS<\/strong><\/p>\n<p>Docents d&#8217;infantil, prim\u00e0ria, secund\u00e0ria i FP.<\/p>\n<p><strong>SOL\u00b7LICITUDS EN L\u00cdNIA<\/strong><\/p>\n<p>Del 14 al 27 de setembre de 2020 a la p\u00e0gina de l&#8217;xtec.<\/p>\n<p><strong>ADJUDICACI\u00d3<\/strong><\/p>\n<p>27 de setembre<\/p>\n<p><strong>MATR\u00cdCULA<\/strong><\/p>\n<p>&#8211; 30 de setembre presencialment a la secretaria del centre (cal demanar\u00a0<a href=\"https:\/\/eoibcnvh.cat\/cita-previa-per-a-tramits-de-secretaria\">cita pr\u00e8via<\/a>) o seguint les instruccions del moment, en funci\u00f3 de l&#8217;evoluci\u00f3 de la pand\u00e8mia.<\/p>\n<p>&#8211; La matr\u00edcula \u00e9s gratu\u00efta<\/p>\n<p><strong>INICI DE CLASSES<\/strong><\/p>\n<p>&#8211; 1 d&#8217;octubre (grup de dimarts i dijous)<\/p>\n<p>&#8211; 5 d&#8217;octubre (grup de dilluns i dimecres)<\/p>\n","protected":false},"excerpt":{"rendered":"<p>En el marc del Programa de formaci\u00f3 de professorat del Departament d&#8217;Educaci\u00f3, l&#8217;EOI t\u00e9 una reserva de places de C2 de catal\u00e0 per a docents en actiu que vulguin actualitzar o millorar els seus coneixements en llengua catalana.<br \/>\nConsulteu la informaci\u00f3 i el calendari de matr\u00edcula&hellip;  <a href=\"https:\/\/agora-eoi.xtec.cat\/eoisabadell\/general\/oferta-de-places-de-c2-de-catala-per-a-professorat-consolidacio-de-les-llengues-catalana-i-occitana-convocatoria-fins-el-24-de-juny-de-2018\/\" title=\"Read PLACES RESERVADES DE C2 DE CATAL\u00c0 PER A DOCENTS EN ACTIU\">Llegeix m\u00e9s\u00bb<\/a><\/p>\n","protected":false},"author":7,"featured_media":12756,"comment_status":"open","ping_status":"closed","sticky":false,"template":"","format":"standard","meta":{"_bbp_topic_count":0,"_bbp_reply_count":0,"_bbp_total_topic_count":0,"_bbp_total_reply_count":0,"_bbp_voice_count":0,"_bbp_anonymous_reply_count":0,"_bbp_topic_count_hidden":0,"_bbp_reply_count_hidden":0,"_bbp_forum_subforum_count":0,"footnotes":""},"categories":[1],"tags":[],"class_list":["post-10712","post","type-post","status-publish","format-standard","has-post-thumbnail","hentry","category-general"],"post_mailing_queue_ids":[],"_links":{"self":[{"href":"https:\/\/agora-eoi.xtec.cat\/eoisabadell\/wp-json\/wp\/v2\/posts\/10712","targetHints":{"allow":["GET"]}}],"collection":[{"href":"https:\/\/agora-eoi.xtec.cat\/eoisabadell\/wp-json\/wp\/v2\/posts"}],"about":[{"href":"https:\/\/agora-eoi.xtec.cat\/eoisabadell\/wp-json\/wp\/v2\/types\/post"}],"author":[{"embeddable":true,"href":"https:\/\/agora-eoi.xtec.cat\/eoisabadell\/wp-json\/wp\/v2\/users\/7"}],"replies":[{"embeddable":true,"href":"https:\/\/agora-eoi.xtec.cat\/eoisabadell\/wp-json\/wp\/v2\/comments?post=10712"}],"version-history":[{"count":3,"href":"https:\/\/agora-eoi.xtec.cat\/eoisabadell\/wp-json\/wp\/v2\/posts\/10712\/revisions"}],"predecessor-version":[{"id":12758,"href":"https:\/\/agora-eoi.xtec.cat\/eoisabadell\/wp-json\/wp\/v2\/posts\/10712\/revisions\/12758"}],"wp:featuredmedia":[{"embeddable":true,"href":"https:\/\/agora-eoi.xtec.cat\/eoisabadell\/wp-json\/wp\/v2\/media\/12756"}],"wp:attachment":[{"href":"https:\/\/agora-eoi.xtec.cat\/eoisabadell\/wp-json\/wp\/v2\/media?parent=10712"}],"wp:term":[{"taxonomy":"category","embeddable":true,"href":"https:\/\/agora-eoi.xtec.cat\/eoisabadell\/wp-json\/wp\/v2\/categories?post=10712"},{"taxonomy":"post_tag","embeddable":true,"href":"https:\/\/agora-eoi.xtec.cat\/eoisabadell\/wp-json\/wp\/v2\/tags?post=10712"}],"curies":[{"name":"wp","href":"https:\/\/api.w.org\/{rel}","templated":true}]}}