{"id":9768,"date":"2019-09-27T08:55:40","date_gmt":"2019-09-27T06:55:40","guid":{"rendered":"http:\/\/agora-eoi.xtec.cat\/eoiriberadebre\/?p=9768"},"modified":"2019-12-11T19:48:51","modified_gmt":"2019-12-11T18:48:51","slug":"leoi-de-tour-per-alguns-ies-de-la-vora","status":"publish","type":"post","link":"https:\/\/agora-eoi.xtec.cat\/eoiriberadebre\/activitats-culturals\/leoi-de-tour-per-alguns-ies-de-la-vora\/","title":{"rendered":"L&#8217;EOI de tour per alguns IES de la vora"},"content":{"rendered":"<p>Hem visitat alguns centres educatius (INS Priorat, Institut Escola 3 d&#8217;abril, IES Julio Antonio, IES de Flix i Col\u00b7legi Santa Teresa) per presentar el treball que fem a les EOI i plantejat els avantatges d&#8217;una bona preparaci\u00f3 acad\u00e8mica on els idiomes s\u00f3n essencials.<\/p>\n<p><a href=\"https:\/\/www.canva.com\/design\/DADmUhXrDec\/view\"><img loading=\"lazy\" decoding=\"async\" class=\"alignnone size-medium wp-image-9773\" src=\"https:\/\/agora-eoi.xtec.cat\/eoiriberadebre\/wp-content\/uploads\/usu2265\/2019\/09\/screen_2x-300x212.jpg\" alt=\"\" width=\"300\" height=\"212\" srcset=\"https:\/\/agora-eoi.xtec.cat\/eoiriberadebre\/wp-content\/uploads\/usu2265\/2019\/09\/screen_2x-300x212.jpg 300w, https:\/\/agora-eoi.xtec.cat\/eoiriberadebre\/wp-content\/uploads\/usu2265\/2019\/09\/screen_2x-768x542.jpg 768w, https:\/\/agora-eoi.xtec.cat\/eoiriberadebre\/wp-content\/uploads\/usu2265\/2019\/09\/screen_2x-1024x723.jpg 1024w, https:\/\/agora-eoi.xtec.cat\/eoiriberadebre\/wp-content\/uploads\/usu2265\/2019\/09\/screen_2x.jpg 1600w\" sizes=\"auto, (max-width: 300px) 100vw, 300px\" \/> <\/a><a href=\"https:\/\/www.canva.com\/design\/DADmUhXrDec\/view\" target=\"_blank\" rel=\"noopener noreferrer\">L&#8217;EOI de tour<\/a><\/p>\n<p>A tost els centres agra\u00efm l&#8217;acolliment i col\u00b7laboraci\u00f3.<\/p>\n","protected":false},"excerpt":{"rendered":"<p>En una bona preparaci\u00f3 acad\u00e8mica els idiomes s\u00f3n essencials.&hellip;  <a href=\"https:\/\/agora-eoi.xtec.cat\/eoiriberadebre\/activitats-culturals\/leoi-de-tour-per-alguns-ies-de-la-vora\/\" title=\"Read L&#8217;EOI de tour per alguns IES de la vora\">Llegeix m\u00e9s\u00bb<\/a><\/p>\n","protected":false},"author":1,"featured_media":9773,"comment_status":"open","ping_status":"closed","sticky":false,"template":"","format":"standard","meta":{"_bbp_topic_count":0,"_bbp_reply_count":0,"_bbp_total_topic_count":0,"_bbp_total_reply_count":0,"_bbp_voice_count":0,"_bbp_anonymous_reply_count":0,"_bbp_topic_count_hidden":0,"_bbp_reply_count_hidden":0,"_bbp_forum_subforum_count":0,"footnotes":""},"categories":[300],"tags":[],"class_list":["post-9768","post","type-post","status-publish","format-standard","has-post-thumbnail","hentry","category-activitats-culturals"],"post_mailing_queue_ids":[],"_links":{"self":[{"href":"https:\/\/agora-eoi.xtec.cat\/eoiriberadebre\/wp-json\/wp\/v2\/posts\/9768","targetHints":{"allow":["GET"]}}],"collection":[{"href":"https:\/\/agora-eoi.xtec.cat\/eoiriberadebre\/wp-json\/wp\/v2\/posts"}],"about":[{"href":"https:\/\/agora-eoi.xtec.cat\/eoiriberadebre\/wp-json\/wp\/v2\/types\/post"}],"author":[{"embeddable":true,"href":"https:\/\/agora-eoi.xtec.cat\/eoiriberadebre\/wp-json\/wp\/v2\/users\/1"}],"replies":[{"embeddable":true,"href":"https:\/\/agora-eoi.xtec.cat\/eoiriberadebre\/wp-json\/wp\/v2\/comments?post=9768"}],"version-history":[{"count":1,"href":"https:\/\/agora-eoi.xtec.cat\/eoiriberadebre\/wp-json\/wp\/v2\/posts\/9768\/revisions"}],"predecessor-version":[{"id":9774,"href":"https:\/\/agora-eoi.xtec.cat\/eoiriberadebre\/wp-json\/wp\/v2\/posts\/9768\/revisions\/9774"}],"wp:featuredmedia":[{"embeddable":true,"href":"https:\/\/agora-eoi.xtec.cat\/eoiriberadebre\/wp-json\/wp\/v2\/media\/9773"}],"wp:attachment":[{"href":"https:\/\/agora-eoi.xtec.cat\/eoiriberadebre\/wp-json\/wp\/v2\/media?parent=9768"}],"wp:term":[{"taxonomy":"category","embeddable":true,"href":"https:\/\/agora-eoi.xtec.cat\/eoiriberadebre\/wp-json\/wp\/v2\/categories?post=9768"},{"taxonomy":"post_tag","embeddable":true,"href":"https:\/\/agora-eoi.xtec.cat\/eoiriberadebre\/wp-json\/wp\/v2\/tags?post=9768"}],"curies":[{"name":"wp","href":"https:\/\/api.w.org\/{rel}","templated":true}]}}