{"id":9654,"date":"2019-08-28T11:49:02","date_gmt":"2019-08-28T09:49:02","guid":{"rendered":"http:\/\/agora-eoi.xtec.cat\/eoiriberadebre\/?p=9654"},"modified":"2019-12-11T19:53:38","modified_gmt":"2019-12-11T18:53:38","slug":"novetats-matricula-matricula-dactualitzacio","status":"publish","type":"post","link":"https:\/\/agora-eoi.xtec.cat\/eoiriberadebre\/secretaria\/preinscripcio-nous-alumnes\/novetats-matricula-matricula-dactualitzacio\/","title":{"rendered":"Novetats matr\u00edcula. Matr\u00edcula d&#8217;actualitzaci\u00f3"},"content":{"rendered":"<p><a href=\"https:\/\/agora-eoi.xtec.cat\/eoiriberadebre\/wp-content\/uploads\/usu2265\/2019\/08\/MATRIC-ACTUALITZACI\u00d3.png\"><img loading=\"lazy\" decoding=\"async\" class=\"alignnone size-medium wp-image-9677\" src=\"https:\/\/agora-eoi.xtec.cat\/eoiriberadebre\/wp-content\/uploads\/usu2265\/2019\/08\/MATRIC-ACTUALITZACI\u00d3-300x251.png\" alt=\"\" width=\"300\" height=\"251\" srcset=\"https:\/\/agora-eoi.xtec.cat\/eoiriberadebre\/wp-content\/uploads\/usu2265\/2019\/08\/MATRIC-ACTUALITZACI\u00d3-300x250.png 300w, https:\/\/agora-eoi.xtec.cat\/eoiriberadebre\/wp-content\/uploads\/usu2265\/2019\/08\/MATRIC-ACTUALITZACI\u00d3-768x644.png 768w, https:\/\/agora-eoi.xtec.cat\/eoiriberadebre\/wp-content\/uploads\/usu2265\/2019\/08\/MATRIC-ACTUALITZACI\u00d3.png 940w\" sizes=\"auto, (max-width: 300px) 100vw, 300px\" \/><\/a><\/p>\n<p>Les persones que ja hagin cursat i superat amb anterioritat cursos de les escoles oficials d\u2019idiomes que condueixen a l\u2019obtenci\u00f3 d\u2019un certificat, i que vulguin actualitzar-ne els coneixements, poden sol\u00b7licitar matricular-se en l\u2019\u00faltim curs realitzat o en qualsevol dels cursos inferiors, sempre que hagin transcorregut dos cursos des de l\u2019obtenci\u00f3 del certificat.<\/p>\n<p>La sol\u00b7licitud per a aquest tipus de matr\u00edcula s\u2019ha de presentar al centre una vegada finalitzat el per\u00edode d\u2019admissi\u00f3, i nom\u00e9s s\u2019admet si existeixen vacants en el curs i l\u2019idioma sol\u00b7licitat. La sol\u00b7licitud \u00e9s valida \u00fanicament per al curs acad\u00e8mic en qu\u00e8 se sol\u00b7licita i s\u2019ha de tornar a presentar per a cursos acad\u00e8mics posteriors, si l\u2019alumne\/a ho vol.<\/p>\n<p>Aquest tipus de matr\u00edcula no t\u00e9 efectes acad\u00e8mics ni dona lloc a cap certificat oficial. La qualificaci\u00f3 que es fa constar a l\u2019expedient acad\u00e8mic de l\u2019alumne\/a \u00e9s de \u201cno qualificat\/ada\u201d.<\/p>\n<p>Els\/Les alumnes en aquesta situaci\u00f3 acad\u00e8mica no tenen dret a sol\u00b7licitar una nova expedici\u00f3 del certificat obtingut anteriorment, per\u00f2 poden sol\u00b7licitar un certificat d\u2019actualitzaci\u00f3 al centre on estiguin matriculats\/des.<\/p>\n<p>Pel que fa al preu del servei, aquest alumnat ha de pagar la taxa o el preu p\u00fablic corresponent, sense penalitzaci\u00f3 per repetici\u00f3.<br \/>\nDurant un mateix curs acad\u00e8mic no es pot simultaniejar una matr\u00edcula ordin\u00e0ria als ensenyaments presencials amb una matr\u00edcula d\u2019actualitzaci\u00f3 del mateix idioma.<\/p>\n<p>&nbsp;<\/p>\n","protected":false},"excerpt":{"rendered":"<p>Per a persones amb titulacions d&#8217;EOI que vulguin actualitzar els seus coneixements&hellip;  <a href=\"https:\/\/agora-eoi.xtec.cat\/eoiriberadebre\/secretaria\/preinscripcio-nous-alumnes\/novetats-matricula-matricula-dactualitzacio\/\" title=\"Read Novetats matr\u00edcula. Matr\u00edcula d&#8217;actualitzaci\u00f3\">Llegeix m\u00e9s\u00bb<\/a><\/p>\n","protected":false},"author":1,"featured_media":9677,"comment_status":"closed","ping_status":"closed","sticky":false,"template":"","format":"standard","meta":{"_bbp_topic_count":0,"_bbp_reply_count":0,"_bbp_total_topic_count":0,"_bbp_total_reply_count":0,"_bbp_voice_count":0,"_bbp_anonymous_reply_count":0,"_bbp_topic_count_hidden":0,"_bbp_reply_count_hidden":0,"_bbp_forum_subforum_count":0,"footnotes":""},"categories":[305],"tags":[],"class_list":["post-9654","post","type-post","status-publish","format-standard","has-post-thumbnail","hentry","category-preinscripcio-nous-alumnes"],"post_mailing_queue_ids":[],"_links":{"self":[{"href":"https:\/\/agora-eoi.xtec.cat\/eoiriberadebre\/wp-json\/wp\/v2\/posts\/9654","targetHints":{"allow":["GET"]}}],"collection":[{"href":"https:\/\/agora-eoi.xtec.cat\/eoiriberadebre\/wp-json\/wp\/v2\/posts"}],"about":[{"href":"https:\/\/agora-eoi.xtec.cat\/eoiriberadebre\/wp-json\/wp\/v2\/types\/post"}],"author":[{"embeddable":true,"href":"https:\/\/agora-eoi.xtec.cat\/eoiriberadebre\/wp-json\/wp\/v2\/users\/1"}],"replies":[{"embeddable":true,"href":"https:\/\/agora-eoi.xtec.cat\/eoiriberadebre\/wp-json\/wp\/v2\/comments?post=9654"}],"version-history":[{"count":3,"href":"https:\/\/agora-eoi.xtec.cat\/eoiriberadebre\/wp-json\/wp\/v2\/posts\/9654\/revisions"}],"predecessor-version":[{"id":9678,"href":"https:\/\/agora-eoi.xtec.cat\/eoiriberadebre\/wp-json\/wp\/v2\/posts\/9654\/revisions\/9678"}],"wp:featuredmedia":[{"embeddable":true,"href":"https:\/\/agora-eoi.xtec.cat\/eoiriberadebre\/wp-json\/wp\/v2\/media\/9677"}],"wp:attachment":[{"href":"https:\/\/agora-eoi.xtec.cat\/eoiriberadebre\/wp-json\/wp\/v2\/media?parent=9654"}],"wp:term":[{"taxonomy":"category","embeddable":true,"href":"https:\/\/agora-eoi.xtec.cat\/eoiriberadebre\/wp-json\/wp\/v2\/categories?post=9654"},{"taxonomy":"post_tag","embeddable":true,"href":"https:\/\/agora-eoi.xtec.cat\/eoiriberadebre\/wp-json\/wp\/v2\/tags?post=9654"}],"curies":[{"name":"wp","href":"https:\/\/api.w.org\/{rel}","templated":true}]}}