{"id":10195,"date":"2020-07-27T01:18:50","date_gmt":"2020-07-26T23:18:50","guid":{"rendered":"http:\/\/agora-eoi.xtec.cat\/eoiriberadebre\/?p=10195"},"modified":"2020-07-27T01:18:50","modified_gmt":"2020-07-26T23:18:50","slug":"preinscripcio-i-matricula-nou-alumnat-curs-2020-2021","status":"publish","type":"post","link":"https:\/\/agora-eoi.xtec.cat\/eoiriberadebre\/secretaria\/preinscripcio-nous-alumnes\/preinscripcio-i-matricula-nou-alumnat-curs-2020-2021\/","title":{"rendered":"PREINSCRIPCI\u00d3 \u00a0I MATR\u00cdCULA NOU ALUMNAT.\u00a0 CURS 2020-2021"},"content":{"rendered":"<p><strong>PREINSCRIPCI\u00d3 \u00a0I MATR\u00cdCULA NOU ALUMNAT.\u00a0 CURS 2020-2021<\/strong><\/p>\n<p>Tothom que es matricula al mes de setembre es considera nou alumnat, per la qual cosa ha de seguir el procediment descrit aqu\u00ed.<\/p>\n<p><strong>Requisits:<\/strong><\/p>\n<ul>\n<li>Tenir 16 anys complerts el 31 de desembre de l\u2019any en curs per a cursos d\u2019angl\u00e8s.<\/li>\n<li>Tenir 14 anys complerts el 31 de desembre de l\u2019any en curs per a cursos de franc\u00e8s.<\/li>\n<\/ul>\n<p>&nbsp;<\/p>\n<ol>\n<li><strong> Preinscripci\u00f3 telem\u00e0tica: des de les 9h del 31 d\u2019agost fins a les 15h del 3 de setembre.\u00a0 <\/strong><a href=\"https:\/\/www.eoidigital.com\/eoicat\/alumnes\/\">Enlla\u00e7<\/a><\/li>\n<\/ol>\n<p>En fer la preinscripci\u00f3, heu de triar:<\/p>\n<ol>\n<li>a) Accedir al <strong>primer<\/strong> curs de l\u2019idioma que us interessi. <strong>No cal fer test de nivell<\/strong>.<\/li>\n<li>b) Accedir a un nivell concret, sempre que pugueu <strong>acreditar el vostre nivell<\/strong> assolit amb un dels possibles accessos que us apareixeran a l\u2019aplicatiu. Aquests accessos poden ser:<\/li>\n<\/ol>\n<ul>\n<li>un curs o certificat d\u2019una EOI aprovat. ATENCI\u00d3!!! Si veniu d\u2019una EOI\u00a0 de fora de Catalunya, heu d\u2019aportar\u00a0<strong>certificaci\u00f3 acad\u00e8mica<\/strong>, expedida per la secretaria de l\u2019EOI d\u2019on veniu.<\/li>\n<li>una <strong>certificaci\u00f3 equivalent<\/strong> reconeguda pel Departament d\u2019Educaci\u00f3. Podeu consultar aquestes certificacions\u00a0<a href=\"http:\/\/queestudiar.gencat.cat\/ca\/preinscripcio\/estudis\/idiomes\/test-nivell\/\">aqu\u00ed<\/a>.<\/li>\n<\/ul>\n<p>A l\u2019aplicatiu, cal especificar el tipus de documentaci\u00f3 que presenteu i adjuntar-lo escanejat en el moment de fer la preinscripci\u00f3. Si no us \u00e9s possible, podeu portar la documentaci\u00f3 f\u00edsicament a l\u2019escola entre el 3 i el 10 de setembre o b\u00e9 enviar-la per correu electr\u00f2nic a <a href=\"mailto:e3010980@xtec.cat\">e3010980@xtec.cat<\/a>. A l\u2019escola validarem aquesta documentaci\u00f3 abans que s\u2019obri el termini per formalitzar la matr\u00edcula.<\/p>\n<ol>\n<li>c) Fer el <strong>test de nivell<\/strong> si no teniu clar quin \u00e9s el vostre nivell o no teniu cap certificaci\u00f3. Heu de triar l\u2019EOI Ribera d\u2019Ebre com a primera opci\u00f3 per realitzar la prova.<\/li>\n<\/ol>\n<p><strong>Dates del TEST DE NIVELL:\u00a0 el 7 i 9 de setembre a les 17h<\/strong><\/p>\n<p>DOCUMENTACI\u00d3 per a fer el test de nivell:<\/p>\n<ul>\n<li>DNI \/ PASSAPORT<\/li>\n<li>RESGUARD de la preinscripci\u00f3.<\/li>\n<\/ul>\n<p><strong>Consulta de resultats Test de Nivell:\u00a0 <\/strong>A partir de les 12 h del dia 14 de setembre podreu<strong>\u00a0consultar el nivell que se us ha assignat i escollir grup i horari<\/strong>\u00a0fins a les 12 h del 16 de setembre.<\/p>\n<p><a href=\"HORARIS%20CURS%202020-2021.pdf\">Horaris curs 2020-2021<\/a><\/p>\n<p>El mateix dia 16 de setembre a les 13h es realitzar\u00e0 el\u00a0<strong>sorteig de places\u00a0<\/strong>als serveis centrals del Departament d\u2019Educaci\u00f3.<\/p>\n<p>El 16 de setembre de 2020 a partir de les 20h podreu\u00a0<strong>consultar el\u00a0 resultat del sorteig d\u2019assignaci\u00f3 de places per a la matr\u00edcula i fer la matr\u00edcula telem\u00e0ticament.<\/strong><\/p>\n<p>&nbsp;<\/p>\n<ol start=\"2\">\n<li><strong> Matr\u00edcula nou alumnat oficial<\/strong><\/li>\n<\/ol>\n<p>La matr\u00edcula del nou alumnat es realitzar\u00e0 telem\u00e0ticament amb el mateix <a href=\"https:\/\/www.eoidigital.com\/eoicat\/alumnes\/\">aplicatiu<\/a> que heu utilitzat per fer la preinscripci\u00f3.\u00a0 Si sortiu com a\u00a0<strong>admesos<\/strong>\u00a0al sorteig d\u2019assignaci\u00f3 de places\u00a0<strong>us podeu matricular a partir del 16 de setembre a les 20h<\/strong>\u00a0<strong>i fins a les 23.59 h del 18 de setembre<\/strong>. Podreu escollir grup i horari al mateix aplicatiu.<\/p>\n<p><strong>Places vacants:\u00a0<\/strong><\/p>\n<ul>\n<li>Les persones preinscrites d\u2019angl\u00e8s que quedin en\u00a0<strong>llista d\u2019espera<\/strong>\u00a0es podran matricular\u00a0<strong>telem\u00e0ticament<\/strong>\u00a0els dies\u00a0<strong>22 i 23 de setembre<\/strong>\u00a0si hi ha places vacants.<\/li>\n<li><strong>Si\u00a0no<\/strong>\u00a0<strong>us heu preinscrit, us matriculareu presencialment per ordre d\u2019arribada a partir del 24 de setembre sempre que hi hagi places vacants.<\/strong><\/li>\n<\/ul>\n<p>Un cop hagueu triat grup i horari, haureu d\u2019imprimir-vos el full de pagament i fer l\u2019ingr\u00e9s en el termini de 24 hores a partir de la formalitzaci\u00f3 de la matr\u00edcula a qualsevol\u00a0terminal de Servicaixa de Caixabank o b\u00e9 amb targeta de cr\u00e8dit. El pagament tamb\u00e9 es pot fer amb L\u00ednia Oberta. Heu d\u2019entrar a l\u2019apartat\u00a0<em>Pagaments i impostos<\/em>\u00a0i introduir els codis que trobareu al rebut de pagament.<\/p>\n<p>En el cas de tenir descompte o bonificaci\u00f3 per fam\u00edlia nombrosa o discapacitat cal que lliureu la documentaci\u00f3 necess\u00e0ria (document original i fotoc\u00f2pia) a secretaria abans de l\u2019inici de classes. Tamb\u00e9 caldr\u00e0 que lliureu a secretaria una fotoc\u00f2pia del DNI.<\/p>\n<p><strong>Aclariments:\u00a0<\/strong>No est\u00e0 perm\u00e8s matricular-se com a alumnat oficial i lliure del mateix idioma, dintre del mateix any acad\u00e8mic.<\/p>\n<p>&nbsp;<\/p>\n","protected":false},"excerpt":{"rendered":"<p>PREINSCRIPCI\u00d3 \u00a0I MATR\u00cdCULA NOU ALUMNAT.\u00a0 CURS 2020-2021<br \/>\nTothom que es matricula al mes de setembre es considera nou alumnat, per la qual cosa ha de seguir el procediment descrit aqu\u00ed.<br \/>\nRequisits:<\/p>\n<ul>\n<li>Tenir 16 anys complerts el 31 de desembre de l\u2019any en curs per a cursos d\u2019angl\u00e8s.<\/li>\n<li>Tenir 14&hellip;  <a href=\"https:\/\/agora-eoi.xtec.cat\/eoiriberadebre\/secretaria\/preinscripcio-nous-alumnes\/preinscripcio-i-matricula-nou-alumnat-curs-2020-2021\/\" title=\"Read PREINSCRIPCI\u00d3 \u00a0I MATR\u00cdCULA NOU ALUMNAT.\u00a0 CURS 2020-2021\">Llegeix m\u00e9s\u00bb<\/a><br \/>\n","protected":false},"author":1,"featured_media":0,"comment_status":"closed","ping_status":"closed","sticky":false,"template":"","format":"standard","meta":{"_bbp_topic_count":0,"_bbp_reply_count":0,"_bbp_total_topic_count":0,"_bbp_total_reply_count":0,"_bbp_voice_count":0,"_bbp_anonymous_reply_count":0,"_bbp_topic_count_hidden":0,"_bbp_reply_count_hidden":0,"_bbp_forum_subforum_count":0,"footnotes":""},"categories":[305,309],"tags":[],"class_list":["post-10195","post","type-post","status-publish","format-standard","hentry","category-preinscripcio-nous-alumnes","category-secretaria"],"post_mailing_queue_ids":[],"_links":{"self":[{"href":"https:\/\/agora-eoi.xtec.cat\/eoiriberadebre\/wp-json\/wp\/v2\/posts\/10195","targetHints":{"allow":["GET"]}}],"collection":[{"href":"https:\/\/agora-eoi.xtec.cat\/eoiriberadebre\/wp-json\/wp\/v2\/posts"}],"about":[{"href":"https:\/\/agora-eoi.xtec.cat\/eoiriberadebre\/wp-json\/wp\/v2\/types\/post"}],"author":[{"embeddable":true,"href":"https:\/\/agora-eoi.xtec.cat\/eoiriberadebre\/wp-json\/wp\/v2\/users\/1"}],"replies":[{"embeddable":true,"href":"https:\/\/agora-eoi.xtec.cat\/eoiriberadebre\/wp-json\/wp\/v2\/comments?post=10195"}],"version-history":[{"count":1,"href":"https:\/\/agora-eoi.xtec.cat\/eoiriberadebre\/wp-json\/wp\/v2\/posts\/10195\/revisions"}],"predecessor-version":[{"id":10197,"href":"https:\/\/agora-eoi.xtec.cat\/eoiriberadebre\/wp-json\/wp\/v2\/posts\/10195\/revisions\/10197"}],"wp:attachment":[{"href":"https:\/\/agora-eoi.xtec.cat\/eoiriberadebre\/wp-json\/wp\/v2\/media?parent=10195"}],"wp:term":[{"taxonomy":"category","embeddable":true,"href":"https:\/\/agora-eoi.xtec.cat\/eoiriberadebre\/wp-json\/wp\/v2\/categories?post=10195"},{"taxonomy":"post_tag","embeddable":true,"href":"https:\/\/agora-eoi.xtec.cat\/eoiriberadebre\/wp-json\/wp\/v2\/tags?post=10195"}],"curies":[{"name":"wp","href":"https:\/\/api.w.org\/{rel}","templated":true}]}}