{"id":8362,"date":"2016-06-13T12:30:08","date_gmt":"2016-06-13T10:30:08","guid":{"rendered":"http:\/\/agora-eoi.xtec.cat\/eoiosona\/?p=8362"},"modified":"2017-10-10T09:43:11","modified_gmt":"2017-10-10T07:43:11","slug":"preinscripcio_c1","status":"publish","type":"post","link":"https:\/\/agora-eoi.xtec.cat\/eoiosona\/general\/preinscripcio_c1\/","title":{"rendered":"Preinscripci\u00f3 i matr\u00edcula nou alumnat de C1 d&#8217;angl\u00e8s ( curs 2017-2018)"},"content":{"rendered":"<p><strong>PREINSCRIPCI\u00d3 NOU ALUMNAT de C1 d\u2019ANGL\u00c8S CURS 2017-18<\/strong><\/p>\n<table>\n<tbody>\n<tr>\n<td><img loading=\"lazy\" decoding=\"async\" class=\"alignnone wp-image-961\" src=\"http:\/\/agora-eoi.xtec.cat\/eoiosona\/wp-content\/uploads\/usu2247\/2015\/11\/search.png\" alt=\"\" width=\"157\" height=\"143\" \/><\/td>\n<td>\n<ul>\n<li><a href=\"http:\/\/ensenyament.gencat.cat\/web\/.content\/home\/departament\/publicacions\/a-cop-ull\/infografia_10.pdf\" target=\"_blank\" rel=\"noopener noreferrer\"><strong>Preinscripci\u00f3 i matr\u00edcula Curs 2017-18<\/strong><\/a><\/li>\n<li><strong><a href=\"http:\/\/queestudiar.gencat.cat\/ca\/preinscripcio\/estudis\/idiomes\/equivalents-c1\/\" target=\"_blank\" rel=\"noopener noreferrer\">Informaci\u00f3 general sobre el proc\u00e9s de preinscripci\u00f3<\/a><\/strong><\/li>\n<li><strong><a href=\"https:\/\/www.eoidigital.com\/preinscripcioc1\/alumnes\/index.php\" target=\"_blank\" rel=\"noopener noreferrer\">Acc\u00e9s a l\u2019aplicatiu de preinscripci\u00f3 telem\u00e1tica<\/a><\/strong><\/li>\n<li><strong><a href=\"http:\/\/queestudiar.gencat.cat\/web\/.content\/home\/preinscripcio\/estudis\/idiomes\/consulta-centres\/oferta-1r-periode\/oferta-places-C1.pdf\" target=\"_blank\" rel=\"noopener noreferrer\">Consulta de places vacants<\/a><\/strong><\/li>\n<\/ul>\n<\/td>\n<\/tr>\n<\/tbody>\n<\/table>\n<p><strong>REQUISITS D\u2019ACC\u00c9S<\/strong><\/p>\n<p>Poden accedir a aquests cursos les persones que hagin obtingut un dels dos certificats seg\u00fcents:<\/p>\n<ol>\n<li>certificat de nivell avan\u00e7at de l&#8217;idioma corresponent<\/li>\n<li>certificat equivalent al nivell B2 del Marc europeu com\u00fa de refer\u00e8ncia per a les lleng\u00fces (MECR) del Consell d&#8217;Europa. Consulteu les <a href=\"http:\/\/queestudiar.gencat.cat\/web\/.content\/home\/preinscripcio\/estudis\/idiomes\/equivalents-c1\/equivalencies-angles.pdf\">taules d\u2019\u00ad\u00ad\u00ad\u00adequival\u00e8ncies<\/a>.<\/li>\n<\/ol>\n<p><strong>\u00a0<\/strong><\/p>\n<p><strong>QUI HA DE FER LA PREINSCRIPCI\u00d3?<\/strong><\/p>\n<p>Totes les persones que vulguin cursar el nivell C1 durant el curs 2017-18:<\/p>\n<ol>\n<li>Alumnes d\u2019EOI que hagin superat el certificat de nivell avan\u00e7at a les convocat\u00f2ries de febrer o juny de 2017.<\/li>\n<li>Alumnes de l\u2019EOI Osona del curs escolar anterior que repeteixen, no es van presentar o van resultar no aptes, o van renunciar a la matr\u00edcula.<\/li>\n<li>Les persones que hagin superat el certificat de Nivell Avan\u00e7at en les convocat\u00f2ries anteriors a les de febrer o juny de 2017.<\/li>\n<li>Les persones que tinguin un altre certificat equivalent al nivell B2.<\/li>\n<\/ol>\n<p>&nbsp;<\/p>\n<p><strong>QUAN<\/strong><\/p>\n<p>Les persones que vulguin estudiar el nivell C1 d\u2019angl\u00e8s a l\u2019Escola Oficial d\u2019Idiomes d\u2019Osona han de fer una preinscripci\u00f3. La preinscripci\u00f3 telem\u00e0tica comen\u00e7a l&#8217;1 de setembre a les 9.00 h i finalitza el 5 de setembre a les 14.00 h.<\/p>\n<p><strong>\u00a0<\/strong><\/p>\n<p><strong>COM \/ ON<\/strong><\/p>\n<p>La preinscripci\u00f3 es fa de forma telem\u00e0tica i \u00e9s un proc\u00e9s unificat per a totes les EOI catalanes:<\/p>\n<p><a href=\"https:\/\/www.eoidigital.com\/preinscripcioc1\/alumnes\/index.php\">Acc\u00e9s a la preinscripci\u00f3 telem\u00e0tica del C1.<\/a><\/p>\n<p><a href=\"http:\/\/queestudiar.gencat.cat\/web\/.content\/home\/preinscripcio\/estudis\/idiomes\/consulta-centres\/oferta-1r-periode\/oferta-places-C1.pdf\">Consulta de places vacants.<\/a><\/p>\n<p>\u00c9s important recordar que el nom d&#8217;usuari i la contrasenya que heu fet servir en l&#8217;aplicatiu de preinscripci\u00f3 us faran falta m\u00e9s endavant per seguir el proc\u00e9s.<\/p>\n<p>Si alguna persona interessada no disposa de connexi\u00f3 d&#8217;Internet, podr\u00e0 venir a fer la preinscripci\u00f3 presencialment el dia 5 de setembre (de 9.30h a 14.00h) a la secretaria de la nostra escola. Recordeu que presencial tan sols vol dir que podeu fer servir els ordinadors de l&#8217;escola per fer la preinscripci\u00f3.<\/p>\n<p>Cal portar el DNI , NIE o PASSAPORT.<\/p>\n<p><strong>\u00a0<\/strong><\/p>\n<p><strong>DESCRIPCI\u00d3 DE LA PROVA D\u2019ORDRE D\u2019ACC\u00c9S I INSTRUCCIONS PER AL DIA DE LA PROVA<\/strong><\/p>\n<p><strong>Convocat\u00f2ria \u00fanica el 7 de setembre a les 17.00 hores a l\u2019EOI Osona.<\/strong><\/p>\n<p>Consulteu el llistat de candidats que han de fer la prova d&#8217;ordre d&#8217;acc\u00e9s. Recordeu portar el certificat de B2 ( original i c\u00f2pia).<\/p>\n<p><a href=\"http:\/\/agora-eoi.xtec.cat\/eoiosona\/wp-content\/uploads\/usu2247\/2017\/09\/ADMISSIONS-PROVA-ORDRE-ACCES-C1.pdf\" target=\"_blank\" rel=\"noopener noreferrer\">ADMISSIONS PROVA ORDRE ACCES C1<\/a><\/p>\n<p>Cal que facin la prova per determinar l&#8217;ordre d&#8217;assignaci\u00f3 de les places:<\/p>\n<ul>\n<li>les persones que tinguin\u00a0el certificat de nivell avan\u00e7at en convocat\u00f2ries anteriors a les de febrer o juny de 2017;<\/li>\n<li>les persones que tinguin\u00a0un altre certificat equivalent al nivell B2.<\/li>\n<\/ul>\n<p>La <strong>prova<\/strong> t\u00e9 una dificultat comparable a la de les proves de nivell avan\u00e7at de l&#8217;escola oficial d&#8217;idiomes (nivell B2 del Marc europeu com\u00fa de refer\u00e8ncia per a les lleng\u00fces, MECR del Consell d&#8217;Europa).<\/p>\n<p>La prova consta de dues parts (es fan el mateix dia):<\/p>\n<ol>\n<li><strong>Primera part<\/strong> (durada aproximada: 60 minuts)\n<ul>\n<li>Prova d&#8217;\u00fas de la llengua (40 preguntes de resposta m\u00faltiple)<\/li>\n<li>Prova d&#8217;expressi\u00f3 escrita (un escrit de 150 paraules que cal triar entre dues opcions)<\/li>\n<\/ul>\n<\/li>\n<li><strong>Segona part<\/strong> (durada aproximada: 5 minuts)\n<ul>\n<li>Prova d&#8217;expressi\u00f3 i interacci\u00f3 oral (entrevista individual amb un o dos professors)<\/li>\n<\/ul>\n<\/li>\n<\/ol>\n<p><strong>Documentaci\u00f3 que cal presentar<\/strong> el dia de la prova:<\/p>\n<ul>\n<li>document d&#8217;identificaci\u00f3 personal, que inclogui una fotografia, per demostrar la identitat al comen\u00e7ament de la primera part del test i, si escau, a la segona part.<\/li>\n<li>el certificat de nivell avan\u00e7at de l&#8217;idioma corresponent o un certificat equivalent al nivell B2 del MERC del Consell d&#8217;Europa.<\/li>\n<\/ul>\n<p>&nbsp;<\/p>\n<p>Consulteu les mostres de les proves de nivell avan\u00e7at <a href=\"http:\/\/ensenyament.gencat.cat\/ca\/serveis-tramits\/proves\/proves-lliures-obtencio-titols\/convocat-ordinaria-idiomes\/mostres-proves\/\">aqu\u00ed<\/a>.<\/p>\n<p>&nbsp;<\/p>\n<p><strong>Assignaci\u00f3 de places<\/strong><\/p>\n<p>Per assignar les places, les sol\u00b7licituds de preinscripci\u00f3 s&#8217;ordenen de la manera seg\u00fcent:<\/p>\n<ol>\n<li>Candidats ordenats segons la qualificaci\u00f3 obtinguda al certificat de nivell avan\u00e7at (aprovat en les convocat\u00f2ries de febrer o juny del curs escolar anterior) o a la prova d&#8217;ordre d&#8217;acc\u00e9s.<\/li>\n<li>Alumnes repetidors del mateix centre, seguint l&#8217;ordre establert a partir del resultat del sorteig.<\/li>\n<li>Alumnes oficials del mateix centre amb situaci\u00f3 de no presentat, no qualificat o que han renunciat a la\u00a0matr\u00edcula, seguint l&#8217;ordre establert a partir del resultat del sorteig.<\/li>\n<\/ol>\n<p>&nbsp;<\/p>\n<p><strong>MATR\u00cdCULA NOU ALUMNAT CURS 2017-18<\/strong><\/p>\n<p>El <strong>18 de setembre<\/strong> es dur\u00e0 a terme <strong>l&#8217;assignaci\u00f3 de places<\/strong> seguint l\u2019ordre de la nota obtinguda a la prova d\u2019ordre (en el cas dels candidats que han fet la prova) o al Certificat Avan\u00e7at d\u2019Angl\u00e8s de les convocat\u00f2ries corresponents a l\u2019any 2017.<\/p>\n<p>Els alumnes admesos es podran <strong>matricular telem\u00e0ticament<\/strong> mitjan\u00e7ant l\u2019aplicaci\u00f3 inform\u00e0tica <strong>a partir de les 18.00 h del 18 de setembre i fins a les 23.59 h del 20 de setembre.<\/strong><\/p>\n<p>&nbsp;<\/p>\n","protected":false},"excerpt":{"rendered":"<p>Curs 2017-18 &#8211; Preinscripci\u00f3 i matr\u00edcula nou alumnat de C1 d&#8217;angl\u00e8s<\/p>\n","protected":false},"author":1,"featured_media":8789,"comment_status":"open","ping_status":"closed","sticky":false,"template":"","format":"standard","meta":{"_bbp_topic_count":0,"_bbp_reply_count":0,"_bbp_total_topic_count":0,"_bbp_total_reply_count":0,"_bbp_voice_count":0,"_bbp_anonymous_reply_count":0,"_bbp_topic_count_hidden":0,"_bbp_reply_count_hidden":0,"_bbp_forum_subforum_count":0,"site-sidebar-layout":"default","site-content-layout":"","ast-site-content-layout":"","site-content-style":"default","site-sidebar-style":"default","ast-global-header-display":"","ast-banner-title-visibility":"","ast-main-header-display":"","ast-hfb-above-header-display":"","ast-hfb-below-header-display":"","ast-hfb-mobile-header-display":"","site-post-title":"","ast-breadcrumbs-content":"","ast-featured-img":"","footer-sml-layout":"","theme-transparent-header-meta":"","adv-header-id-meta":"","stick-header-meta":"","header-above-stick-meta":"","header-main-stick-meta":"","header-below-stick-meta":"","astra-migrate-meta-layouts":"default","ast-page-background-enabled":"default","ast-page-background-meta":{"desktop":{"background-color":"var(--ast-global-color-4)","background-image":"","background-repeat":"repeat","background-position":"center center","background-size":"auto","background-attachment":"scroll","background-type":"","background-media":"","overlay-type":"","overlay-color":"","overlay-opacity":"","overlay-gradient":""},"tablet":{"background-color":"","background-image":"","background-repeat":"repeat","background-position":"center center","background-size":"auto","background-attachment":"scroll","background-type":"","background-media":"","overlay-type":"","overlay-color":"","overlay-opacity":"","overlay-gradient":""},"mobile":{"background-color":"","background-image":"","background-repeat":"repeat","background-position":"center center","background-size":"auto","background-attachment":"scroll","background-type":"","background-media":"","overlay-type":"","overlay-color":"","overlay-opacity":"","overlay-gradient":""}},"ast-content-background-meta":{"desktop":{"background-color":"var(--ast-global-color-5)","background-image":"","background-repeat":"repeat","background-position":"center center","background-size":"auto","background-attachment":"scroll","background-type":"","background-media":"","overlay-type":"","overlay-color":"","overlay-opacity":"","overlay-gradient":""},"tablet":{"background-color":"var(--ast-global-color-5)","background-image":"","background-repeat":"repeat","background-position":"center center","background-size":"auto","background-attachment":"scroll","background-type":"","background-media":"","overlay-type":"","overlay-color":"","overlay-opacity":"","overlay-gradient":""},"mobile":{"background-color":"var(--ast-global-color-5)","background-image":"","background-repeat":"repeat","background-position":"center center","background-size":"auto","background-attachment":"scroll","background-type":"","background-media":"","overlay-type":"","overlay-color":"","overlay-opacity":"","overlay-gradient":""}},"footnotes":""},"categories":[1],"tags":[],"class_list":["post-8362","post","type-post","status-publish","format-standard","has-post-thumbnail","hentry","category-general"],"post_mailing_queue_ids":[],"_links":{"self":[{"href":"https:\/\/agora-eoi.xtec.cat\/eoiosona\/wp-json\/wp\/v2\/posts\/8362","targetHints":{"allow":["GET"]}}],"collection":[{"href":"https:\/\/agora-eoi.xtec.cat\/eoiosona\/wp-json\/wp\/v2\/posts"}],"about":[{"href":"https:\/\/agora-eoi.xtec.cat\/eoiosona\/wp-json\/wp\/v2\/types\/post"}],"author":[{"embeddable":true,"href":"https:\/\/agora-eoi.xtec.cat\/eoiosona\/wp-json\/wp\/v2\/users\/1"}],"replies":[{"embeddable":true,"href":"https:\/\/agora-eoi.xtec.cat\/eoiosona\/wp-json\/wp\/v2\/comments?post=8362"}],"version-history":[{"count":4,"href":"https:\/\/agora-eoi.xtec.cat\/eoiosona\/wp-json\/wp\/v2\/posts\/8362\/revisions"}],"predecessor-version":[{"id":9077,"href":"https:\/\/agora-eoi.xtec.cat\/eoiosona\/wp-json\/wp\/v2\/posts\/8362\/revisions\/9077"}],"wp:featuredmedia":[{"embeddable":true,"href":"https:\/\/agora-eoi.xtec.cat\/eoiosona\/wp-json\/wp\/v2\/media\/8789"}],"wp:attachment":[{"href":"https:\/\/agora-eoi.xtec.cat\/eoiosona\/wp-json\/wp\/v2\/media?parent=8362"}],"wp:term":[{"taxonomy":"category","embeddable":true,"href":"https:\/\/agora-eoi.xtec.cat\/eoiosona\/wp-json\/wp\/v2\/categories?post=8362"},{"taxonomy":"post_tag","embeddable":true,"href":"https:\/\/agora-eoi.xtec.cat\/eoiosona\/wp-json\/wp\/v2\/tags?post=8362"}],"curies":[{"name":"wp","href":"https:\/\/api.w.org\/{rel}","templated":true}]}}