{"id":11868,"date":"2024-09-06T09:00:52","date_gmt":"2024-09-06T07:00:52","guid":{"rendered":"https:\/\/agora-eoi.xtec.cat\/eoiosona\/?p=11868"},"modified":"2024-09-12T17:25:28","modified_gmt":"2024-09-12T15:25:28","slug":"recordatori-de-preinscripcio-pel-curs-24-25","status":"publish","type":"post","link":"https:\/\/agora-eoi.xtec.cat\/eoiosona\/general\/recordatori-de-preinscripcio-pel-curs-24-25\/","title":{"rendered":"Matr\u00edcula nou alumnat curs 24-25"},"content":{"rendered":"<p>Per a les preinscripcions cliqueu en aquest <a href=\"https:\/\/www.eoidigital.com\/eoicat\/alumnes\/index.php\" target=\"_blank\" rel=\"noopener\">enlla\u00e7<\/a>\u00a0.<\/p>\n<p><strong>Les preinscripcions son del 2 al 9 de setembre de 2024 (abans de les 15h)<\/strong><\/p>\n<p>En <a href=\"https:\/\/agora-eoi.xtec.cat\/eoiosona\/preinscripcio\/\" target=\"_blank\" rel=\"noopener\">aquesta p\u00e0gina<\/a>\u00a0trobar\u00e0s tota la informaci\u00f3 per a la preinscripci\u00f3 i matr\u00edcula.<\/p>\n<p><a href=\"https:\/\/agora-eoi.xtec.cat\/eoiosona\/idiomes\/angles\/horaris-i-professorat-dangles\/\" target=\"_blank\" rel=\"noopener\">Horaris d&#8217;angl\u00e8s<\/a><\/p>\n<p><a href=\"https:\/\/agora-eoi.xtec.cat\/eoiosona\/idiomes\/frances\/horaris\/\" target=\"_blank\" rel=\"noopener\">Horaris de franc\u00e8s<\/a><\/p>\n<p><a href=\"https:\/\/agora-eoi.xtec.cat\/eoiosona\/idiomes\/catala\/horaris-i-professorat-de-catala\/\" target=\"_blank\" rel=\"noopener\">Horaris de catal\u00e0<\/a><\/p>\n<p><strong><span style=\"color: #ff0000;\">SI JA US HEU PREINSCRIT:<\/span> Assegureu-vos que heu seleccionat horari i formalitzeu la matr\u00edcula entre el 16 de setembre (18h) i el 18 de setembre!!<\/strong><\/p>\n<h5><span style=\"color: #0000ff;\"><strong>Aqu\u00ed teniu la infografia informativa<\/strong> sobre el proc\u00e9s de preinscripci\u00f3 i matr\u00edcula pel curs 24-25:<\/span><\/h5>\n<p><a href=\"https:\/\/agora-eoi.xtec.cat\/eoiosona\/wp-content\/uploads\/usu2247\/2024\/05\/Infografia_EOI_24-25.pdf\">Infografia_EOI_24-25<\/a><\/p>\n<p><span style=\"color: #ff0000;\"><strong>Publicaci\u00f3 places vacants: properament<\/strong><\/span><\/p>\n<p>&nbsp;<\/p>\n<p>&nbsp;<\/p>\n","protected":false},"excerpt":{"rendered":"<p>Per a les preinscripcions cliqueu en aquest enlla\u00e7\u00a0. Les preinscripcions son del 2 al 9 de setembre de 2024 (abans de les 15h) En aquesta p\u00e0gina\u00a0trobar\u00e0s tota la informaci\u00f3 per a la preinscripci\u00f3 i matr\u00edcula. Horaris d&#8217;angl\u00e8s Horaris de franc\u00e8s Horaris de catal\u00e0 SI JA US HEU PREINSCRIT: Assegureu-vos que heu seleccionat horari i formalitzeu [&hellip;]<\/p>\n","protected":false},"author":1,"featured_media":12069,"comment_status":"open","ping_status":"closed","sticky":false,"template":"","format":"standard","meta":{"_bbp_topic_count":0,"_bbp_reply_count":0,"_bbp_total_topic_count":0,"_bbp_total_reply_count":0,"_bbp_voice_count":0,"_bbp_anonymous_reply_count":0,"_bbp_topic_count_hidden":0,"_bbp_reply_count_hidden":0,"_bbp_forum_subforum_count":0,"site-sidebar-layout":"default","site-content-layout":"","ast-site-content-layout":"","site-content-style":"default","site-sidebar-style":"default","ast-global-header-display":"","ast-banner-title-visibility":"","ast-main-header-display":"","ast-hfb-above-header-display":"","ast-hfb-below-header-display":"","ast-hfb-mobile-header-display":"","site-post-title":"","ast-breadcrumbs-content":"","ast-featured-img":"","footer-sml-layout":"","theme-transparent-header-meta":"","adv-header-id-meta":"","stick-header-meta":"","header-above-stick-meta":"","header-main-stick-meta":"","header-below-stick-meta":"","astra-migrate-meta-layouts":"default","ast-page-background-enabled":"default","ast-page-background-meta":{"desktop":{"background-color":"var(--ast-global-color-4)","background-image":"","background-repeat":"repeat","background-position":"center center","background-size":"auto","background-attachment":"scroll","background-type":"","background-media":"","overlay-type":"","overlay-color":"","overlay-opacity":"","overlay-gradient":""},"tablet":{"background-color":"","background-image":"","background-repeat":"repeat","background-position":"center center","background-size":"auto","background-attachment":"scroll","background-type":"","background-media":"","overlay-type":"","overlay-color":"","overlay-opacity":"","overlay-gradient":""},"mobile":{"background-color":"","background-image":"","background-repeat":"repeat","background-position":"center center","background-size":"auto","background-attachment":"scroll","background-type":"","background-media":"","overlay-type":"","overlay-color":"","overlay-opacity":"","overlay-gradient":""}},"ast-content-background-meta":{"desktop":{"background-color":"var(--ast-global-color-5)","background-image":"","background-repeat":"repeat","background-position":"center center","background-size":"auto","background-attachment":"scroll","background-type":"","background-media":"","overlay-type":"","overlay-color":"","overlay-opacity":"","overlay-gradient":""},"tablet":{"background-color":"var(--ast-global-color-5)","background-image":"","background-repeat":"repeat","background-position":"center center","background-size":"auto","background-attachment":"scroll","background-type":"","background-media":"","overlay-type":"","overlay-color":"","overlay-opacity":"","overlay-gradient":""},"mobile":{"background-color":"var(--ast-global-color-5)","background-image":"","background-repeat":"repeat","background-position":"center center","background-size":"auto","background-attachment":"scroll","background-type":"","background-media":"","overlay-type":"","overlay-color":"","overlay-opacity":"","overlay-gradient":""}},"footnotes":""},"categories":[1,29],"tags":[],"class_list":["post-11868","post","type-post","status-publish","format-standard","has-post-thumbnail","hentry","category-general","category-portada"],"post_mailing_queue_ids":[],"_links":{"self":[{"href":"https:\/\/agora-eoi.xtec.cat\/eoiosona\/wp-json\/wp\/v2\/posts\/11868","targetHints":{"allow":["GET"]}}],"collection":[{"href":"https:\/\/agora-eoi.xtec.cat\/eoiosona\/wp-json\/wp\/v2\/posts"}],"about":[{"href":"https:\/\/agora-eoi.xtec.cat\/eoiosona\/wp-json\/wp\/v2\/types\/post"}],"author":[{"embeddable":true,"href":"https:\/\/agora-eoi.xtec.cat\/eoiosona\/wp-json\/wp\/v2\/users\/1"}],"replies":[{"embeddable":true,"href":"https:\/\/agora-eoi.xtec.cat\/eoiosona\/wp-json\/wp\/v2\/comments?post=11868"}],"version-history":[{"count":5,"href":"https:\/\/agora-eoi.xtec.cat\/eoiosona\/wp-json\/wp\/v2\/posts\/11868\/revisions"}],"predecessor-version":[{"id":12070,"href":"https:\/\/agora-eoi.xtec.cat\/eoiosona\/wp-json\/wp\/v2\/posts\/11868\/revisions\/12070"}],"wp:featuredmedia":[{"embeddable":true,"href":"https:\/\/agora-eoi.xtec.cat\/eoiosona\/wp-json\/wp\/v2\/media\/12069"}],"wp:attachment":[{"href":"https:\/\/agora-eoi.xtec.cat\/eoiosona\/wp-json\/wp\/v2\/media?parent=11868"}],"wp:term":[{"taxonomy":"category","embeddable":true,"href":"https:\/\/agora-eoi.xtec.cat\/eoiosona\/wp-json\/wp\/v2\/categories?post=11868"},{"taxonomy":"post_tag","embeddable":true,"href":"https:\/\/agora-eoi.xtec.cat\/eoiosona\/wp-json\/wp\/v2\/tags?post=11868"}],"curies":[{"name":"wp","href":"https:\/\/api.w.org\/{rel}","templated":true}]}}