{"id":13569,"date":"2026-01-04T11:20:01","date_gmt":"2026-01-04T10:20:01","guid":{"rendered":"https:\/\/agora-eoi.xtec.cat\/eoiguixols\/?p=13569"},"modified":"2026-01-04T11:29:33","modified_gmt":"2026-01-04T10:29:33","slug":"borsa-destada-linguistica-john-langdon-davies-i-canterbury-i-curs-2024-2025","status":"publish","type":"post","link":"https:\/\/agora-eoi.xtec.cat\/eoiguixols\/borses-destada-linguistica-john-langdon-davies\/borsa-destada-linguistica-john-langdon-davies-i-canterbury-i-curs-2024-2025\/","title":{"rendered":"Borsa d\u2019Estada Ling\u00fc\u00edstica John Langdon-Davies I Canterbury I Curs 2024-2025"},"content":{"rendered":"<ol>\n<li>\n<h6><strong>\u00a0Introducci\u00f3\u00a0<\/strong><\/h6>\n<\/li>\n<\/ol>\n<p style=\"text-align: left;\">El 23 de maig de 2024 l\u2019Escola Oficial d\u2019Idiomes de Sant Feliu de Gu\u00edxols em va atorgar una borsa John Langdon-Davies per realitzar una estada ling\u00fc\u00edstica al\u00a0 sud-est d\u2019Anglaterra. Actualment soc alumne de nivell B2-1 d\u2019angl\u00e8s, i aquesta oportunitat m\u2019ha perm\u00e8s aprofundir en l\u2019aprenentatge de la llengua en un context immersiu i culturalment estimulant.<\/p>\n<ol start=\"2\">\n<li>\n<h6><strong> Motivaci\u00f3 i objectius de l\u2019estada<\/strong><\/h6>\n<\/li>\n<\/ol>\n<p><a href=\"https:\/\/agora-eoi.xtec.cat\/eoiguixols\/wp-content\/uploads\/usu2257\/2026\/01\/Canterbury_2.jpg.png\"><img loading=\"lazy\" decoding=\"async\" class=\" wp-image-13573 alignright\" src=\"https:\/\/agora-eoi.xtec.cat\/eoiguixols\/wp-content\/uploads\/usu2257\/2026\/01\/Canterbury_2.jpg-300x225.png\" alt=\"\" width=\"251\" height=\"188\" srcset=\"https:\/\/agora-eoi.xtec.cat\/eoiguixols\/wp-content\/uploads\/usu2257\/2026\/01\/Canterbury_2.jpg-300x225.png 300w, https:\/\/agora-eoi.xtec.cat\/eoiguixols\/wp-content\/uploads\/usu2257\/2026\/01\/Canterbury_2.jpg.png 393w\" sizes=\"auto, (max-width: 251px) 100vw, 251px\" \/><\/a>Un dels motius que em porta a estudiar angl\u00e8s \u00e9s accedir a coneixement cultural i professional d\u2019arreu del m\u00f3n. L\u2019any passat vaig llegir <em>How to Enjoy Architecture<\/em>, de l\u2019arquitecte i professor universitari Charles Holland. Aquesta lectura em va motivar a con\u00e8ixer-ne l\u2019autor i el context acad\u00e8mic on treballa: la University for the Creative Arts de Canterbury (UCA).<\/p>\n<p>Com a arquitecte i professor associat de l\u2019Escola T\u00e8cnica Superior d\u2019Arquitectura de Barcelona, vaig veure en aquesta estada una oportunitat \u00fanica per visitar una universitat especialitzada en arts creatives i comprendre noves formes de doc\u00e8ncia i producci\u00f3 art\u00edstica.<\/p>\n<ol start=\"3\">\n<li>\n<h6><strong> Experi\u00e8ncia a la UCA Canterbury<\/strong><\/h6>\n<\/li>\n<\/ol>\n<h6><strong><a href=\"https:\/\/agora-eoi.xtec.cat\/eoiguixols\/wp-content\/uploads\/usu2257\/2026\/01\/Canterbury_6.png\"><img loading=\"lazy\" decoding=\"async\" class=\"wp-image-13580 alignleft\" src=\"https:\/\/agora-eoi.xtec.cat\/eoiguixols\/wp-content\/uploads\/usu2257\/2026\/01\/Canterbury_6-300x210.png\" alt=\"\" width=\"177\" height=\"124\" srcset=\"https:\/\/agora-eoi.xtec.cat\/eoiguixols\/wp-content\/uploads\/usu2257\/2026\/01\/Canterbury_6-300x210.png 300w, https:\/\/agora-eoi.xtec.cat\/eoiguixols\/wp-content\/uploads\/usu2257\/2026\/01\/Canterbury_6.png 421w\" sizes=\"auto, (max-width: 177px) 100vw, 177px\" \/><\/a><\/strong><\/h6>\n<p>L\u2019estada va ser profundament enriquidora. Durant una setmana vaig poder con\u00e8ixer de primera m\u00e0 el funcionament diari de la UCA Canterbury, un campus d\u2019uns 910 estudiants dedicat exclusivament a les arts creatives. Vaig entrevistar-me amb responsables de disseny, belles arts, arquitectura, comunicaci\u00f3 visual i interiorisme, i vaig participar en tallers tant de grau com de postgrau.<\/p>\n<p>La rebuda va ser excel\u00b7lent: tot l\u2019equip docent i administratiu va mostrar un gran inter\u00e8s per compartir experi\u00e8ncies i obrir-me les portes del seu centre.<\/p>\n<ol start=\"4\">\n<li>\n<h6><strong> Entrevista amb Charles Holland<\/strong><\/h6>\n<\/li>\n<\/ol>\n<p><a href=\"https:\/\/agora-eoi.xtec.cat\/eoiguixols\/wp-content\/uploads\/usu2257\/2026\/01\/Canterbury_4.jpg\"><img loading=\"lazy\" decoding=\"async\" class=\" wp-image-13577 alignleft\" src=\"https:\/\/agora-eoi.xtec.cat\/eoiguixols\/wp-content\/uploads\/usu2257\/2026\/01\/Canterbury_4-300x225.jpg\" alt=\"\" width=\"144\" height=\"108\" srcset=\"https:\/\/agora-eoi.xtec.cat\/eoiguixols\/wp-content\/uploads\/usu2257\/2026\/01\/Canterbury_4-300x225.jpg 300w, https:\/\/agora-eoi.xtec.cat\/eoiguixols\/wp-content\/uploads\/usu2257\/2026\/01\/Canterbury_4.jpg 635w\" sizes=\"auto, (max-width: 144px) 100vw, 144px\" \/><\/a>Un dels moments m\u00e9s especials del viatge va ser l\u2019entrevista amb Charles Holland i la participaci\u00f3 en una sessi\u00f3 del seu taller de projectes. Poder conversar amb l\u2019autor d\u2019un llibre que havia llegit pr\u00e8viament va ser una experi\u00e8ncia excepcional, tot i les meves limitacions ling\u00fc\u00edstiques. Va ser una de les viv\u00e8ncies m\u00e9s estimulants, tant a nivell personal com professional.<\/p>\n<ol start=\"5\">\n<li>\n<h6><strong> Descoberta del territori: Canterbury i Folkestone<\/strong><\/h6>\n<\/li>\n<\/ol>\n<p>En els moments lliures vaig visitar Canterbury i Folkestone. Inicialment volia explorar Dover, per\u00f2 diversos professors em van recomanar Folkestone pel seu gran inter\u00e8s arquitect\u00f2nic i cultural. El municipi ha experimentat una transformaci\u00f3 notable: s\u2019ha convertit en un centre vibrant de producci\u00f3 art\u00edstica amb galeries, espais culturals, festivals i una profunda renovaci\u00f3 del seu port.<\/p>\n<ol start=\"6\">\n<li>\n<h6><strong> Impacte ling\u00fc\u00edstic i personal<\/strong><\/h6>\n<\/li>\n<\/ol>\n<p>L\u2019estada ha estat una immersi\u00f3 completa en angl\u00e8s: una experi\u00e8ncia exigent en alguns moments, per\u00f2 sobretot motivadora. M\u2019ha ajudat a perdre la por a comunicar-me, a guanyar flu\u00efdesa i a situar l\u2019aprenentatge de la llengua com una eina indispensable per accedir a noves realitats professionals i culturals.<\/p>\n<p>Tamb\u00e9 he descobert que el coneixement no t\u00e9 l\u00edmits i que, amb esfor\u00e7 i curiositat, gaireb\u00e9 tot \u00e9s accessible.<\/p>\n<ol start=\"7\">\n<li>\n<h6><strong> Conclusions i agra\u00efments<\/strong><\/h6>\n<\/li>\n<\/ol>\n<p>Aquesta estada ling\u00fc\u00edstica ha estat una experi\u00e8ncia magn\u00edfica, tant en l\u2019\u00e0mbit acad\u00e8mic com personal. Agraeixo sincerament a l\u2019EOI de Sant Feliu de Gu\u00edxols l\u2019oportunitat i el suport per fer-la<a href=\"https:\/\/agora-eoi.xtec.cat\/eoiguixols\/wp-content\/uploads\/usu2257\/2026\/01\/Canterbury_5.jpg\"><img loading=\"lazy\" decoding=\"async\" class=\"wp-image-13578 alignright\" src=\"https:\/\/agora-eoi.xtec.cat\/eoiguixols\/wp-content\/uploads\/usu2257\/2026\/01\/Canterbury_5-300x222.jpg\" alt=\"\" width=\"223\" height=\"165\" srcset=\"https:\/\/agora-eoi.xtec.cat\/eoiguixols\/wp-content\/uploads\/usu2257\/2026\/01\/Canterbury_5-300x222.jpg 300w, https:\/\/agora-eoi.xtec.cat\/eoiguixols\/wp-content\/uploads\/usu2257\/2026\/01\/Canterbury_5-1024x757.jpg 1024w, https:\/\/agora-eoi.xtec.cat\/eoiguixols\/wp-content\/uploads\/usu2257\/2026\/01\/Canterbury_5-768x568.jpg 768w, https:\/\/agora-eoi.xtec.cat\/eoiguixols\/wp-content\/uploads\/usu2257\/2026\/01\/Canterbury_5.jpg 1196w\" sizes=\"auto, (max-width: 223px) 100vw, 223px\" \/><\/a> possible.<\/p>\n<p>Sant Feliu de Gu\u00edxols 4 de desembre de 2025<\/p>\n<p>Erik Sol\u00e9s Brull<\/p>\n<p><strong>(aneu <a href=\"https:\/\/agora-eoi.xtec.cat\/eoiguixols\/wp-content\/uploads\/usu2257\/2026\/01\/Canterbury_Erik_Soles.pdf\" target=\"_blank\" rel=\"noopener\">aqu\u00ed<\/a> per accedir al document sencer)<\/strong><\/p>\n","protected":false},"excerpt":{"rendered":"<p>\u00a0Introducci\u00f3\u00a0 El 23 de maig de 2024 l\u2019Escola Oficial d\u2019Idiomes de Sant Feliu de Gu\u00edxols em va atorgar una borsa John Langdon-Davies per realitzar una estada ling\u00fc\u00edstica al\u00a0 sud-est d\u2019Anglaterra. Actualment soc alumne de nivell B2-1 d\u2019angl\u00e8s, i aquesta oportunitat m\u2019ha perm\u00e8s aprofundir en l\u2019aprenentatge de la llengua en un context immersiu i culturalment estimulant. [&hellip;]<\/p>\n","protected":false},"author":1,"featured_media":13571,"comment_status":"closed","ping_status":"closed","sticky":false,"template":"","format":"standard","meta":{"_bbp_topic_count":0,"_bbp_reply_count":0,"_bbp_total_topic_count":0,"_bbp_total_reply_count":0,"_bbp_voice_count":0,"_bbp_anonymous_reply_count":0,"_bbp_topic_count_hidden":0,"_bbp_reply_count_hidden":0,"_bbp_forum_subforum_count":0,"site-sidebar-layout":"default","site-content-layout":"","ast-site-content-layout":"default","site-content-style":"default","site-sidebar-style":"default","ast-global-header-display":"","ast-banner-title-visibility":"","ast-main-header-display":"","ast-hfb-above-header-display":"","ast-hfb-below-header-display":"","ast-hfb-mobile-header-display":"","site-post-title":"","ast-breadcrumbs-content":"","ast-featured-img":"","footer-sml-layout":"","theme-transparent-header-meta":"default","adv-header-id-meta":"","stick-header-meta":"","header-above-stick-meta":"","header-main-stick-meta":"","header-below-stick-meta":"","astra-migrate-meta-layouts":"set","ast-page-background-enabled":"default","ast-page-background-meta":{"desktop":{"background-color":"var(--ast-global-color-4)","background-image":"","background-repeat":"repeat","background-position":"center center","background-size":"auto","background-attachment":"scroll","background-type":"","background-media":"","overlay-type":"","overlay-color":"","overlay-opacity":"","overlay-gradient":""},"tablet":{"background-color":"","background-image":"","background-repeat":"repeat","background-position":"center center","background-size":"auto","background-attachment":"scroll","background-type":"","background-media":"","overlay-type":"","overlay-color":"","overlay-opacity":"","overlay-gradient":""},"mobile":{"background-color":"","background-image":"","background-repeat":"repeat","background-position":"center center","background-size":"auto","background-attachment":"scroll","background-type":"","background-media":"","overlay-type":"","overlay-color":"","overlay-opacity":"","overlay-gradient":""}},"ast-content-background-meta":{"desktop":{"background-color":"var(--ast-global-color-5)","background-image":"","background-repeat":"repeat","background-position":"center center","background-size":"auto","background-attachment":"scroll","background-type":"","background-media":"","overlay-type":"","overlay-color":"","overlay-opacity":"","overlay-gradient":""},"tablet":{"background-color":"var(--ast-global-color-5)","background-image":"","background-repeat":"repeat","background-position":"center center","background-size":"auto","background-attachment":"scroll","background-type":"","background-media":"","overlay-type":"","overlay-color":"","overlay-opacity":"","overlay-gradient":""},"mobile":{"background-color":"var(--ast-global-color-5)","background-image":"","background-repeat":"repeat","background-position":"center center","background-size":"auto","background-attachment":"scroll","background-type":"","background-media":"","overlay-type":"","overlay-color":"","overlay-opacity":"","overlay-gradient":""}},"footnotes":""},"categories":[303],"tags":[],"class_list":["post-13569","post","type-post","status-publish","format-standard","has-post-thumbnail","hentry","category-borses-destada-linguistica-john-langdon-davies"],"post_mailing_queue_ids":[],"_links":{"self":[{"href":"https:\/\/agora-eoi.xtec.cat\/eoiguixols\/wp-json\/wp\/v2\/posts\/13569","targetHints":{"allow":["GET"]}}],"collection":[{"href":"https:\/\/agora-eoi.xtec.cat\/eoiguixols\/wp-json\/wp\/v2\/posts"}],"about":[{"href":"https:\/\/agora-eoi.xtec.cat\/eoiguixols\/wp-json\/wp\/v2\/types\/post"}],"author":[{"embeddable":true,"href":"https:\/\/agora-eoi.xtec.cat\/eoiguixols\/wp-json\/wp\/v2\/users\/1"}],"replies":[{"embeddable":true,"href":"https:\/\/agora-eoi.xtec.cat\/eoiguixols\/wp-json\/wp\/v2\/comments?post=13569"}],"version-history":[{"count":4,"href":"https:\/\/agora-eoi.xtec.cat\/eoiguixols\/wp-json\/wp\/v2\/posts\/13569\/revisions"}],"predecessor-version":[{"id":13581,"href":"https:\/\/agora-eoi.xtec.cat\/eoiguixols\/wp-json\/wp\/v2\/posts\/13569\/revisions\/13581"}],"wp:featuredmedia":[{"embeddable":true,"href":"https:\/\/agora-eoi.xtec.cat\/eoiguixols\/wp-json\/wp\/v2\/media\/13571"}],"wp:attachment":[{"href":"https:\/\/agora-eoi.xtec.cat\/eoiguixols\/wp-json\/wp\/v2\/media?parent=13569"}],"wp:term":[{"taxonomy":"category","embeddable":true,"href":"https:\/\/agora-eoi.xtec.cat\/eoiguixols\/wp-json\/wp\/v2\/categories?post=13569"},{"taxonomy":"post_tag","embeddable":true,"href":"https:\/\/agora-eoi.xtec.cat\/eoiguixols\/wp-json\/wp\/v2\/tags?post=13569"}],"curies":[{"name":"wp","href":"https:\/\/api.w.org\/{rel}","templated":true}]}}