{"id":12812,"date":"2024-05-17T18:02:45","date_gmt":"2024-05-17T16:02:45","guid":{"rendered":"https:\/\/agora-eoi.xtec.cat\/eoiguixols\/?p=12812"},"modified":"2024-05-17T18:33:59","modified_gmt":"2024-05-17T16:33:59","slug":"iv-acte-datorgament-borses-destada-linguistica-john-langdon-davies","status":"publish","type":"post","link":"https:\/\/agora-eoi.xtec.cat\/eoiguixols\/borses-destada-linguistica-john-langdon-davies\/iv-acte-datorgament-borses-destada-linguistica-john-langdon-davies\/","title":{"rendered":"IV Acte d&#8217;atorgament Borses d&#8217;estada ling\u00fc\u00edstica John Langdon-Davies"},"content":{"rendered":"<p>El passat divendres, 10 de maig, va tenir lloc a la sala Abat Panyelles del monestir de Sant Feliu de Gu\u00edxols la IV edici\u00f3 de l&#8217;Acte d&#8217;atorgament Borses d&#8217;estada ling\u00fc\u00edstica John Langdon-Davies, organitzat per l\u2019Escola Oficial d\u2019Idiomes, amb la col\u00b7laboraci\u00f3 de l\u2019Ajuntament de Sant Feliu de Gu\u00edxols.<\/p>\n<div class=\"ast-oembed-container \" style=\"height: 100%;\"><iframe loading=\"lazy\" title=\"Dues alumnes reben la beca d&#039;estada ling\u00fc\u00edstica de l&#039;EOI de Sant Feliu de Gu\u00edxols\" width=\"500\" height=\"281\" src=\"https:\/\/www.youtube.com\/embed\/THA2DwSM9cA?feature=oembed\" frameborder=\"0\" allow=\"accelerometer; autoplay; clipboard-write; encrypted-media; gyroscope; picture-in-picture; web-share\" referrerpolicy=\"strict-origin-when-cross-origin\" allowfullscreen><\/iframe><\/div>\n<p>Com cada any, vam tenir el plaer de comptar amb la pres\u00e8ncia del Sr. James Langdon-Davies, fill de John Langdon-Davies, i el Sr. Carles Motas, alcalde de la ciutat.<\/p>\n<p>Com a novetat d&#8217;enguany tamb\u00e9 es va fer entrega dels ajuts per a la compra de material did\u00e0ctic que l&#8217;EOI ofereix cada anys al seu alumnat.<a href=\"https:\/\/agora-eoi.xtec.cat\/eoiguixols\/wp-content\/uploads\/usu2257\/2024\/05\/20240510_181816-scaled.jpg\"><img loading=\"lazy\" decoding=\"async\" class=\"size-medium wp-image-12820 alignleft\" src=\"https:\/\/agora-eoi.xtec.cat\/eoiguixols\/wp-content\/uploads\/usu2257\/2024\/05\/20240510_181816-300x169.jpg\" alt=\"\" width=\"300\" height=\"169\" srcset=\"https:\/\/agora-eoi.xtec.cat\/eoiguixols\/wp-content\/uploads\/usu2257\/2024\/05\/20240510_181816-300x169.jpg 300w, https:\/\/agora-eoi.xtec.cat\/eoiguixols\/wp-content\/uploads\/usu2257\/2024\/05\/20240510_181816-1024x577.jpg 1024w, https:\/\/agora-eoi.xtec.cat\/eoiguixols\/wp-content\/uploads\/usu2257\/2024\/05\/20240510_181816-768x432.jpg 768w, https:\/\/agora-eoi.xtec.cat\/eoiguixols\/wp-content\/uploads\/usu2257\/2024\/05\/20240510_181816-1536x865.jpg 1536w, https:\/\/agora-eoi.xtec.cat\/eoiguixols\/wp-content\/uploads\/usu2257\/2024\/05\/20240510_181816-2048x1153.jpg 2048w\" sizes=\"auto, (max-width: 300px) 100vw, 300px\" \/><\/a><\/p>\n<p>Abans de fer p\u00fablics els noms de les guanyadores, les dues benefici\u00e0ries de l\u2019any passat, com \u00e9s habitual, van explicar l\u2019experi\u00e8ncia viscuda durant la seva estada ling\u00fc\u00edstica.<\/p>\n<p>&nbsp;<\/p>\n<p>Els projectes guanyadors d\u2019enguany s\u00f3n els de les seg\u00fcents alumnes:<a href=\"https:\/\/agora-eoi.xtec.cat\/eoiguixols\/wp-content\/uploads\/usu2257\/2024\/05\/WhatsApp-Image-2024-05-17-at-17.20.37.jpeg\"><img loading=\"lazy\" decoding=\"async\" class=\"size-medium wp-image-12816 alignright\" src=\"https:\/\/agora-eoi.xtec.cat\/eoiguixols\/wp-content\/uploads\/usu2257\/2024\/05\/WhatsApp-Image-2024-05-17-at-17.20.37-226x300.jpeg\" alt=\"\" width=\"226\" height=\"300\" srcset=\"https:\/\/agora-eoi.xtec.cat\/eoiguixols\/wp-content\/uploads\/usu2257\/2024\/05\/WhatsApp-Image-2024-05-17-at-17.20.37-226x300.jpeg 226w, https:\/\/agora-eoi.xtec.cat\/eoiguixols\/wp-content\/uploads\/usu2257\/2024\/05\/WhatsApp-Image-2024-05-17-at-17.20.37-771x1024.jpeg 771w, https:\/\/agora-eoi.xtec.cat\/eoiguixols\/wp-content\/uploads\/usu2257\/2024\/05\/WhatsApp-Image-2024-05-17-at-17.20.37-768x1021.jpeg 768w, https:\/\/agora-eoi.xtec.cat\/eoiguixols\/wp-content\/uploads\/usu2257\/2024\/05\/WhatsApp-Image-2024-05-17-at-17.20.37-1156x1536.jpeg 1156w, https:\/\/agora-eoi.xtec.cat\/eoiguixols\/wp-content\/uploads\/usu2257\/2024\/05\/WhatsApp-Image-2024-05-17-at-17.20.37.jpeg 1204w\" sizes=\"auto, (max-width: 226px) 100vw, 226px\" \/><\/a><\/p>\n<ul>\n<li><strong>J\u00falia Oliv\u00e9 Carmona<\/strong>, alumna que est\u00e0 cursant B2.1 d\u2019angl\u00e8s en la modalitat presencial. Aquest estiu far\u00e0 una estada ling\u00fc\u00edstica d\u2019una setmana a Edimburg, on far\u00e0 un breu curs intensiu d\u2019angl\u00e8s als matins a The Language Institute, i s\u2019allotjar\u00e0 amb una fam\u00edlia d\u2019acollida escocesa, realitzant tallers formatius relacionats amb el disseny gr\u00e0fic fora de la instituci\u00f3 per tal de completar l\u2019experi\u00e8ncia d\u2019immersi\u00f3 ling\u00fc\u00edstica i cultural.<\/li>\n<li><strong>Itziar Garcia Tejedor<\/strong>, alumna d\u2019angl\u00e8s a l\u2019escola actualment cursant B1 al grup de tarda. El projecte consisteix en una estada de dues setmanes a Manchester on far\u00e0 un curs intesiu de 32 sessions setmanals a la EF International School. S\u2019allotjar\u00e0 en una resid\u00e8ncia d\u2019estudiants i a les tardes participar\u00e0 en un ventall d\u2019activitats culturals que de ben segur li serviran d\u2019experi\u00e8ncia immersiva tant a nivell ling\u00fc\u00edstic com cultural.<\/li>\n<\/ul>\n<p><a href=\"https:\/\/agora-eoi.xtec.cat\/eoiguixols\/wp-content\/uploads\/usu2257\/2024\/05\/20240510_190655-scaled.jpg\"><img loading=\"lazy\" decoding=\"async\" class=\"size-medium wp-image-12818 alignleft\" src=\"https:\/\/agora-eoi.xtec.cat\/eoiguixols\/wp-content\/uploads\/usu2257\/2024\/05\/20240510_190655-169x300.jpg\" alt=\"\" width=\"169\" height=\"300\" srcset=\"https:\/\/agora-eoi.xtec.cat\/eoiguixols\/wp-content\/uploads\/usu2257\/2024\/05\/20240510_190655-169x300.jpg 169w, https:\/\/agora-eoi.xtec.cat\/eoiguixols\/wp-content\/uploads\/usu2257\/2024\/05\/20240510_190655-577x1024.jpg 577w, https:\/\/agora-eoi.xtec.cat\/eoiguixols\/wp-content\/uploads\/usu2257\/2024\/05\/20240510_190655-768x1364.jpg 768w, https:\/\/agora-eoi.xtec.cat\/eoiguixols\/wp-content\/uploads\/usu2257\/2024\/05\/20240510_190655-865x1536.jpg 865w, https:\/\/agora-eoi.xtec.cat\/eoiguixols\/wp-content\/uploads\/usu2257\/2024\/05\/20240510_190655-1153x2048.jpg 1153w, https:\/\/agora-eoi.xtec.cat\/eoiguixols\/wp-content\/uploads\/usu2257\/2024\/05\/20240510_190655-scaled.jpg 1441w\" sizes=\"auto, (max-width: 169px) 100vw, 169px\" \/><\/a>Finalment, l\u2019acte va comptar amb la pres\u00e8ncia de la Cord\u00e8lia Alegre i la Cl\u00e0udia Arag\u00f3n,\u00a0codirectores del documental \u2018La dist\u00e0ncia dels noms\u2019, on es fa pal\u00e8s el llegat de l\u2019obra humanit\u00e0ria de John Langdon-Davies,\u00a0la creaci\u00f3 de Plan International al 1937, una ONG dedicada a apadrinar nens i nenes v\u00edctimes de la Guerra Civil espanyola.<\/p>\n<p>Enhorabona a les guardonades i moltes gr\u00e0cies a tothom per l\u2019assist\u00e8ncia!<\/p>\n","protected":false},"excerpt":{"rendered":"<p>El passat divendres, 10 de maig, va tenir lloc a la sala Abat Panyelles del monestir de Sant Feliu de Gu\u00edxols la IV edici\u00f3 de l&#8217;Acte d&#8217;atorgament Borses d&#8217;estada ling\u00fc\u00edstica John Langdon-Davies, organitzat per l\u2019Escola Oficial d\u2019Idiomes, amb la col\u00b7laboraci\u00f3 de l\u2019Ajuntament de Sant Feliu de Gu\u00edxols. Com cada any, vam tenir el plaer de [&hellip;]<\/p>\n","protected":false},"author":1,"featured_media":12822,"comment_status":"open","ping_status":"closed","sticky":false,"template":"","format":"standard","meta":{"_bbp_topic_count":0,"_bbp_reply_count":0,"_bbp_total_topic_count":0,"_bbp_total_reply_count":0,"_bbp_voice_count":0,"_bbp_anonymous_reply_count":0,"_bbp_topic_count_hidden":0,"_bbp_reply_count_hidden":0,"_bbp_forum_subforum_count":0,"site-sidebar-layout":"default","site-content-layout":"","ast-site-content-layout":"","site-content-style":"default","site-sidebar-style":"default","ast-global-header-display":"","ast-banner-title-visibility":"","ast-main-header-display":"","ast-hfb-above-header-display":"","ast-hfb-below-header-display":"","ast-hfb-mobile-header-display":"","site-post-title":"","ast-breadcrumbs-content":"","ast-featured-img":"","footer-sml-layout":"","theme-transparent-header-meta":"","adv-header-id-meta":"","stick-header-meta":"","header-above-stick-meta":"","header-main-stick-meta":"","header-below-stick-meta":"","astra-migrate-meta-layouts":"default","ast-page-background-enabled":"default","ast-page-background-meta":{"desktop":{"background-color":"var(--ast-global-color-4)","background-image":"","background-repeat":"repeat","background-position":"center center","background-size":"auto","background-attachment":"scroll","background-type":"","background-media":"","overlay-type":"","overlay-color":"","overlay-opacity":"","overlay-gradient":""},"tablet":{"background-color":"","background-image":"","background-repeat":"repeat","background-position":"center center","background-size":"auto","background-attachment":"scroll","background-type":"","background-media":"","overlay-type":"","overlay-color":"","overlay-opacity":"","overlay-gradient":""},"mobile":{"background-color":"","background-image":"","background-repeat":"repeat","background-position":"center center","background-size":"auto","background-attachment":"scroll","background-type":"","background-media":"","overlay-type":"","overlay-color":"","overlay-opacity":"","overlay-gradient":""}},"ast-content-background-meta":{"desktop":{"background-color":"var(--ast-global-color-5)","background-image":"","background-repeat":"repeat","background-position":"center center","background-size":"auto","background-attachment":"scroll","background-type":"","background-media":"","overlay-type":"","overlay-color":"","overlay-opacity":"","overlay-gradient":""},"tablet":{"background-color":"var(--ast-global-color-5)","background-image":"","background-repeat":"repeat","background-position":"center center","background-size":"auto","background-attachment":"scroll","background-type":"","background-media":"","overlay-type":"","overlay-color":"","overlay-opacity":"","overlay-gradient":""},"mobile":{"background-color":"var(--ast-global-color-5)","background-image":"","background-repeat":"repeat","background-position":"center center","background-size":"auto","background-attachment":"scroll","background-type":"","background-media":"","overlay-type":"","overlay-color":"","overlay-opacity":"","overlay-gradient":""}},"footnotes":""},"categories":[303],"tags":[],"class_list":["post-12812","post","type-post","status-publish","format-standard","has-post-thumbnail","hentry","category-borses-destada-linguistica-john-langdon-davies"],"post_mailing_queue_ids":[],"_links":{"self":[{"href":"https:\/\/agora-eoi.xtec.cat\/eoiguixols\/wp-json\/wp\/v2\/posts\/12812","targetHints":{"allow":["GET"]}}],"collection":[{"href":"https:\/\/agora-eoi.xtec.cat\/eoiguixols\/wp-json\/wp\/v2\/posts"}],"about":[{"href":"https:\/\/agora-eoi.xtec.cat\/eoiguixols\/wp-json\/wp\/v2\/types\/post"}],"author":[{"embeddable":true,"href":"https:\/\/agora-eoi.xtec.cat\/eoiguixols\/wp-json\/wp\/v2\/users\/1"}],"replies":[{"embeddable":true,"href":"https:\/\/agora-eoi.xtec.cat\/eoiguixols\/wp-json\/wp\/v2\/comments?post=12812"}],"version-history":[{"count":7,"href":"https:\/\/agora-eoi.xtec.cat\/eoiguixols\/wp-json\/wp\/v2\/posts\/12812\/revisions"}],"predecessor-version":[{"id":13265,"href":"https:\/\/agora-eoi.xtec.cat\/eoiguixols\/wp-json\/wp\/v2\/posts\/12812\/revisions\/13265"}],"wp:featuredmedia":[{"embeddable":true,"href":"https:\/\/agora-eoi.xtec.cat\/eoiguixols\/wp-json\/wp\/v2\/media\/12822"}],"wp:attachment":[{"href":"https:\/\/agora-eoi.xtec.cat\/eoiguixols\/wp-json\/wp\/v2\/media?parent=12812"}],"wp:term":[{"taxonomy":"category","embeddable":true,"href":"https:\/\/agora-eoi.xtec.cat\/eoiguixols\/wp-json\/wp\/v2\/categories?post=12812"},{"taxonomy":"post_tag","embeddable":true,"href":"https:\/\/agora-eoi.xtec.cat\/eoiguixols\/wp-json\/wp\/v2\/tags?post=12812"}],"curies":[{"name":"wp","href":"https:\/\/api.w.org\/{rel}","templated":true}]}}