{"id":12762,"date":"2024-04-13T11:10:45","date_gmt":"2024-04-13T09:10:45","guid":{"rendered":"https:\/\/agora-eoi.xtec.cat\/eoiguixols\/?p=12762"},"modified":"2024-04-13T11:14:26","modified_gmt":"2024-04-13T09:14:26","slug":"borsa-destada-linguistica-john-langdon-davies-i-paris-i-curs-2022-2023","status":"publish","type":"post","link":"https:\/\/agora-eoi.xtec.cat\/eoiguixols\/borses-destada-linguistica-john-langdon-davies\/borsa-destada-linguistica-john-langdon-davies-i-paris-i-curs-2022-2023\/","title":{"rendered":"Borsa d&#8217;Estada Ling\u00fc\u00edstica John Langdon-Davies I Par\u00eds I Curs 2022-2023"},"content":{"rendered":"<p class=\"western\" lang=\"ca-ES\">L\u2019experi\u00e8ncia de poder viure a Par\u00eds durant els mesos d\u2019abril i maig del 2023 ha sigut extraordin\u00e0ria i, certament, comptar amb l\u2019ajut de la Borsa d\u2019Estada Ling\u00fc\u00edstica John Langdon-Davies de l\u2019EOISFG, em va ajudar a que la despesa i l\u2019esfor\u00e7 econ\u00f2mic que aix\u00f2 suposava fos molt m\u00e9s portable.<\/p>\n<p class=\"western\" lang=\"ca-ES\">Agraeixo molt\u00edssim que es seleccion\u00e9s i valor\u00e9s positivament la meva sol\u00b7licitud, en una mostra de confian\u00e7a per un projecte que no era assistir a cap curs de formaci\u00f3 per\u00f2 en el que la immersi\u00f3 ling\u00fc\u00edstica era absoluta.<\/p>\n<p class=\"western\" lang=\"ca-ES\">Normalment quan es parla o es pensa en recerca, la llengua que ve al cap \u00e9s l\u2019angl\u00e8s, per\u00f2 en el meu cas, el subjecte d\u2019estudi demandava preferentment el domini de la llengua francesa. La meva estada em va permetre millorar i consolidar l\u2019aprenentatge d\u2019aquest idioma tant a nivell oral, com escrit.<\/p>\n<p class=\"western\" lang=\"ca-ES\">Us explico com: vivia en una resid\u00e8ncia a la Cit\u00e9 Universitaire International de Paris, al 14e arrondissement davant el parc de Montsouris i prop d\u2019una pastisseria on feien un <i>\u00e9clairs au chocolat<\/i> per llepar-se els dits, i on aprendre el nom dels tipus de pa va ser tot un repte! Em sentia una veritable parisenca. Com a an\u00e8cdota, alguns turistes despistats em confonien per aut\u00f2ctona&#8230;<\/p>\n<p class=\"western\" lang=\"ca-ES\">Cada mat\u00ed escoltava Radio France per saber si el transport p\u00fablic funcionava o no, doncs em va coincidir amb el per\u00edode de vagues i manifestacions per la modificaci\u00f3 de les condicions de la jubilaci\u00f3 (<span lang=\"fr-FR\"><i>Oh l\u00e0 l\u00e0, la retraite<\/i><\/span><span lang=\"fr-FR\">!<\/span>).<\/p>\n<p class=\"western\" lang=\"ca-ES\">Pel que fa a la feina, el franc\u00e8s era la llengua vehicular tant per a concertar les reunions via correu electr\u00f2nic, com per fer-les presencialment, les entrevistes semiestructurades. Us asseguro que va ser un aprenentatge intensiu. Cert que els meus interlocutors tamb\u00e9 em van ajudar i van valorar molt positivament que fes l\u2019esfor\u00e7 de comunicar-me amb la seva llengua. Per a que us feu una idea, entre les persones que vaig entrevistar eren: El titular de la c\u00e0tedra de la UNESCO per l\u2019estudi de la diversitat muse\u00edstica i la seva evoluci\u00f3; el Co-director del Master <i>Mus\u00e9es et nouveaux m\u00e9dias<\/i> a la Sorbonne Nouvelle; el director general del Grand Palais Immersif; el director de les arts visuals i digitals al Cube Garges; etc&#8230; Haig de dir, i vull agrair al professorat de l\u2019EOI per haver-me donat les eines necess\u00e0ries per a tenir la seguretat suficient per fer-ho.<\/p>\n<p class=\"western\" lang=\"ca-ES\">Per acabar, compartir les estones de lectura i estudi que he pogut fer a la biblioteca Kandinsky del Centre Pompidou, la motxilla d\u2019aprenentatges de les m\u00e9s de seixanta exposicions que vaig poder visitar i el m\u00e9s important: els bons amics que hi vaig fer.<\/p>\n<p class=\"western\" lang=\"ca-ES\"><span lang=\"fr-FR\"><i>Vraiment merci beaucoup !<\/i><\/span><\/p>\n<p class=\"western\" lang=\"ca-ES\">Pilar Gir\u00f3<\/p>\n","protected":false},"excerpt":{"rendered":"<p>L\u2019experi\u00e8ncia de poder viure a Par\u00eds durant els mesos d\u2019abril i maig del 2023 ha sigut extraordin\u00e0ria i, certament, comptar amb l\u2019ajut de la Borsa d\u2019Estada Ling\u00fc\u00edstica John Langdon-Davies de l\u2019EOISFG, em va ajudar a que la despesa i l\u2019esfor\u00e7 econ\u00f2mic que aix\u00f2 suposava fos molt m\u00e9s portable. Agraeixo molt\u00edssim que es seleccion\u00e9s i valor\u00e9s [&hellip;]<\/p>\n","protected":false},"author":1,"featured_media":12766,"comment_status":"closed","ping_status":"closed","sticky":false,"template":"","format":"standard","meta":{"_bbp_topic_count":0,"_bbp_reply_count":0,"_bbp_total_topic_count":0,"_bbp_total_reply_count":0,"_bbp_voice_count":0,"_bbp_anonymous_reply_count":0,"_bbp_topic_count_hidden":0,"_bbp_reply_count_hidden":0,"_bbp_forum_subforum_count":0,"site-sidebar-layout":"default","site-content-layout":"","ast-site-content-layout":"","site-content-style":"default","site-sidebar-style":"default","ast-global-header-display":"","ast-banner-title-visibility":"","ast-main-header-display":"","ast-hfb-above-header-display":"","ast-hfb-below-header-display":"","ast-hfb-mobile-header-display":"","site-post-title":"","ast-breadcrumbs-content":"","ast-featured-img":"","footer-sml-layout":"","theme-transparent-header-meta":"","adv-header-id-meta":"","stick-header-meta":"","header-above-stick-meta":"","header-main-stick-meta":"","header-below-stick-meta":"","astra-migrate-meta-layouts":"default","ast-page-background-enabled":"default","ast-page-background-meta":{"desktop":{"background-color":"var(--ast-global-color-4)","background-image":"","background-repeat":"repeat","background-position":"center center","background-size":"auto","background-attachment":"scroll","background-type":"","background-media":"","overlay-type":"","overlay-color":"","overlay-opacity":"","overlay-gradient":""},"tablet":{"background-color":"","background-image":"","background-repeat":"repeat","background-position":"center center","background-size":"auto","background-attachment":"scroll","background-type":"","background-media":"","overlay-type":"","overlay-color":"","overlay-opacity":"","overlay-gradient":""},"mobile":{"background-color":"","background-image":"","background-repeat":"repeat","background-position":"center center","background-size":"auto","background-attachment":"scroll","background-type":"","background-media":"","overlay-type":"","overlay-color":"","overlay-opacity":"","overlay-gradient":""}},"ast-content-background-meta":{"desktop":{"background-color":"var(--ast-global-color-5)","background-image":"","background-repeat":"repeat","background-position":"center center","background-size":"auto","background-attachment":"scroll","background-type":"","background-media":"","overlay-type":"","overlay-color":"","overlay-opacity":"","overlay-gradient":""},"tablet":{"background-color":"var(--ast-global-color-5)","background-image":"","background-repeat":"repeat","background-position":"center center","background-size":"auto","background-attachment":"scroll","background-type":"","background-media":"","overlay-type":"","overlay-color":"","overlay-opacity":"","overlay-gradient":""},"mobile":{"background-color":"var(--ast-global-color-5)","background-image":"","background-repeat":"repeat","background-position":"center center","background-size":"auto","background-attachment":"scroll","background-type":"","background-media":"","overlay-type":"","overlay-color":"","overlay-opacity":"","overlay-gradient":""}},"footnotes":""},"categories":[303],"tags":[],"class_list":["post-12762","post","type-post","status-publish","format-standard","has-post-thumbnail","hentry","category-borses-destada-linguistica-john-langdon-davies"],"post_mailing_queue_ids":[],"_links":{"self":[{"href":"https:\/\/agora-eoi.xtec.cat\/eoiguixols\/wp-json\/wp\/v2\/posts\/12762","targetHints":{"allow":["GET"]}}],"collection":[{"href":"https:\/\/agora-eoi.xtec.cat\/eoiguixols\/wp-json\/wp\/v2\/posts"}],"about":[{"href":"https:\/\/agora-eoi.xtec.cat\/eoiguixols\/wp-json\/wp\/v2\/types\/post"}],"author":[{"embeddable":true,"href":"https:\/\/agora-eoi.xtec.cat\/eoiguixols\/wp-json\/wp\/v2\/users\/1"}],"replies":[{"embeddable":true,"href":"https:\/\/agora-eoi.xtec.cat\/eoiguixols\/wp-json\/wp\/v2\/comments?post=12762"}],"version-history":[{"count":6,"href":"https:\/\/agora-eoi.xtec.cat\/eoiguixols\/wp-json\/wp\/v2\/posts\/12762\/revisions"}],"predecessor-version":[{"id":12774,"href":"https:\/\/agora-eoi.xtec.cat\/eoiguixols\/wp-json\/wp\/v2\/posts\/12762\/revisions\/12774"}],"wp:featuredmedia":[{"embeddable":true,"href":"https:\/\/agora-eoi.xtec.cat\/eoiguixols\/wp-json\/wp\/v2\/media\/12766"}],"wp:attachment":[{"href":"https:\/\/agora-eoi.xtec.cat\/eoiguixols\/wp-json\/wp\/v2\/media?parent=12762"}],"wp:term":[{"taxonomy":"category","embeddable":true,"href":"https:\/\/agora-eoi.xtec.cat\/eoiguixols\/wp-json\/wp\/v2\/categories?post=12762"},{"taxonomy":"post_tag","embeddable":true,"href":"https:\/\/agora-eoi.xtec.cat\/eoiguixols\/wp-json\/wp\/v2\/tags?post=12762"}],"curies":[{"name":"wp","href":"https:\/\/api.w.org\/{rel}","templated":true}]}}