{"id":12249,"date":"2023-05-19T09:16:01","date_gmt":"2023-05-19T07:16:01","guid":{"rendered":"https:\/\/agora-eoi.xtec.cat\/eoiguixols\/?p=12249"},"modified":"2023-06-29T22:38:03","modified_gmt":"2023-06-29T20:38:03","slug":"guanyadores-de-les-iii-borses-destada-linguistica-john-langdon-davies-2022-2023","status":"publish","type":"post","link":"https:\/\/agora-eoi.xtec.cat\/eoiguixols\/borses-destada-linguistica-john-langdon-davies\/guanyadores-de-les-iii-borses-destada-linguistica-john-langdon-davies-2022-2023\/","title":{"rendered":"Guanyadores de les III Borses d&#8217;Estada Ling\u00fc\u00edstica John Langdon-Davies 2022-2023"},"content":{"rendered":"<p><a href=\"https:\/\/agora-eoi.xtec.cat\/eoiguixols\/wp-content\/uploads\/usu2257\/2023\/05\/DSC_6027.jpg\"><img loading=\"lazy\" decoding=\"async\" class=\" wp-image-12286 alignright\" src=\"https:\/\/agora-eoi.xtec.cat\/eoiguixols\/wp-content\/uploads\/usu2257\/2023\/05\/DSC_6027-300x200.jpg\" alt=\"\" width=\"507\" height=\"338\" srcset=\"https:\/\/agora-eoi.xtec.cat\/eoiguixols\/wp-content\/uploads\/usu2257\/2023\/05\/DSC_6027-300x200.jpg 300w, https:\/\/agora-eoi.xtec.cat\/eoiguixols\/wp-content\/uploads\/usu2257\/2023\/05\/DSC_6027-768x512.jpg 768w, https:\/\/agora-eoi.xtec.cat\/eoiguixols\/wp-content\/uploads\/usu2257\/2023\/05\/DSC_6027.jpg 1024w\" sizes=\"auto, (max-width: 507px) 100vw, 507px\" \/><\/a>El passat divendres 12 de maig va tenir lloc l&#8217;acte d&#8217;atorgament de la tercera convocat\u00f2ria de les <strong>Borses d&#8217;Estada Ling\u00fc\u00edstica<\/strong> <strong>John Langdon-Davies, <\/strong>organitzat per l&#8217;Escola Oficial d&#8217;Idiomes, amb la col\u00b7laboraci\u00f3 de l&#8217;Ajuntament de Sant Feliu de Gu\u00edxols.<\/p>\n<p>Com cada any, l\u2019acte es va realitzar a la Sala Abat Panyelles del Monestir i hi van conc\u00f3rrer el Sr. James Langdon-Davies, fill de John Langdon-Davies, el Sr. Carles Motas, alcalde de la ciutat, i el Sr. Salvador Calabuig, regidor d\u2019Educaci\u00f3.<\/p>\n<p>Abans de fer p\u00fablics els noms de les guanyadores, les dues benefici\u00e0ries de l&#8217;any passat, com \u00e9s habitual, van explicar l&#8217;experi\u00e8ncia viscuda durant la seva estada ling\u00fc\u00edstica. Els projectes guanyadors d&#8217;enguany s\u00f3n els de les seg\u00fcents alumnes:<\/p>\n<ul>\n<li>Margarita Blanch Saborit, alumna que est\u00e0 cursant A2 d\u2019alemany. Aquest estiu far\u00e0 una estada ling\u00fc\u00edstica de dos mesos a Berlin, on far\u00e0 dos cursos intensius a l\u2019Institut f\u00fcr Internationale Kommunikation, especialitzat en l\u2019ensenyament de la llengua alemanya en l\u2019\u00e0mbit professional, fent 4 hores di\u00e0ries de classe pel mat\u00ed i realitzant activitats culturals a les tardes, dins i fora de la instituci\u00f3, per tal de completar l\u2019experi\u00e8ncia d\u2019immersi\u00f3 ling\u00fc\u00edstica i cultural.<\/li>\n<\/ul>\n<p><a href=\"https:\/\/agora-eoi.xtec.cat\/eoiguixols\/wp-content\/uploads\/usu2257\/2023\/05\/DSC_5985.jpg\"><img loading=\"lazy\" decoding=\"async\" class=\" wp-image-12270 alignleft\" src=\"https:\/\/agora-eoi.xtec.cat\/eoiguixols\/wp-content\/uploads\/usu2257\/2023\/05\/DSC_5985-293x300.jpg\" alt=\"\" width=\"265\" height=\"271\" srcset=\"https:\/\/agora-eoi.xtec.cat\/eoiguixols\/wp-content\/uploads\/usu2257\/2023\/05\/DSC_5985-293x300.jpg 293w, https:\/\/agora-eoi.xtec.cat\/eoiguixols\/wp-content\/uploads\/usu2257\/2023\/05\/DSC_5985.jpg 668w\" sizes=\"auto, (max-width: 265px) 100vw, 265px\" \/><\/a><\/p>\n<ul>\n<li>Pilar Gir\u00f3 Roman, alumna d\u2019angl\u00e8s a l\u2019escola des del 2008 al 2011 i novament el 2020. El curs passat va comen\u00e7ar a cursar franc\u00e8s i aquest any est\u00e0 matriculada a B2.2. Pilar Gir\u00f3 est\u00e0 actualment fent una recerca doctoral a Par\u00eds, dins del programa de doctorat en turisme de la Universitat de Girona, concretament amb el tema: La transformaci\u00f3 dels museus contemporanis: Socials, digitals i flexibles. Va recollir la borsa la seva mare, Maria Roman.<\/li>\n<\/ul>\n<p><a href=\"https:\/\/agora-eoi.xtec.cat\/eoiguixols\/wp-content\/uploads\/usu2257\/2023\/05\/DSC_6074_2.jpg\"><img loading=\"lazy\" decoding=\"async\" class=\" wp-image-12295 alignright\" src=\"https:\/\/agora-eoi.xtec.cat\/eoiguixols\/wp-content\/uploads\/usu2257\/2023\/05\/DSC_6074_2-300x298.jpg\" alt=\"\" width=\"409\" height=\"406\" srcset=\"https:\/\/agora-eoi.xtec.cat\/eoiguixols\/wp-content\/uploads\/usu2257\/2023\/05\/DSC_6074_2-300x298.jpg 300w, https:\/\/agora-eoi.xtec.cat\/eoiguixols\/wp-content\/uploads\/usu2257\/2023\/05\/DSC_6074_2-150x150.jpg 150w, https:\/\/agora-eoi.xtec.cat\/eoiguixols\/wp-content\/uploads\/usu2257\/2023\/05\/DSC_6074_2.jpg 519w\" sizes=\"auto, (max-width: 409px) 100vw, 409px\" \/><\/a>Finalment, l&#8217;acte va comptar amb la pres\u00e8ncia de Jordi Finestres, periodista i autor, entre d&#8217;altres obres, del llibre <em>El Xalet de Puigcerd\u00e0<\/em>, que relata com John Landgon-Davies va fundar Plan International al 1937, una ONG dedicada a apadrinar nens i nenes v\u00edctimes de la Guerra Civil espanyola.<\/p>\n<p>Amb la seva intervenci\u00f3, Finestres va fer un retrat de la vessant m\u00e9s humanit\u00e0ria de John Landgon-Davies.<\/p>\n<p>Enhorabona a les guardonades i moltes gr\u00e0cies a tothom per l&#8217;assist\u00e8ncia!<\/p>\n<p><a href=\"https:\/\/agora-eoi.xtec.cat\/eoiguixols\/wp-content\/uploads\/usu2257\/2023\/05\/DSC_5998_2.jpg\"><img loading=\"lazy\" decoding=\"async\" class=\"alignnone wp-image-12299\" src=\"https:\/\/agora-eoi.xtec.cat\/eoiguixols\/wp-content\/uploads\/usu2257\/2023\/05\/DSC_5998_2-300x289.jpg\" alt=\"\" width=\"265\" height=\"255\" srcset=\"https:\/\/agora-eoi.xtec.cat\/eoiguixols\/wp-content\/uploads\/usu2257\/2023\/05\/DSC_5998_2-300x289.jpg 300w, https:\/\/agora-eoi.xtec.cat\/eoiguixols\/wp-content\/uploads\/usu2257\/2023\/05\/DSC_5998_2.jpg 563w\" sizes=\"auto, (max-width: 265px) 100vw, 265px\" \/><\/a><\/p>\n","protected":false},"excerpt":{"rendered":"<p>El passat divendres 12 de maig va tenir lloc l&#8217;acte d&#8217;atorgament de la tercera convocat\u00f2ria de les Borses d&#8217;Estada Ling\u00fc\u00edstica John Langdon-Davies, organitzat per l&#8217;Escola Oficial d&#8217;Idiomes, amb la col\u00b7laboraci\u00f3 de l&#8217;Ajuntament de Sant Feliu de Gu\u00edxols. Com cada any, l\u2019acte es va realitzar a la Sala Abat Panyelles del Monestir i hi van conc\u00f3rrer [&hellip;]<\/p>\n","protected":false},"author":1,"featured_media":12268,"comment_status":"closed","ping_status":"closed","sticky":false,"template":"","format":"standard","meta":{"_bbp_topic_count":0,"_bbp_reply_count":0,"_bbp_total_topic_count":0,"_bbp_total_reply_count":0,"_bbp_voice_count":0,"_bbp_anonymous_reply_count":0,"_bbp_topic_count_hidden":0,"_bbp_reply_count_hidden":0,"_bbp_forum_subforum_count":0,"site-sidebar-layout":"default","site-content-layout":"","ast-site-content-layout":"","site-content-style":"default","site-sidebar-style":"default","ast-global-header-display":"","ast-banner-title-visibility":"","ast-main-header-display":"","ast-hfb-above-header-display":"","ast-hfb-below-header-display":"","ast-hfb-mobile-header-display":"","site-post-title":"","ast-breadcrumbs-content":"","ast-featured-img":"","footer-sml-layout":"","theme-transparent-header-meta":"","adv-header-id-meta":"","stick-header-meta":"","header-above-stick-meta":"","header-main-stick-meta":"","header-below-stick-meta":"","astra-migrate-meta-layouts":"default","ast-page-background-enabled":"default","ast-page-background-meta":{"desktop":{"background-color":"var(--ast-global-color-4)","background-image":"","background-repeat":"repeat","background-position":"center center","background-size":"auto","background-attachment":"scroll","background-type":"","background-media":"","overlay-type":"","overlay-color":"","overlay-opacity":"","overlay-gradient":""},"tablet":{"background-color":"","background-image":"","background-repeat":"repeat","background-position":"center center","background-size":"auto","background-attachment":"scroll","background-type":"","background-media":"","overlay-type":"","overlay-color":"","overlay-opacity":"","overlay-gradient":""},"mobile":{"background-color":"","background-image":"","background-repeat":"repeat","background-position":"center center","background-size":"auto","background-attachment":"scroll","background-type":"","background-media":"","overlay-type":"","overlay-color":"","overlay-opacity":"","overlay-gradient":""}},"ast-content-background-meta":{"desktop":{"background-color":"var(--ast-global-color-5)","background-image":"","background-repeat":"repeat","background-position":"center center","background-size":"auto","background-attachment":"scroll","background-type":"","background-media":"","overlay-type":"","overlay-color":"","overlay-opacity":"","overlay-gradient":""},"tablet":{"background-color":"var(--ast-global-color-5)","background-image":"","background-repeat":"repeat","background-position":"center center","background-size":"auto","background-attachment":"scroll","background-type":"","background-media":"","overlay-type":"","overlay-color":"","overlay-opacity":"","overlay-gradient":""},"mobile":{"background-color":"var(--ast-global-color-5)","background-image":"","background-repeat":"repeat","background-position":"center center","background-size":"auto","background-attachment":"scroll","background-type":"","background-media":"","overlay-type":"","overlay-color":"","overlay-opacity":"","overlay-gradient":""}},"footnotes":""},"categories":[303],"tags":[],"class_list":["post-12249","post","type-post","status-publish","format-standard","has-post-thumbnail","hentry","category-borses-destada-linguistica-john-langdon-davies"],"post_mailing_queue_ids":[],"_links":{"self":[{"href":"https:\/\/agora-eoi.xtec.cat\/eoiguixols\/wp-json\/wp\/v2\/posts\/12249","targetHints":{"allow":["GET"]}}],"collection":[{"href":"https:\/\/agora-eoi.xtec.cat\/eoiguixols\/wp-json\/wp\/v2\/posts"}],"about":[{"href":"https:\/\/agora-eoi.xtec.cat\/eoiguixols\/wp-json\/wp\/v2\/types\/post"}],"author":[{"embeddable":true,"href":"https:\/\/agora-eoi.xtec.cat\/eoiguixols\/wp-json\/wp\/v2\/users\/1"}],"replies":[{"embeddable":true,"href":"https:\/\/agora-eoi.xtec.cat\/eoiguixols\/wp-json\/wp\/v2\/comments?post=12249"}],"version-history":[{"count":4,"href":"https:\/\/agora-eoi.xtec.cat\/eoiguixols\/wp-json\/wp\/v2\/posts\/12249\/revisions"}],"predecessor-version":[{"id":12308,"href":"https:\/\/agora-eoi.xtec.cat\/eoiguixols\/wp-json\/wp\/v2\/posts\/12249\/revisions\/12308"}],"wp:featuredmedia":[{"embeddable":true,"href":"https:\/\/agora-eoi.xtec.cat\/eoiguixols\/wp-json\/wp\/v2\/media\/12268"}],"wp:attachment":[{"href":"https:\/\/agora-eoi.xtec.cat\/eoiguixols\/wp-json\/wp\/v2\/media?parent=12249"}],"wp:term":[{"taxonomy":"category","embeddable":true,"href":"https:\/\/agora-eoi.xtec.cat\/eoiguixols\/wp-json\/wp\/v2\/categories?post=12249"},{"taxonomy":"post_tag","embeddable":true,"href":"https:\/\/agora-eoi.xtec.cat\/eoiguixols\/wp-json\/wp\/v2\/tags?post=12249"}],"curies":[{"name":"wp","href":"https:\/\/api.w.org\/{rel}","templated":true}]}}