{"id":11971,"date":"2023-02-28T19:22:34","date_gmt":"2023-02-28T18:22:34","guid":{"rendered":"https:\/\/agora-eoi.xtec.cat\/eoiguixols\/?p=11971"},"modified":"2023-03-08T11:47:03","modified_gmt":"2023-03-08T10:47:03","slug":"borsa-destada-linguistica-john-langdon-davies-i-paris-i-curs-2021-2022","status":"publish","type":"post","link":"https:\/\/agora-eoi.xtec.cat\/eoiguixols\/borses-destada-linguistica-john-langdon-davies\/borsa-destada-linguistica-john-langdon-davies-i-paris-i-curs-2021-2022\/","title":{"rendered":"Borsa d&#8217;estada ling\u00fc\u00edstica John-Langdon Davies I Par\u00eds I Curs 2021-2022"},"content":{"rendered":"<p><a href=\"https:\/\/agora-eoi.xtec.cat\/eoiguixols\/wp-content\/uploads\/usu2257\/2023\/02\/IMG_6405_petita.jpg\"><img loading=\"lazy\" decoding=\"async\" class=\" wp-image-12022 alignleft\" src=\"https:\/\/agora-eoi.xtec.cat\/eoiguixols\/wp-content\/uploads\/usu2257\/2023\/02\/IMG_6405_petita-169x300.jpg\" alt=\"\" width=\"241\" height=\"428\" srcset=\"https:\/\/agora-eoi.xtec.cat\/eoiguixols\/wp-content\/uploads\/usu2257\/2023\/02\/IMG_6405_petita-169x300.jpg 169w, https:\/\/agora-eoi.xtec.cat\/eoiguixols\/wp-content\/uploads\/usu2257\/2023\/02\/IMG_6405_petita.jpg 294w\" sizes=\"auto, (max-width: 241px) 100vw, 241px\" \/><\/a>Durant una setmana vaig realitzar la meva estada ling\u00fc\u00edstica a Par\u00eds. De dilluns a divendres vaig assistir cada mat\u00ed a l\u2019escola a fer classes de franc\u00e8s. All\u00e0 vaig coincidir amb nois i noies de moltes nacionalitats diferents: Alemanya, Su\u00efssa, Estats Units, Corea del Sud, Jap\u00f3, M\u00e8xic, etc. Em va agradar molt ser all\u00e0 envoltada de persones d\u2019arreu del m\u00f3n. Quan f\u00e8iem la pausa per esmorzar, sort\u00edem de classe i an\u00e0vem al bar de l\u2019escola on ten\u00edem m\u00e9s temps per parlar entre nosaltres i con\u00e8ixer-nos millor. Despr\u00e9s, quan acabaven les classes, molts de nosaltres torn\u00e0vem als apartaments on viv\u00edem per dinar, en el meu cas, em vaig allotjar en una resid\u00e8ncia d\u2019estudiants on tamb\u00e9 vaig coincidir amb altres estudiants, alguns francesos i d\u2019altres que, com jo, eren all\u00e0 perqu\u00e8 estaven estudiant franc\u00e8s o estaven d\u2019Erasmus. Normalment, a l\u2019hora de dinar i sopar coincid\u00edem a la cuina que compart\u00edem i ens explic\u00e0vem\u00a0les an\u00e8cdotes del dia.<a href=\"https:\/\/agora-eoi.xtec.cat\/eoiguixols\/wp-content\/uploads\/usu2257\/2023\/02\/IMG_5645_tallada.jpg\"><img loading=\"lazy\" decoding=\"async\" class=\" wp-image-11988 alignright\" src=\"https:\/\/agora-eoi.xtec.cat\/eoiguixols\/wp-content\/uploads\/usu2257\/2023\/02\/IMG_5645_tallada-269x300.jpg\" alt=\"\" width=\"268\" height=\"299\" srcset=\"https:\/\/agora-eoi.xtec.cat\/eoiguixols\/wp-content\/uploads\/usu2257\/2023\/02\/IMG_5645_tallada-269x300.jpg 269w, https:\/\/agora-eoi.xtec.cat\/eoiguixols\/wp-content\/uploads\/usu2257\/2023\/02\/IMG_5645_tallada-918x1024.jpg 918w, https:\/\/agora-eoi.xtec.cat\/eoiguixols\/wp-content\/uploads\/usu2257\/2023\/02\/IMG_5645_tallada-768x857.jpg 768w, https:\/\/agora-eoi.xtec.cat\/eoiguixols\/wp-content\/uploads\/usu2257\/2023\/02\/IMG_5645_tallada-1377x1536.jpg 1377w, https:\/\/agora-eoi.xtec.cat\/eoiguixols\/wp-content\/uploads\/usu2257\/2023\/02\/IMG_5645_tallada-1836x2048.jpg 1836w\" sizes=\"auto, (max-width: 268px) 100vw, 268px\" \/><\/a><\/p>\n<p>Durant les tardes f\u00e8iem turisme. Amb l\u2019escola i alguns companys de classe vam visitar el barri de Montmartre acompanyats d\u2019un guia local. Vam con\u00e8ixer la zona i vam parlar amb gent local quan an\u00e0vem a comprar als supermercats, fleques i als bars i restaurants. Ens vam defensar prou b\u00e9 amb el franc\u00e8s i ens entenien, per\u00f2 en alguns llocs ens responien en angl\u00e8s, ja que es notava que nosaltres no \u00e9rem francesos. Tot i aix\u00ed, vaig posar en pr\u00e0ctica el franc\u00e8s all\u00e0 on anava, tamb\u00e9 a l\u2019hora de comprar les targetes de metro o quan havia de parlar amb les persones d\u2019informaci\u00f3 a l\u2019entrada dels museus.<\/p>\n<p>Ha estat una experi\u00e8ncia molt positiva i estic molt contenta d\u2019haver-la pogut viure. Moltes gr\u00e0cies a l\u2019Escola Oficial de Sant Feliu de Gu\u00edxols per convocar aquestes borses i donar-nos la oportunitat.<\/p>\n<p>J\u00falia Plaja<\/p>\n","protected":false},"excerpt":{"rendered":"<p>Durant una setmana vaig realitzar la meva estada ling\u00fc\u00edstica a Par\u00eds. De dilluns a divendres vaig assistir cada mat\u00ed a l\u2019escola a fer classes de franc\u00e8s. All\u00e0 vaig coincidir amb nois i noies de moltes nacionalitats diferents: Alemanya, Su\u00efssa, Estats Units, Corea del Sud, Jap\u00f3, M\u00e8xic, etc. Em va agradar molt ser all\u00e0 envoltada de [&hellip;]<\/p>\n","protected":false},"author":1,"featured_media":12088,"comment_status":"closed","ping_status":"closed","sticky":false,"template":"","format":"standard","meta":{"_bbp_topic_count":0,"_bbp_reply_count":0,"_bbp_total_topic_count":0,"_bbp_total_reply_count":0,"_bbp_voice_count":0,"_bbp_anonymous_reply_count":0,"_bbp_topic_count_hidden":0,"_bbp_reply_count_hidden":0,"_bbp_forum_subforum_count":0,"site-sidebar-layout":"default","site-content-layout":"","ast-site-content-layout":"","site-content-style":"default","site-sidebar-style":"default","ast-global-header-display":"","ast-banner-title-visibility":"","ast-main-header-display":"","ast-hfb-above-header-display":"","ast-hfb-below-header-display":"","ast-hfb-mobile-header-display":"","site-post-title":"","ast-breadcrumbs-content":"","ast-featured-img":"","footer-sml-layout":"","theme-transparent-header-meta":"","adv-header-id-meta":"","stick-header-meta":"","header-above-stick-meta":"","header-main-stick-meta":"","header-below-stick-meta":"","astra-migrate-meta-layouts":"default","ast-page-background-enabled":"default","ast-page-background-meta":{"desktop":{"background-color":"var(--ast-global-color-4)","background-image":"","background-repeat":"repeat","background-position":"center center","background-size":"auto","background-attachment":"scroll","background-type":"","background-media":"","overlay-type":"","overlay-color":"","overlay-opacity":"","overlay-gradient":""},"tablet":{"background-color":"","background-image":"","background-repeat":"repeat","background-position":"center center","background-size":"auto","background-attachment":"scroll","background-type":"","background-media":"","overlay-type":"","overlay-color":"","overlay-opacity":"","overlay-gradient":""},"mobile":{"background-color":"","background-image":"","background-repeat":"repeat","background-position":"center center","background-size":"auto","background-attachment":"scroll","background-type":"","background-media":"","overlay-type":"","overlay-color":"","overlay-opacity":"","overlay-gradient":""}},"ast-content-background-meta":{"desktop":{"background-color":"var(--ast-global-color-5)","background-image":"","background-repeat":"repeat","background-position":"center center","background-size":"auto","background-attachment":"scroll","background-type":"","background-media":"","overlay-type":"","overlay-color":"","overlay-opacity":"","overlay-gradient":""},"tablet":{"background-color":"var(--ast-global-color-5)","background-image":"","background-repeat":"repeat","background-position":"center center","background-size":"auto","background-attachment":"scroll","background-type":"","background-media":"","overlay-type":"","overlay-color":"","overlay-opacity":"","overlay-gradient":""},"mobile":{"background-color":"var(--ast-global-color-5)","background-image":"","background-repeat":"repeat","background-position":"center center","background-size":"auto","background-attachment":"scroll","background-type":"","background-media":"","overlay-type":"","overlay-color":"","overlay-opacity":"","overlay-gradient":""}},"footnotes":""},"categories":[303],"tags":[],"class_list":["post-11971","post","type-post","status-publish","format-standard","has-post-thumbnail","hentry","category-borses-destada-linguistica-john-langdon-davies"],"post_mailing_queue_ids":[],"_links":{"self":[{"href":"https:\/\/agora-eoi.xtec.cat\/eoiguixols\/wp-json\/wp\/v2\/posts\/11971","targetHints":{"allow":["GET"]}}],"collection":[{"href":"https:\/\/agora-eoi.xtec.cat\/eoiguixols\/wp-json\/wp\/v2\/posts"}],"about":[{"href":"https:\/\/agora-eoi.xtec.cat\/eoiguixols\/wp-json\/wp\/v2\/types\/post"}],"author":[{"embeddable":true,"href":"https:\/\/agora-eoi.xtec.cat\/eoiguixols\/wp-json\/wp\/v2\/users\/1"}],"replies":[{"embeddable":true,"href":"https:\/\/agora-eoi.xtec.cat\/eoiguixols\/wp-json\/wp\/v2\/comments?post=11971"}],"version-history":[{"count":3,"href":"https:\/\/agora-eoi.xtec.cat\/eoiguixols\/wp-json\/wp\/v2\/posts\/11971\/revisions"}],"predecessor-version":[{"id":12023,"href":"https:\/\/agora-eoi.xtec.cat\/eoiguixols\/wp-json\/wp\/v2\/posts\/11971\/revisions\/12023"}],"wp:featuredmedia":[{"embeddable":true,"href":"https:\/\/agora-eoi.xtec.cat\/eoiguixols\/wp-json\/wp\/v2\/media\/12088"}],"wp:attachment":[{"href":"https:\/\/agora-eoi.xtec.cat\/eoiguixols\/wp-json\/wp\/v2\/media?parent=11971"}],"wp:term":[{"taxonomy":"category","embeddable":true,"href":"https:\/\/agora-eoi.xtec.cat\/eoiguixols\/wp-json\/wp\/v2\/categories?post=11971"},{"taxonomy":"post_tag","embeddable":true,"href":"https:\/\/agora-eoi.xtec.cat\/eoiguixols\/wp-json\/wp\/v2\/tags?post=11971"}],"curies":[{"name":"wp","href":"https:\/\/api.w.org\/{rel}","templated":true}]}}