{"id":10168,"date":"2020-05-11T19:12:48","date_gmt":"2020-05-11T17:12:48","guid":{"rendered":"http:\/\/agora-eoi.xtec.cat\/eoiguixols\/?p=10168"},"modified":"2020-05-11T19:34:40","modified_gmt":"2020-05-11T17:34:40","slug":"cancellacio-de-les-proves-unificades-de-certificacio-de-b1-b2-i-c1-i-alumnat-oficial-i-candidats-lliures","status":"publish","type":"post","link":"https:\/\/agora-eoi.xtec.cat\/eoiguixols\/portada\/cancellacio-de-les-proves-unificades-de-certificacio-de-b1-b2-i-c1-i-alumnat-oficial-i-candidats-lliures\/","title":{"rendered":"Cancel\u00b7laci\u00f3 de les proves unificades de certificaci\u00f3 de B1, B2 i C1 I Alumnat oficial i candidats lliures"},"content":{"rendered":"<div>\n<div dir=\"ltr\">\n<div dir=\"ltr\">\n<div dir=\"ltr\">\n<div dir=\"ltr\">\n<div dir=\"ltr\">\n<div><\/div>\n<div>\n<p>Amb motiu de la publicaci\u00f3 de la <strong>Resoluci\u00f3\u00a0EDU\/975\/2020<\/strong>, de 8 de maig, queden <strong>cancel\u00b7lades les proves per a l&#8217;obtenci\u00f3 dels certificats de nivell intermedi B1 i B2 i de nivell avan\u00e7at C1<\/strong> de la convocat\u00f2ria ordin\u00e0ria unificada per a totes les EOI de Catalunya, tant per a l&#8217;alumnat oficial com per al lliure.<\/p>\n<ul>\n<li>L&#8217;<strong>alumnat oficial<\/strong> ser\u00e0 avaluat a trav\u00e9s d&#8217;un<strong style=\"font-family: inherit; font-size: 1em;\"> sistema d\u2019avaluaci<\/strong><strong>\u00f3 adaptat<\/strong> a la situaci\u00f3 de crisis sanit\u00e0ria ocasionada per la <span style=\"font-family: inherit; font-size: 1em;\">COVID-19. <a href=\"https:\/\/agora-eoi.xtec.cat\/eoiguixols\/portada\/final-del-curs-2019-2020-i-calendari-i-activitat-docent-i-sistema-davaluacio\/\">M\u00e9s informaci\u00f3.<\/a><\/span><\/li>\n<li>Per als<strong> candidats lliures<\/strong> el Departament d&#8217;Educaci\u00f3 establir\u00e0 un procediment per sol\u00b7licitar el retorn de les taxes o del preu p\u00fablic associades a la inscripci\u00f3.<\/li>\n<\/ul>\n<\/div>\n<\/div>\n<\/div>\n<\/div>\n<\/div>\n<\/div>\n<\/div>\n","protected":false},"excerpt":{"rendered":"<p>Amb motiu de la publicaci\u00f3 de la Resoluci\u00f3\u00a0EDU\/975\/2020, de 8 de maig, queden cancel\u00b7lades les proves per a l&#8217;obtenci\u00f3 dels certificats de nivell intermedi B1 i B2 i de nivell avan\u00e7at C1 de la convocat\u00f2ria ordin\u00e0ria unificada per a totes les EOI de Catalunya, tant per a l&#8217;alumnat oficial com per al lliure. L&#8217;alumnat oficial [&hellip;]<\/p>\n","protected":false},"author":1,"featured_media":10169,"comment_status":"closed","ping_status":"closed","sticky":false,"template":"","format":"standard","meta":{"_bbp_topic_count":0,"_bbp_reply_count":0,"_bbp_total_topic_count":0,"_bbp_total_reply_count":0,"_bbp_voice_count":0,"_bbp_anonymous_reply_count":0,"_bbp_topic_count_hidden":0,"_bbp_reply_count_hidden":0,"_bbp_forum_subforum_count":0,"site-sidebar-layout":"default","site-content-layout":"","ast-site-content-layout":"","site-content-style":"default","site-sidebar-style":"default","ast-global-header-display":"","ast-banner-title-visibility":"","ast-main-header-display":"","ast-hfb-above-header-display":"","ast-hfb-below-header-display":"","ast-hfb-mobile-header-display":"","site-post-title":"","ast-breadcrumbs-content":"","ast-featured-img":"","footer-sml-layout":"","theme-transparent-header-meta":"","adv-header-id-meta":"","stick-header-meta":"","header-above-stick-meta":"","header-main-stick-meta":"","header-below-stick-meta":"","astra-migrate-meta-layouts":"default","ast-page-background-enabled":"default","ast-page-background-meta":{"desktop":{"background-color":"var(--ast-global-color-4)","background-image":"","background-repeat":"repeat","background-position":"center center","background-size":"auto","background-attachment":"scroll","background-type":"","background-media":"","overlay-type":"","overlay-color":"","overlay-opacity":"","overlay-gradient":""},"tablet":{"background-color":"","background-image":"","background-repeat":"repeat","background-position":"center center","background-size":"auto","background-attachment":"scroll","background-type":"","background-media":"","overlay-type":"","overlay-color":"","overlay-opacity":"","overlay-gradient":""},"mobile":{"background-color":"","background-image":"","background-repeat":"repeat","background-position":"center center","background-size":"auto","background-attachment":"scroll","background-type":"","background-media":"","overlay-type":"","overlay-color":"","overlay-opacity":"","overlay-gradient":""}},"ast-content-background-meta":{"desktop":{"background-color":"var(--ast-global-color-5)","background-image":"","background-repeat":"repeat","background-position":"center center","background-size":"auto","background-attachment":"scroll","background-type":"","background-media":"","overlay-type":"","overlay-color":"","overlay-opacity":"","overlay-gradient":""},"tablet":{"background-color":"var(--ast-global-color-5)","background-image":"","background-repeat":"repeat","background-position":"center center","background-size":"auto","background-attachment":"scroll","background-type":"","background-media":"","overlay-type":"","overlay-color":"","overlay-opacity":"","overlay-gradient":""},"mobile":{"background-color":"var(--ast-global-color-5)","background-image":"","background-repeat":"repeat","background-position":"center center","background-size":"auto","background-attachment":"scroll","background-type":"","background-media":"","overlay-type":"","overlay-color":"","overlay-opacity":"","overlay-gradient":""}},"footnotes":""},"categories":[29],"tags":[],"class_list":["post-10168","post","type-post","status-publish","format-standard","has-post-thumbnail","hentry","category-portada"],"post_mailing_queue_ids":[],"_links":{"self":[{"href":"https:\/\/agora-eoi.xtec.cat\/eoiguixols\/wp-json\/wp\/v2\/posts\/10168","targetHints":{"allow":["GET"]}}],"collection":[{"href":"https:\/\/agora-eoi.xtec.cat\/eoiguixols\/wp-json\/wp\/v2\/posts"}],"about":[{"href":"https:\/\/agora-eoi.xtec.cat\/eoiguixols\/wp-json\/wp\/v2\/types\/post"}],"author":[{"embeddable":true,"href":"https:\/\/agora-eoi.xtec.cat\/eoiguixols\/wp-json\/wp\/v2\/users\/1"}],"replies":[{"embeddable":true,"href":"https:\/\/agora-eoi.xtec.cat\/eoiguixols\/wp-json\/wp\/v2\/comments?post=10168"}],"version-history":[{"count":2,"href":"https:\/\/agora-eoi.xtec.cat\/eoiguixols\/wp-json\/wp\/v2\/posts\/10168\/revisions"}],"predecessor-version":[{"id":10172,"href":"https:\/\/agora-eoi.xtec.cat\/eoiguixols\/wp-json\/wp\/v2\/posts\/10168\/revisions\/10172"}],"wp:featuredmedia":[{"embeddable":true,"href":"https:\/\/agora-eoi.xtec.cat\/eoiguixols\/wp-json\/wp\/v2\/media\/10169"}],"wp:attachment":[{"href":"https:\/\/agora-eoi.xtec.cat\/eoiguixols\/wp-json\/wp\/v2\/media?parent=10168"}],"wp:term":[{"taxonomy":"category","embeddable":true,"href":"https:\/\/agora-eoi.xtec.cat\/eoiguixols\/wp-json\/wp\/v2\/categories?post=10168"},{"taxonomy":"post_tag","embeddable":true,"href":"https:\/\/agora-eoi.xtec.cat\/eoiguixols\/wp-json\/wp\/v2\/tags?post=10168"}],"curies":[{"name":"wp","href":"https:\/\/api.w.org\/{rel}","templated":true}]}}