{"id":18914,"date":"2026-01-07T12:00:00","date_gmt":"2026-01-07T11:00:00","guid":{"rendered":"https:\/\/agora-eoi.xtec.cat\/eoigirona\/?p=18914"},"modified":"2026-02-12T03:26:00","modified_gmt":"2026-02-12T02:26:00","slug":"consulta-de-notes-angles-b2-2-semi-intensiu-1q-i-matricula-angles-c1-semi-intensiu-2q-alumnat-oficial","status":"publish","type":"post","link":"https:\/\/agora-eoi.xtec.cat\/eoigirona\/general\/consulta-de-notes-angles-b2-2-semi-intensiu-1q-i-matricula-angles-c1-semi-intensiu-2q-alumnat-oficial\/","title":{"rendered":"Angl\u00e8s B2.2 semi intensiu consulta de notes 1Q i Angl\u00e8s C1 semi intensiu matr\u00edcula 2Q, alumnat oficial"},"content":{"rendered":"\n<p class=\"has-black-color has-text-color has-link-color wp-elements-6a12b51617aa02bb355a8e395f7bf47e\">Llegeix m\u00e9s&#8230;<\/p>\n\n\n\n<!--more-->\n\n\n\n<p>Instruccions consulta notes 1Q + Instruccions matr\u00edcula en l\u00ednia 2Q <a href=\"https:\/\/drive.google.com\/file\/d\/1pZhTrcPEEUWvwGwC0v7CguSX12qqyha2\/view?usp=sharing\"><strong>AQU\u00cd<\/strong><\/a><\/p>\n\n\n\n<p><strong>AN B2.2 semi intensiu 1Q CONSULTA DE NOTES&nbsp;EN L\u00cdNIA&nbsp;2025-2026:&nbsp;<\/strong><a href=\"https:\/\/www.informaticacentros.com\/centrosnet\/ultralogin.php?tcentro=EOI&amp;centro=GI1\" target=\"_blank\" rel=\"noreferrer noopener\"><strong>AQU\u00cd<\/strong><\/a><\/p>\n\n\n\n<p>27\/01\/2026 a partir de les 18.00h<\/p>\n\n\n\n<p><strong>Termini per presentar reclamacions<\/strong>: 28, 29 i 30 de gener (fins les 13h). Recomanem parlar amb el vostre professor abans de fer la reclamaci\u00f3 per escrit.<\/p>\n\n\n\n<p class=\"has-vivid-red-color has-text-color has-link-color wp-elements-36ba1317b4e2586c449240374e61e9f8\"><strong>CURS OFICIAL C1 ANGL\u00c8S 2Q, 130 hores, modalitat semipresencial intensiva<\/strong>:<\/p>\n\n\n\n<ul class=\"wp-block-list\">\n<li>Classes presencials dimarts i dijous, de 18.30h a 20.45h.<\/li>\n\n\n\n<li>La resta de tasques es far\u00e0 de manera aut\u00f2noma a l\u2019entorn virtual d\u2019aprenentatge.<\/li>\n\n\n\n<li>Consulteu el preu del curs, reduccions i exempcions<strong>&nbsp;<\/strong><a href=\"https:\/\/agora-eoi.xtec.cat\/eoigirona\/matricula\/taxes-i-preus-publics\/\" target=\"_blank\" rel=\"noreferrer noopener\">AQU\u00cd<\/a><\/li>\n<\/ul>\n\n\n\n<p><strong>An C1 semi intensiu 2Q MATR\u00cdCULA EN L\u00cdNIA 2025-2026:&nbsp;<\/strong><a href=\"https:\/\/www.informaticacentros.com\/centrosnet\/ultralogin.php?tcentro=EOI&amp;centro=GI1\" target=\"_blank\" rel=\"noreferrer noopener\"><strong>AQU\u00cd<\/strong><\/a><\/p>\n\n\n\n<p>del 28\/01\/2026 al 30\/01\/2026<\/p>\n\n\n\n<figure class=\"wp-block-table\"><table class=\"has-fixed-layout\"><tbody><tr><td><strong>Dates<\/strong><\/td><td><strong>ALUMNAT<\/strong><\/td><\/tr><tr><td><strong>28 de gener&nbsp;<\/strong>de les 00:01 a les 23.59h<\/td><td>Alumnes <strong>APTES<\/strong> d\u2019A1 a B2.2 del primer quadrimestre del curs 2025-2026 i que es volen <strong>matricular a un grup de la mateixa franja hor\u00e0ria<\/strong> (<em>es refereix a mantenir la mateixa hora, si el dia canvia no es considera canvi d&#8217;horari)<\/em><\/td><\/tr><tr><td><strong>29 de gener<\/strong>&nbsp;de les 00.00 a les 23.59h<\/td><td>Alumnes <strong>APTES<\/strong> d\u2019A1 a B2.2 del primer quadrimestre del curs 2025-2026 <strong>&nbsp;<\/strong>i que es volen <strong>matricular a un grup d\u2019una franja hor\u00e0ria diferent.<\/strong><\/td><\/tr><tr><td><strong>30 de gener&nbsp;<\/strong>de les 00:00 a les 13.59h<\/td><td>Alumnes <strong>NO APTES, NO PRESENTATS o que van fer la REN\u00daNCIA de matr\u00edcula <\/strong>d\u2019A1 a B2.2 del primer quadrimestre del curs 2025-2026&nbsp;<\/td><\/tr><\/tbody><\/table><\/figure>\n\n\n\n<p><strong>NOTA:<\/strong> els alumnes oficials que vulguin fer matr\u00edcula d\u2019actualitzaci\u00f3 i addicional s&#8217;han de <a href=\"https:\/\/agora-eoi.xtec.cat\/eoigirona\/general\/nova-oferta-curs-c1-angles-intensiu-semi\/\" target=\"_blank\" rel=\"noreferrer noopener\">matricular com alumnes nous el dia de places vacants<\/a> (10\/02\/2026 a partir de les 10.30h), pr\u00e8via autoritzaci\u00f3 de Cap d\u2019Estudis.<\/p>\n\n\n\n<p><strong>INICI I FI DE CLASSES:<\/strong><\/p>\n\n\n\n<p>Del 10\/02\/2026 al 28\/05\/2026<\/p>\n\n\n\n<p><a href=\"https:\/\/drive.google.com\/file\/d\/1sKi4jMMmrB6SShC3dZrSUAWscbCP3ee0\/view\" target=\"_blank\" rel=\"noreferrer noopener\">Calendari en format pdf<\/a><\/p>\n\n\n\n<p><strong>EXAMEN OFICIAL:<\/strong><\/p>\n\n\n\n<p>01\/06\/2026 (tarda)<\/p>\n\n\n\n<p><strong>CONDICIONS DE MATR\u00cdCULA<\/strong><\/p>\n\n\n\n<ul class=\"wp-block-list\">\n<li>La matr\u00edcula \u00e9s en l\u00ednia des de l\u2019enlla\u00e7 al web de l\u2019escola: <a href=\"https:\/\/agora-eoi.xtec.cat\/eoigirona\/\" target=\"_blank\" rel=\"noreferrer noopener\">eoigirona.cat<\/a><\/li>\n\n\n\n<li>La matr\u00edcula es fa en diferents terminis segons la qualificaci\u00f3 final i s\u2019obrir\u00e0 cada nou termini el dia i hora que s\u2019indica al calendari, sense tancar l\u2019anterior franja<\/li>\n\n\n\n<li>Al fer la matr\u00edcula cal confirmar el grup i triar i confirmar la taxa o preu p\u00fablic<\/li>\n<\/ul>\n\n\n\n<p><strong>PAGAMENT DE MATR\u00cdCULA <\/strong><a href=\"https:\/\/agora-eoi.xtec.cat\/eoigirona\/matricula\/taxes-i-preus-publics\/\" target=\"_blank\" rel=\"noreferrer noopener\">Taxes i preus p\u00fablics<\/a><\/p>\n\n\n\n<ul class=\"wp-block-list\">\n<li>L\u2019aplicatiu generar\u00e0 un \u201cResguard de matr\u00edcula oficial \u2013 Curs 2025-2026 2Q\u201d. <strong>Cal passar els 2 codis de barres del resguard<\/strong>. Es pot fer el pagament en l\u00ednia mitjan\u00e7at el web de la banca <em>on line<\/em> de l\u2019entitat corresponent o presencial a l&#8217;entitat banc\u00e0ria. <strong>Termini de pagament<\/strong>&nbsp; <strong>24 hores.<\/strong> No cal fer arribar els comprovants de pagament, \u00e9s autom\u00e0tic.<\/li>\n\n\n\n<li>Si gaudiu de<a href=\"https:\/\/agora-eoi.xtec.cat\/eoigirona\/matricula\/taxes-i-preus-publics\/\" target=\"_blank\" rel=\"noreferrer noopener\"> bonificaci\u00f3 o exempci\u00f3 del pagament dels preus p\u00fablics i taxes vigents<\/a> l\u2019aplicaci\u00f3 us demana obligat\u00f2riament que adjunteu la documentaci\u00f3 justificativa per continuar tramitant la matr\u00edcula.<\/li>\n<\/ul>\n\n\n\n<p><\/p>\n","protected":false},"excerpt":{"rendered":"<p>Llegeix m\u00e9s&#8230;<\/p>\n","protected":false},"author":1,"featured_media":10953,"comment_status":"closed","ping_status":"closed","sticky":false,"template":"","format":"standard","meta":{"_bbp_topic_count":0,"_bbp_reply_count":0,"_bbp_total_topic_count":0,"_bbp_total_reply_count":0,"_bbp_voice_count":0,"_bbp_anonymous_reply_count":0,"_bbp_topic_count_hidden":0,"_bbp_reply_count_hidden":0,"_bbp_forum_subforum_count":0,"site-sidebar-layout":"default","site-content-layout":"","ast-site-content-layout":"default","site-content-style":"default","site-sidebar-style":"default","ast-global-header-display":"","ast-banner-title-visibility":"","ast-main-header-display":"","ast-hfb-above-header-display":"","ast-hfb-below-header-display":"","ast-hfb-mobile-header-display":"","site-post-title":"","ast-breadcrumbs-content":"","ast-featured-img":"","footer-sml-layout":"","theme-transparent-header-meta":"","adv-header-id-meta":"","stick-header-meta":"","header-above-stick-meta":"","header-main-stick-meta":"","header-below-stick-meta":"","astra-migrate-meta-layouts":"set","ast-page-background-enabled":"default","ast-page-background-meta":{"desktop":{"background-color":"var(--ast-global-color-4)","background-image":"","background-repeat":"repeat","background-position":"center center","background-size":"auto","background-attachment":"scroll","background-type":"","background-media":"","overlay-type":"","overlay-color":"","overlay-opacity":"","overlay-gradient":""},"tablet":{"background-color":"","background-image":"","background-repeat":"repeat","background-position":"center center","background-size":"auto","background-attachment":"scroll","background-type":"","background-media":"","overlay-type":"","overlay-color":"","overlay-opacity":"","overlay-gradient":""},"mobile":{"background-color":"","background-image":"","background-repeat":"repeat","background-position":"center center","background-size":"auto","background-attachment":"scroll","background-type":"","background-media":"","overlay-type":"","overlay-color":"","overlay-opacity":"","overlay-gradient":""}},"ast-content-background-meta":{"desktop":{"background-color":"var(--ast-global-color-5)","background-image":"","background-repeat":"repeat","background-position":"center center","background-size":"auto","background-attachment":"scroll","background-type":"","background-media":"","overlay-type":"","overlay-color":"","overlay-opacity":"","overlay-gradient":""},"tablet":{"background-color":"var(--ast-global-color-5)","background-image":"","background-repeat":"repeat","background-position":"center center","background-size":"auto","background-attachment":"scroll","background-type":"","background-media":"","overlay-type":"","overlay-color":"","overlay-opacity":"","overlay-gradient":""},"mobile":{"background-color":"var(--ast-global-color-5)","background-image":"","background-repeat":"repeat","background-position":"center center","background-size":"auto","background-attachment":"scroll","background-type":"","background-media":"","overlay-type":"","overlay-color":"","overlay-opacity":"","overlay-gradient":""}},"footnotes":""},"categories":[1],"tags":[],"class_list":["post-18914","post","type-post","status-publish","format-standard","has-post-thumbnail","hentry","category-general"],"post_mailing_queue_ids":[],"_links":{"self":[{"href":"https:\/\/agora-eoi.xtec.cat\/eoigirona\/wp-json\/wp\/v2\/posts\/18914","targetHints":{"allow":["GET"]}}],"collection":[{"href":"https:\/\/agora-eoi.xtec.cat\/eoigirona\/wp-json\/wp\/v2\/posts"}],"about":[{"href":"https:\/\/agora-eoi.xtec.cat\/eoigirona\/wp-json\/wp\/v2\/types\/post"}],"author":[{"embeddable":true,"href":"https:\/\/agora-eoi.xtec.cat\/eoigirona\/wp-json\/wp\/v2\/users\/1"}],"replies":[{"embeddable":true,"href":"https:\/\/agora-eoi.xtec.cat\/eoigirona\/wp-json\/wp\/v2\/comments?post=18914"}],"version-history":[{"count":6,"href":"https:\/\/agora-eoi.xtec.cat\/eoigirona\/wp-json\/wp\/v2\/posts\/18914\/revisions"}],"predecessor-version":[{"id":19018,"href":"https:\/\/agora-eoi.xtec.cat\/eoigirona\/wp-json\/wp\/v2\/posts\/18914\/revisions\/19018"}],"wp:featuredmedia":[{"embeddable":true,"href":"https:\/\/agora-eoi.xtec.cat\/eoigirona\/wp-json\/wp\/v2\/media\/10953"}],"wp:attachment":[{"href":"https:\/\/agora-eoi.xtec.cat\/eoigirona\/wp-json\/wp\/v2\/media?parent=18914"}],"wp:term":[{"taxonomy":"category","embeddable":true,"href":"https:\/\/agora-eoi.xtec.cat\/eoigirona\/wp-json\/wp\/v2\/categories?post=18914"},{"taxonomy":"post_tag","embeddable":true,"href":"https:\/\/agora-eoi.xtec.cat\/eoigirona\/wp-json\/wp\/v2\/tags?post=18914"}],"curies":[{"name":"wp","href":"https:\/\/api.w.org\/{rel}","templated":true}]}}