{"id":17794,"date":"2025-06-16T13:00:00","date_gmt":"2025-06-16T11:00:00","guid":{"rendered":"https:\/\/agora-eoi.xtec.cat\/eoigirona\/?p=17794"},"modified":"2026-01-08T02:58:52","modified_gmt":"2026-01-08T01:58:52","slug":"matricula-alumnat-oficial-curs-2025-2026","status":"publish","type":"post","link":"https:\/\/agora-eoi.xtec.cat\/eoigirona\/general\/matricula-alumnat-oficial-curs-2025-2026\/","title":{"rendered":"Matr\u00edcula alumnat oficial curs 2025-2026"},"content":{"rendered":"\n<p>Matr\u00edcula alumnat oficial del 01\/07\/2025 (a partir 9.00h) al 07\/07\/2025 (fins a les 12.00h).<\/p>\n\n\n\n<!--more-->\n\n\n\n<p><a href=\"https:\/\/agora-eoi.xtec.cat\/eoigirona\/matricula\/alumnes-antics\/\" target=\"_blank\" rel=\"noreferrer noopener\">Informaci\u00f3 general per a l&#8217;alumnat oficial<\/a>. Si us plau, llegiu-la detingudament. <\/p>\n\n\n\n<p><strong>CALENDARI DE MATR\u00cdCULA ALUMNAT OFICIAL CURS 2025-2026 <\/strong>(consulteu els horaris dels cursos a <a href=\"https:\/\/agora-eoi.xtec.cat\/eoigirona\/\" target=\"_blank\" rel=\"noreferrer noopener\">eoigirona.cat<\/a> a finals de juny).<\/p>\n\n\n\n<ul class=\"wp-block-list\">\n<li><strong>1 i 2 de juliol <\/strong>de 2025: Alumnes <strong>APTES<\/strong> d\u2019A1 a B2.2 i de C2.1 (alumnat de catal\u00e0 d&#8217; A1 a C1) del curs 2024-2025 que es volen <strong>matricular a un grup de la mateixa franja hor\u00e0ria<\/strong> <em>(es refereix a mantenir la mateixa hora, si el dia canvia no es considera canvi d&#8217;horari)<\/em><\/li>\n\n\n\n<li><strong>3 i 4 de juliol <\/strong>de 2025: Alumnes <strong>APTES<\/strong> d\u2019A1 a B2.2 i de C2.1&nbsp; (alumnat de catal\u00e0 d&#8217;A1 a C1) del curs 2024-2025 que es volen <strong>matricular a un grup d\u2019una franja hor\u00e0ria diferent.<\/strong><\/li>\n\n\n\n<li><strong>5, 6 i 7 de juliol <\/strong>de 2025: Alumnes <strong>NO APTES o NO PRESENTATS o que van fer la REN\u00daNCIA de matr\u00edcula<\/strong> d\u2019A1 a C2.2 (alumnat de catal\u00e0 d&#8217;A1 a C2) del curs 2024-2025.<\/li>\n<\/ul>\n\n\n\n<p><a href=\"https:\/\/drive.google.com\/file\/d\/1pZhTrcPEEUWvwGwC0v7CguSX12qqyha2\/view?usp=sharing\" target=\"_blank\" rel=\"noreferrer noopener\"><strong>INSTRUCCIONS consulta notes i matr\u00edcula en l\u00ednia alumnat oficial<\/strong><\/a><\/p>\n\n\n\n<p><strong>MATR\u00cdCULA EN L\u00cdNIA:&nbsp;<\/strong><\/p>\n\n\n\n<ul class=\"wp-block-list\">\n<li><a href=\"https:\/\/www.informaticacentros.com\/centrosnet\/ultralogin.php?tcentro=EOI&amp;centro=GI1\" target=\"_blank\" rel=\"noreferrer noopener\">Alumnat Oficial EOI Girona<\/a><\/li>\n\n\n\n<li><a href=\"https:\/\/www.informaticacentros.com\/centrosnet\/ultralogin.php?tcentro=EXT&amp;centro=CP1\" target=\"_blank\" rel=\"noreferrer noopener\">Alumnat Oficial CPD Palafrugell<\/a><\/li>\n\n\n\n<li><a href=\"https:\/\/www.informaticacentros.com\/centrosnet\/ultralogin.php?tcentro=EXT&amp;centro=GI8\" target=\"_blank\" rel=\"noreferrer noopener\">Alumnat Oficial CPD Santa Coloma de Farners<\/a><\/li>\n<\/ul>\n\n\n\n<p><strong>Condicions de Matr\u00edcula<\/strong><\/p>\n\n\n\n<ul class=\"wp-block-list\">\n<li>La matr\u00edcula \u00e9s en l\u00ednia des de l\u2019enlla\u00e7 al web de l\u2019escola <a href=\"https:\/\/agora-eoi.xtec.cat\/eoigirona\/\" target=\"_blank\" rel=\"noreferrer noopener\">eoigirona.cat.<\/a><\/li>\n\n\n\n<li>La matr\u00edcula es fa en diferents terminis segons la qualificaci\u00f3 final. Cada nou termini s\u2019obre a les 9.00h sense tancar l&#8217;anterior franja i l&#8217;\u00faltim dia es tanca a les 12.00h. Els alumnes que no es matriculin dins d\u2019aquest per\u00edode de matr\u00edcula del mes de juliol perdran la seva prioritat de dia i d\u2019horari respecte als que ja ho hagin fet.<\/li>\n\n\n\n<li>Qualsevol <strong>incid\u00e8ncia<\/strong> relacionada amb la <strong>matr\u00edcula<\/strong>, l\u2019alumnat l\u2019haur\u00e0 de resoldre els dies&nbsp;<strong>8 i 9 de juliol<\/strong> contactant amb l\u2019escola (aquests dies serveixen per matr\u00edcules addicionals, alumnat que prov\u00e9 d&#8217;altres EOI on no hi ha continuitat en els estudis que feien i per qualsevol problema amb l&#8217;aplicatiu).<\/li>\n\n\n\n<li>Els alumnes oficials que <strong>no es matriculin<\/strong> durant el mes de<strong> juliol<\/strong> <strong>perdran l\u2019oficialitat<\/strong>. Per matricular-se novament hauran de fer preinscripci\u00f3 i sorteig durant el mes de setembre.<\/li>\n<\/ul>\n\n\n\n<p><strong>Pagament de matr\u00edcula<\/strong>:<a href=\"https:\/\/agora-eoi.xtec.cat\/eoigirona\/matricula\/taxes-i-preus-publics\/\" target=\"_blank\" rel=\"noreferrer noopener\">Taxes i preus.<\/a><\/p>\n\n\n\n<ul class=\"wp-block-list\">\n<li>L\u2019aplicatiu generar\u00e0 un \u201cResguard de matr\u00edcula oficial \u2013 Curs 2025-2026\u201d. <strong>Cal passar els 2 codis de barres del resguard<\/strong>. Es pot fer el pagament en l\u00ednia a trav\u00e9s de l\u2019enlla\u00e7 a l\u2019entitat banc\u00e0ria o presencial a l&#8217;entitat banc\u00e0ria. <strong>Termini de pagament<\/strong> &nbsp;<strong>24 hores.<\/strong>&nbsp;No cal fer arribar els comprovants de pagament, \u00e9s autom\u00e0tic.<\/li>\n\n\n\n<li>Si gaudiu de <a href=\"https:\/\/agora-eoi.xtec.cat\/eoigirona\/matricula\/taxes-i-preus-publics\/\" target=\"_blank\" rel=\"noreferrer noopener\">bonificaci\u00f3 o exempci\u00f3 del pagament dels preus p\u00fablics i taxes vigents<\/a> l\u2019aplicaci\u00f3 us demana obligat\u00f2riament que adjunteu la documentaci\u00f3 justificativa per continuar tramitant la matr\u00edcula.<\/li>\n<\/ul>\n\n\n\n<p><strong>Trasllats a altres EOI: <\/strong><strong>10 i 11 de juliol<\/strong> per als alumnes oficials un cop formalitzada i pagada la matr\u00edcula al centre d\u2019origen. La sol\u00b7licitud es far\u00e0 contactant amb l\u2019escola de destinaci\u00f3 i quedar\u00e0 condicionada a la disponibilitat de places. L\u2019escola de destinaci\u00f3 es posar\u00e0 en contacte amb els alumnes per notificar l\u2019acceptaci\u00f3 o la denegaci\u00f3 del trasllat com a molt tard el 17 de juliol. Caldr\u00e0 <strong>aportar el full de matr\u00edcula i el full de pagament.<\/strong><\/p>\n\n\n\n<p><strong>Inici classes:<\/strong>&nbsp;22\/09\/2025<\/p>\n\n\n\n<p><\/p>\n","protected":false},"excerpt":{"rendered":"<p>Matr\u00edcula alumnat oficial del 01\/07\/2025 (a partir 9.00h) al 07\/07\/2025 (fins a les 12.00h).<\/p>\n","protected":false},"author":1,"featured_media":0,"comment_status":"closed","ping_status":"closed","sticky":false,"template":"","format":"standard","meta":{"_bbp_topic_count":0,"_bbp_reply_count":0,"_bbp_total_topic_count":0,"_bbp_total_reply_count":0,"_bbp_voice_count":0,"_bbp_anonymous_reply_count":0,"_bbp_topic_count_hidden":0,"_bbp_reply_count_hidden":0,"_bbp_forum_subforum_count":0,"site-sidebar-layout":"default","site-content-layout":"","ast-site-content-layout":"default","site-content-style":"default","site-sidebar-style":"default","ast-global-header-display":"","ast-banner-title-visibility":"","ast-main-header-display":"","ast-hfb-above-header-display":"","ast-hfb-below-header-display":"","ast-hfb-mobile-header-display":"","site-post-title":"","ast-breadcrumbs-content":"","ast-featured-img":"","footer-sml-layout":"","theme-transparent-header-meta":"","adv-header-id-meta":"","stick-header-meta":"","header-above-stick-meta":"","header-main-stick-meta":"","header-below-stick-meta":"","astra-migrate-meta-layouts":"set","ast-page-background-enabled":"default","ast-page-background-meta":{"desktop":{"background-color":"var(--ast-global-color-4)","background-image":"","background-repeat":"repeat","background-position":"center center","background-size":"auto","background-attachment":"scroll","background-type":"","background-media":"","overlay-type":"","overlay-color":"","overlay-opacity":"","overlay-gradient":""},"tablet":{"background-color":"","background-image":"","background-repeat":"repeat","background-position":"center center","background-size":"auto","background-attachment":"scroll","background-type":"","background-media":"","overlay-type":"","overlay-color":"","overlay-opacity":"","overlay-gradient":""},"mobile":{"background-color":"","background-image":"","background-repeat":"repeat","background-position":"center center","background-size":"auto","background-attachment":"scroll","background-type":"","background-media":"","overlay-type":"","overlay-color":"","overlay-opacity":"","overlay-gradient":""}},"ast-content-background-meta":{"desktop":{"background-color":"var(--ast-global-color-5)","background-image":"","background-repeat":"repeat","background-position":"center center","background-size":"auto","background-attachment":"scroll","background-type":"","background-media":"","overlay-type":"","overlay-color":"","overlay-opacity":"","overlay-gradient":""},"tablet":{"background-color":"var(--ast-global-color-5)","background-image":"","background-repeat":"repeat","background-position":"center center","background-size":"auto","background-attachment":"scroll","background-type":"","background-media":"","overlay-type":"","overlay-color":"","overlay-opacity":"","overlay-gradient":""},"mobile":{"background-color":"var(--ast-global-color-5)","background-image":"","background-repeat":"repeat","background-position":"center center","background-size":"auto","background-attachment":"scroll","background-type":"","background-media":"","overlay-type":"","overlay-color":"","overlay-opacity":"","overlay-gradient":""}},"footnotes":""},"categories":[1],"tags":[],"class_list":["post-17794","post","type-post","status-publish","format-standard","hentry","category-general"],"post_mailing_queue_ids":[],"_links":{"self":[{"href":"https:\/\/agora-eoi.xtec.cat\/eoigirona\/wp-json\/wp\/v2\/posts\/17794","targetHints":{"allow":["GET"]}}],"collection":[{"href":"https:\/\/agora-eoi.xtec.cat\/eoigirona\/wp-json\/wp\/v2\/posts"}],"about":[{"href":"https:\/\/agora-eoi.xtec.cat\/eoigirona\/wp-json\/wp\/v2\/types\/post"}],"author":[{"embeddable":true,"href":"https:\/\/agora-eoi.xtec.cat\/eoigirona\/wp-json\/wp\/v2\/users\/1"}],"replies":[{"embeddable":true,"href":"https:\/\/agora-eoi.xtec.cat\/eoigirona\/wp-json\/wp\/v2\/comments?post=17794"}],"version-history":[{"count":6,"href":"https:\/\/agora-eoi.xtec.cat\/eoigirona\/wp-json\/wp\/v2\/posts\/17794\/revisions"}],"predecessor-version":[{"id":18901,"href":"https:\/\/agora-eoi.xtec.cat\/eoigirona\/wp-json\/wp\/v2\/posts\/17794\/revisions\/18901"}],"wp:attachment":[{"href":"https:\/\/agora-eoi.xtec.cat\/eoigirona\/wp-json\/wp\/v2\/media?parent=17794"}],"wp:term":[{"taxonomy":"category","embeddable":true,"href":"https:\/\/agora-eoi.xtec.cat\/eoigirona\/wp-json\/wp\/v2\/categories?post=17794"},{"taxonomy":"post_tag","embeddable":true,"href":"https:\/\/agora-eoi.xtec.cat\/eoigirona\/wp-json\/wp\/v2\/tags?post=17794"}],"curies":[{"name":"wp","href":"https:\/\/api.w.org\/{rel}","templated":true}]}}