{"id":16220,"date":"2026-01-07T18:00:00","date_gmt":"2026-01-07T17:00:00","guid":{"rendered":"https:\/\/agora-eoi.xtec.cat\/eoigirona\/?p=16220"},"modified":"2026-02-12T03:24:00","modified_gmt":"2026-02-12T02:24:00","slug":"nova-oferta-curs-c1-angles-intensiu-semi","status":"publish","type":"post","link":"https:\/\/agora-eoi.xtec.cat\/eoigirona\/general\/nova-oferta-curs-c1-angles-intensiu-semi\/","title":{"rendered":"Angl\u00e8s C1 semi intensiu, alumnat nou"},"content":{"rendered":"<p><span style=\"font-weight: 400;\">Vols obtenir el certificat de C1 d\u2019angl\u00e8s el maig-juny de 2026?\u00a0<\/span><br \/>\n<span style=\"font-weight: 400;\">Preinscripci\u00f3 i matr\u00edcula segon quadrimestre 2025-2026 angl\u00e8s C1 semipresencial intensiu ALUMNAT NOU<\/span><br \/>\n<!--more--><\/p>\n<ul>\n<li style=\"font-weight: 400;\" aria-level=\"1\"><span style=\"font-weight: 400;\">Curs oficial de C1 d\u2019angl\u00e8s, 130 hores, modalitat semipresencial intensiva.<\/span><\/li>\n<li style=\"font-weight: 400;\" aria-level=\"1\"><span style=\"font-weight: 400;\">Classes presencials dimarts i dijous, de 18.30h a 20.45h.<\/span><\/li>\n<li style=\"font-weight: 400;\" aria-level=\"1\"><span style=\"font-weight: 400;\">La resta de tasques es far\u00e0 de manera aut\u00f2noma a l\u2019entorn virtual d\u2019aprenentatge.<\/span><\/li>\n<li style=\"font-weight: 400;\" aria-level=\"1\"><span style=\"font-weight: 400;\">Consulteu el preu del curs<\/span><b>\u00a0<\/b><a href=\"https:\/\/agora-eoi.xtec.cat\/eoigirona\/matricula\/taxes-i-preus-publics\/\"><span style=\"font-weight: 400;\">AQU\u00cd<\/span><\/a><\/li>\n<li aria-level=\"1\"><span style=\"font-weight: 400;\">M\u00e9s informaci\u00f3 Gencat <\/span><a style=\"font-size: revert; background-color: rgba(0, 0, 0, 0); font-weight: inherit;\" href=\"https:\/\/preinscripcio.gencat.cat\/ca\/estudis\/idiomes-eoi\/informat\/calendari\/\">AQU\u00cd<\/a><\/li>\n<\/ul>\n<p><b>PREINSCRIPCI\u00d3 EN L\u00cdNIA:<\/b> <a href=\"https:\/\/www.eoidigital.com\/eoicat\/alumnes\/index.php\"><span style=\"font-weight: 400;\">AQU\u00cd<\/span><\/a><\/p>\n<p><span style=\"font-weight: 400;\">Del 15\/01\/2026 (a partir 9.00h) al 20\/01\/2026 (fins a les 18.00h)<\/span><\/p>\n<p><b>LLIURAMENT EN L\u00cdNIA DOCUMENTACI\u00d3 EXEMPCI\u00d3 TEST DE NIVELL<\/b><b>\u00a0<\/b><a href=\"https:\/\/www.eoidigital.com\/eoicat\/alumnes\/index.php\"><span style=\"font-weight: 400;\">AQU\u00cd<\/span><\/a><b>\u00a0<\/b><\/p>\n<p><span style=\"font-weight: 400;\">Del 15\/01\/2026 (a partir 9.00h ) al 02\/02\/2026 (fins a les 10h)\u00a0<\/span><\/p>\n<p><span style=\"font-weight: 400;\">Per a alumnes que accedeixen directament a C1. Cal adjuntar el certificat dins l\u2019aplicaci\u00f3 de preinscripci\u00f3. Si presenteu un certificat, cal que comproveu que l\u2019EOI us ha validat aquest certificat a l\u2019aplicaci\u00f3 de preinscripci\u00f3.<\/span><\/p>\n<ul>\n<li style=\"font-weight: 400;\" aria-level=\"1\"><a href=\"https:\/\/preinscripcio.gencat.cat\/ca\/estudis\/idiomes-eoi\/informat\/test-nivell-a2-c1\/\"><span style=\"font-weight: 400;\">taula d\u2019exempcions<\/span><\/a><span style=\"font-weight: 400;\">\u00a0<\/span><\/li>\n<li style=\"font-weight: 400;\" aria-level=\"1\"><span style=\"font-weight: 400;\">taula d\u2019equival\u00e8ncies <\/span><a href=\"https:\/\/portaldogc.gencat.cat\/utilsEADOP\/PDF\/9210\/2039478.pdf\"><span style=\"font-weight: 400;\">lleng\u00fces estrangeres<\/span><\/a><span style=\"font-weight: 400;\">\u00a0<\/span><\/li>\n<li style=\"font-weight: 400;\" aria-level=\"1\"><span style=\"font-weight: 400;\">taula d\u2019equival\u00e8ncies <\/span><a href=\"https:\/\/www.acles.es\/uploads\/archivos\/Tablas_ACLES\/Tablas_de_certificados_reconocidos_por_ACLES_2024_07_25_bis.pdf\"><span style=\"font-weight: 400;\">ACLES (inclou espanyol)<\/span><\/a><\/li>\n<\/ul>\n<p><b>TEST DE NIVELL EN L\u00cdNIA pr\u00e8via preinscripci\u00f3\u00a0<\/b><span style=\"font-weight: 400;\">(si no es t\u00e9 certificat acreditatiu del nivell)<\/span><b>:\u00a0<\/b><a href=\"https:\/\/www.eoidigital.com\/eoicat\/alumnes\/index.php\"><span style=\"font-weight: 400;\">AQU\u00cd<\/span><\/a><\/p>\n<p><span style=\"font-weight: 400;\">Del 15\/01\/2026 (a partir 9h) al 03\/02\/2026 (fins a les 18h).<\/span><\/p>\n<p><span style=\"font-weight: 400;\">Per a qualsevol dubte, envieu un mail a la cap de departament Helena Bast\u00fas (departament.angles@eoigirona.cat)<\/span><\/p>\n<p><b>CONSULTA EN L\u00cdNIA RESULTAT TEST DE NIVELL:<\/b><span style=\"font-weight: 400;\">\u00a0<\/span><a href=\"https:\/\/www.eoidigital.com\/eoicat\/alumnes\/index.php\"><span style=\"font-weight: 400;\">AQU\u00cd<\/span><\/a><\/p>\n<p><span style=\"font-weight: 400;\">Us haureu d\u2019esperar a la correcci\u00f3 de l\u2019expressi\u00f3 escrita. El resultat definitiu del vostre test\u00a0es publicar\u00e0 cada divendres\u00a0a partir de les 18h i l\u2019\u00faltima publicaci\u00f3 ser\u00e0 el <\/span><span style=\"font-weight: 400;\">dimecres 4 de febrer a les 18h.<\/span><\/p>\n<p><b>MATR\u00cdCULA EN L\u00cdNIA ALUMNAT ADM\u00c8S:\u00a0<\/b><a href=\"https:\/\/www.eoidigital.com\/eoicat\/alumnes\/index.php\"><span style=\"font-weight: 400;\">\u00a0<\/span><span style=\"font-weight: 400;\">AQU\u00cd<\/span><\/a><\/p>\n<p><span style=\"font-weight: 400;\">Del 06\/02\/2026 (a partir 14.00h) al 08\/02\/2026 (fins a les 23.59h)<\/span><\/p>\n<p><b>MATR\u00cdCULA EN L\u00cdNIA ALUMNAT EN LLISTA D\u2019ESPERA:\u00a0<\/b><a href=\"https:\/\/www.eoidigital.com\/eoicat\/alumnes\/index.php\"><span style=\"font-weight: 400;\">AQU\u00cd<\/span><\/a><\/p>\n<p><span style=\"font-weight: 400;\">09\/02\/2026 (a partir 10.00h i fins a les 23.59h)<\/span><\/p>\n<p><b>MATR\u00cdCULA PRESENCIAL PLACES VACANTS:\u00a0<\/b><\/p>\n<p><span style=\"font-weight: 400;\">10\/02\/2026 (a partir 9.00h) en el benent\u00e8s que quedin places disponibles.\u00a0<\/span><b>Nom\u00e9s es matr\u00edcular\u00e0\u00a0amb resultat definitiu\u00a0del test de nivell\u00a0segons consta en el resguard (cal mostrar-lo) o b\u00e9 amb certificat acreditatiu del nivell:<\/b><\/p>\n<p><b>-preinscrits<\/b><span style=\"font-weight: 400;\"> (a partir 9.00h)<\/span><\/p>\n<p><b>-no preinscrits<\/b><span style=\"font-weight: 400;\"> (a partir 10.00h)<\/span><\/p>\n<p><b>-matr\u00edcula d\u2019actualitzaci\u00f3 i\/o addicional <\/b><span style=\"font-weight: 400;\">(a partir 10.30h), pr\u00e8via autoritzaci\u00f3 de Cap d\u2019Estudis.\u00a0<\/span><\/p>\n<p><b>INICI I FI CLASSES:<\/b><\/p>\n<p><span style=\"font-weight: 400;\">Del 10\/02\/2026 al 28\/05\/2026<\/span><\/p>\n<p><a href=\"https:\/\/drive.google.com\/file\/d\/1sKi4jMMmrB6SShC3dZrSUAWscbCP3ee0\/view\" target=\"_blank\" rel=\"noopener\"><span style=\"font-weight: 400;\">Calendari en format pdf<\/span><\/a><\/p>\n<p><b>EXAMEN OFICIAL:<\/b><\/p>\n<p><span style=\"font-weight: 400;\">01\/06\/2026 (tarda)<\/span><\/p>\n<p><b>CONDICIONS DE MATR\u00cdCULA<\/b><\/p>\n<ul>\n<li style=\"font-weight: 400;\" aria-level=\"1\"><span style=\"font-weight: 400;\">La matr\u00edcula \u00e9s en l\u00ednia des de l\u2019enlla\u00e7 al web de l\u2019escola: <\/span><a href=\"https:\/\/agora-eoi.xtec.cat\/eoigirona\/\"><span style=\"font-weight: 400;\">eoigirona.cat<\/span><\/a><\/li>\n<li style=\"font-weight: 400;\" aria-level=\"1\"><span style=\"font-weight: 400;\">La matr\u00edcula es fa en diferents terminis segons la qualificaci\u00f3 final i s\u2019obrir\u00e0 cada nou termini el dia i hora que s\u2019indica al calendari, sense tancar l\u2019anterior franja<\/span><\/li>\n<\/ul>\n<ul>\n<li style=\"font-weight: 400;\" aria-level=\"1\"><span style=\"font-weight: 400;\">Al fer la matr\u00edcula cal confirmar el grup i triar i confirmar la taxa o preu p\u00fablic<\/span><\/li>\n<\/ul>\n<p><b>PAGAMENT DE MATR\u00cdCULA<\/b> <a href=\"https:\/\/agora-eoi.xtec.cat\/eoigirona\/matricula\/taxes-i-preus-publics\/\"><span style=\"font-weight: 400;\">Taxes i preus p\u00fablics<\/span><\/a><\/p>\n<ul>\n<li style=\"font-weight: 400;\" aria-level=\"1\"><span style=\"font-weight: 400;\">L\u2019aplicatiu generar\u00e0 un \u201cResguard de matr\u00edcula oficial \u2013 Curs 2025-2026 2Q\u201d. <\/span><b>Cal passar els 2 codis de barres del resguard<\/b><span style=\"font-weight: 400;\">. Es pot fer el pagament en l\u00ednia mitjan\u00e7at el web de la banca <\/span><i><span style=\"font-weight: 400;\">on line<\/span><\/i><span style=\"font-weight: 400;\"> de l\u2019entitat corresponent o presencial a l&#8217;entitat banc\u00e0ria. <\/span><b>Termini de pagament<\/b><span style=\"font-weight: 400;\">\u00a0 <\/span><b>24 hores.<\/b><span style=\"font-weight: 400;\"> No cal fer arribar els comprovants de pagament, \u00e9s autom\u00e0tic.<\/span><\/li>\n<li style=\"font-weight: 400;\" aria-level=\"1\"><span style=\"font-weight: 400;\">Si gaudiu de<\/span><a href=\"https:\/\/agora-eoi.xtec.cat\/eoigirona\/matricula\/taxes-i-preus-publics\/\"> <span style=\"font-weight: 400;\">bonificaci\u00f3 o exempci\u00f3 del pagament dels preus p\u00fablics i taxes vigents<\/span><\/a><span style=\"font-weight: 400;\"> l\u2019aplicaci\u00f3 us demana obligat\u00f2riament que adjunteu la documentaci\u00f3 justificativa per continuar tramitant la matr\u00edcula.<\/span><\/li>\n<\/ul>\n","protected":false},"excerpt":{"rendered":"<p>Vols obtenir el certificat de C1 d\u2019angl\u00e8s el maig-juny de 2026?\u00a0 Preinscripci\u00f3 i matr\u00edcula segon quadrimestre 2025-2026 angl\u00e8s C1 semipresencial intensiu ALUMNAT NOU<\/p>\n","protected":false},"author":1,"featured_media":18940,"comment_status":"closed","ping_status":"closed","sticky":false,"template":"","format":"standard","meta":{"_bbp_topic_count":0,"_bbp_reply_count":0,"_bbp_total_topic_count":0,"_bbp_total_reply_count":0,"_bbp_voice_count":0,"_bbp_anonymous_reply_count":0,"_bbp_topic_count_hidden":0,"_bbp_reply_count_hidden":0,"_bbp_forum_subforum_count":0,"site-sidebar-layout":"default","site-content-layout":"","ast-site-content-layout":"default","site-content-style":"default","site-sidebar-style":"default","ast-global-header-display":"","ast-banner-title-visibility":"","ast-main-header-display":"","ast-hfb-above-header-display":"","ast-hfb-below-header-display":"","ast-hfb-mobile-header-display":"","site-post-title":"","ast-breadcrumbs-content":"","ast-featured-img":"","footer-sml-layout":"","theme-transparent-header-meta":"","adv-header-id-meta":"","stick-header-meta":"","header-above-stick-meta":"","header-main-stick-meta":"","header-below-stick-meta":"","astra-migrate-meta-layouts":"set","ast-page-background-enabled":"default","ast-page-background-meta":{"desktop":{"background-color":"var(--ast-global-color-4)","background-image":"","background-repeat":"repeat","background-position":"center center","background-size":"auto","background-attachment":"scroll","background-type":"","background-media":"","overlay-type":"","overlay-color":"","overlay-opacity":"","overlay-gradient":""},"tablet":{"background-color":"","background-image":"","background-repeat":"repeat","background-position":"center center","background-size":"auto","background-attachment":"scroll","background-type":"","background-media":"","overlay-type":"","overlay-color":"","overlay-opacity":"","overlay-gradient":""},"mobile":{"background-color":"","background-image":"","background-repeat":"repeat","background-position":"center center","background-size":"auto","background-attachment":"scroll","background-type":"","background-media":"","overlay-type":"","overlay-color":"","overlay-opacity":"","overlay-gradient":""}},"ast-content-background-meta":{"desktop":{"background-color":"var(--ast-global-color-5)","background-image":"","background-repeat":"repeat","background-position":"center center","background-size":"auto","background-attachment":"scroll","background-type":"","background-media":"","overlay-type":"","overlay-color":"","overlay-opacity":"","overlay-gradient":""},"tablet":{"background-color":"var(--ast-global-color-5)","background-image":"","background-repeat":"repeat","background-position":"center center","background-size":"auto","background-attachment":"scroll","background-type":"","background-media":"","overlay-type":"","overlay-color":"","overlay-opacity":"","overlay-gradient":""},"mobile":{"background-color":"var(--ast-global-color-5)","background-image":"","background-repeat":"repeat","background-position":"center center","background-size":"auto","background-attachment":"scroll","background-type":"","background-media":"","overlay-type":"","overlay-color":"","overlay-opacity":"","overlay-gradient":""}},"footnotes":""},"categories":[1],"tags":[],"class_list":["post-16220","post","type-post","status-publish","format-standard","has-post-thumbnail","hentry","category-general"],"post_mailing_queue_ids":[],"_links":{"self":[{"href":"https:\/\/agora-eoi.xtec.cat\/eoigirona\/wp-json\/wp\/v2\/posts\/16220","targetHints":{"allow":["GET"]}}],"collection":[{"href":"https:\/\/agora-eoi.xtec.cat\/eoigirona\/wp-json\/wp\/v2\/posts"}],"about":[{"href":"https:\/\/agora-eoi.xtec.cat\/eoigirona\/wp-json\/wp\/v2\/types\/post"}],"author":[{"embeddable":true,"href":"https:\/\/agora-eoi.xtec.cat\/eoigirona\/wp-json\/wp\/v2\/users\/1"}],"replies":[{"embeddable":true,"href":"https:\/\/agora-eoi.xtec.cat\/eoigirona\/wp-json\/wp\/v2\/comments?post=16220"}],"version-history":[{"count":6,"href":"https:\/\/agora-eoi.xtec.cat\/eoigirona\/wp-json\/wp\/v2\/posts\/16220\/revisions"}],"predecessor-version":[{"id":18934,"href":"https:\/\/agora-eoi.xtec.cat\/eoigirona\/wp-json\/wp\/v2\/posts\/16220\/revisions\/18934"}],"wp:featuredmedia":[{"embeddable":true,"href":"https:\/\/agora-eoi.xtec.cat\/eoigirona\/wp-json\/wp\/v2\/media\/18940"}],"wp:attachment":[{"href":"https:\/\/agora-eoi.xtec.cat\/eoigirona\/wp-json\/wp\/v2\/media?parent=16220"}],"wp:term":[{"taxonomy":"category","embeddable":true,"href":"https:\/\/agora-eoi.xtec.cat\/eoigirona\/wp-json\/wp\/v2\/categories?post=16220"},{"taxonomy":"post_tag","embeddable":true,"href":"https:\/\/agora-eoi.xtec.cat\/eoigirona\/wp-json\/wp\/v2\/tags?post=16220"}],"curies":[{"name":"wp","href":"https:\/\/api.w.org\/{rel}","templated":true}]}}