{"id":14921,"date":"2024-04-07T12:31:46","date_gmt":"2024-04-07T10:31:46","guid":{"rendered":"https:\/\/agora-eoi.xtec.cat\/eoigirona\/?p=14921"},"modified":"2024-04-25T18:23:56","modified_gmt":"2024-04-25T16:23:56","slug":"festa-del-40-aniversari-de-leoi-girona","status":"publish","type":"post","link":"https:\/\/agora-eoi.xtec.cat\/eoigirona\/general\/festa-del-40-aniversari-de-leoi-girona\/","title":{"rendered":"FESTA DEL 40 ANIVERSARI DE L&#8217;EOI GIRONA"},"content":{"rendered":"<p><img loading=\"lazy\" decoding=\"async\" class=\"alignnone wp-image-14982\" src=\"https:\/\/agora-eoi.xtec.cat\/eoigirona\/wp-content\/uploads\/usu2632\/2024\/03\/festa-foto-web-web.png\" alt=\"\" width=\"253\" height=\"182\" \/><\/p>\n<p>Vine a celebrar la Festa del 40 aniversari de l&#8217;EOI Girona.<br \/>\nData: Dimecres 24 d&#8217;abril a les 18.45<br \/>\nLloc. Entrada de l&#8217;escola<br \/>\nApunta-t&#8217;hi en aquest <a href=\"https:\/\/docs.google.com\/forms\/d\/e\/1FAIpQLSdL24BDpDoic1LuybGUnloiLYTjJaKn11qlHVNl4NCdbW_CdQ\/viewform?usp=sf_link\">enlla\u00e7<\/a>.<\/p>\n<p><!--more--><\/p>\n<p>Hi haur\u00e0:<\/p>\n<ul>\n<li>Lliurament de premis del concurs 40 curiositats<\/li>\n<li>Berenar a c\u00e0rrec de l&#8217;EOI Girona<\/li>\n<li>Actuacions musicals d&#8217;alumnes i professorat de l&#8217;escola<\/li>\n<li>Servei de bar:\n<ul>\n<li style=\"list-style-type: none;\">\n<ul>\n<li>Refresc: 2,00 \u20ac<\/li>\n<li>Suc: 2,20 \u20ac<\/li>\n<li>Canya: 2,00 \u20ac<\/li>\n<li>Aigua: 1,20 \u20ac<\/li>\n<li>Cacaolat:\u00a02,20 \u20ac<\/li>\n<li>Xips: 1,50 \u20ac<\/li>\n<li>Botifarra amb torrades: 4.00 \u20ac<\/li>\n<li>Pinxos amb torrades: 4.00 \u20ac<\/li>\n<\/ul>\n<\/li>\n<\/ul>\n<\/li>\n<\/ul>\n<p>Apunta&#8217;t a la festa en el google forms que trobar\u00e0s al codi QR dels r\u00e8tols que tenim a l&#8217;escola o al seg\u00fcent <a href=\"https:\/\/docs.google.com\/forms\/d\/e\/1FAIpQLSdL24BDpDoic1LuybGUnloiLYTjJaKn11qlHVNl4NCdbW_CdQ\/viewform?usp=sf_link\">enlla\u00e7<\/a>. Tens temps per apuntar-t&#8217;hi fins al 19 d&#8217;abril.<\/p>\n","protected":false},"excerpt":{"rendered":"<p>Vine a celebrar la Festa del 40 aniversari de l&#8217;EOI Girona. Data: Dimecres 24 d&#8217;abril a les 18.45 Lloc. Entrada de l&#8217;escola Apunta-t&#8217;hi en aquest enlla\u00e7.<\/p>\n","protected":false},"author":1,"featured_media":0,"comment_status":"closed","ping_status":"closed","sticky":false,"template":"","format":"standard","meta":{"_bbp_topic_count":0,"_bbp_reply_count":0,"_bbp_total_topic_count":0,"_bbp_total_reply_count":0,"_bbp_voice_count":0,"_bbp_anonymous_reply_count":0,"_bbp_topic_count_hidden":0,"_bbp_reply_count_hidden":0,"_bbp_forum_subforum_count":0,"site-sidebar-layout":"default","site-content-layout":"","ast-site-content-layout":"","site-content-style":"default","site-sidebar-style":"default","ast-global-header-display":"","ast-banner-title-visibility":"","ast-main-header-display":"","ast-hfb-above-header-display":"","ast-hfb-below-header-display":"","ast-hfb-mobile-header-display":"","site-post-title":"","ast-breadcrumbs-content":"","ast-featured-img":"","footer-sml-layout":"","theme-transparent-header-meta":"","adv-header-id-meta":"","stick-header-meta":"","header-above-stick-meta":"","header-main-stick-meta":"","header-below-stick-meta":"","astra-migrate-meta-layouts":"default","ast-page-background-enabled":"default","ast-page-background-meta":{"desktop":{"background-color":"var(--ast-global-color-4)","background-image":"","background-repeat":"repeat","background-position":"center center","background-size":"auto","background-attachment":"scroll","background-type":"","background-media":"","overlay-type":"","overlay-color":"","overlay-opacity":"","overlay-gradient":""},"tablet":{"background-color":"","background-image":"","background-repeat":"repeat","background-position":"center center","background-size":"auto","background-attachment":"scroll","background-type":"","background-media":"","overlay-type":"","overlay-color":"","overlay-opacity":"","overlay-gradient":""},"mobile":{"background-color":"","background-image":"","background-repeat":"repeat","background-position":"center center","background-size":"auto","background-attachment":"scroll","background-type":"","background-media":"","overlay-type":"","overlay-color":"","overlay-opacity":"","overlay-gradient":""}},"ast-content-background-meta":{"desktop":{"background-color":"var(--ast-global-color-5)","background-image":"","background-repeat":"repeat","background-position":"center center","background-size":"auto","background-attachment":"scroll","background-type":"","background-media":"","overlay-type":"","overlay-color":"","overlay-opacity":"","overlay-gradient":""},"tablet":{"background-color":"var(--ast-global-color-5)","background-image":"","background-repeat":"repeat","background-position":"center center","background-size":"auto","background-attachment":"scroll","background-type":"","background-media":"","overlay-type":"","overlay-color":"","overlay-opacity":"","overlay-gradient":""},"mobile":{"background-color":"var(--ast-global-color-5)","background-image":"","background-repeat":"repeat","background-position":"center center","background-size":"auto","background-attachment":"scroll","background-type":"","background-media":"","overlay-type":"","overlay-color":"","overlay-opacity":"","overlay-gradient":""}},"footnotes":""},"categories":[1],"tags":[],"class_list":["post-14921","post","type-post","status-publish","format-standard","hentry","category-general"],"post_mailing_queue_ids":[],"_links":{"self":[{"href":"https:\/\/agora-eoi.xtec.cat\/eoigirona\/wp-json\/wp\/v2\/posts\/14921","targetHints":{"allow":["GET"]}}],"collection":[{"href":"https:\/\/agora-eoi.xtec.cat\/eoigirona\/wp-json\/wp\/v2\/posts"}],"about":[{"href":"https:\/\/agora-eoi.xtec.cat\/eoigirona\/wp-json\/wp\/v2\/types\/post"}],"author":[{"embeddable":true,"href":"https:\/\/agora-eoi.xtec.cat\/eoigirona\/wp-json\/wp\/v2\/users\/1"}],"replies":[{"embeddable":true,"href":"https:\/\/agora-eoi.xtec.cat\/eoigirona\/wp-json\/wp\/v2\/comments?post=14921"}],"version-history":[{"count":6,"href":"https:\/\/agora-eoi.xtec.cat\/eoigirona\/wp-json\/wp\/v2\/posts\/14921\/revisions"}],"predecessor-version":[{"id":15046,"href":"https:\/\/agora-eoi.xtec.cat\/eoigirona\/wp-json\/wp\/v2\/posts\/14921\/revisions\/15046"}],"wp:attachment":[{"href":"https:\/\/agora-eoi.xtec.cat\/eoigirona\/wp-json\/wp\/v2\/media?parent=14921"}],"wp:term":[{"taxonomy":"category","embeddable":true,"href":"https:\/\/agora-eoi.xtec.cat\/eoigirona\/wp-json\/wp\/v2\/categories?post=14921"},{"taxonomy":"post_tag","embeddable":true,"href":"https:\/\/agora-eoi.xtec.cat\/eoigirona\/wp-json\/wp\/v2\/tags?post=14921"}],"curies":[{"name":"wp","href":"https:\/\/api.w.org\/{rel}","templated":true}]}}