{"id":12609,"date":"2026-01-07T15:00:00","date_gmt":"2026-01-07T14:00:00","guid":{"rendered":"https:\/\/agora-eoi.xtec.cat\/eoigirona\/?p=12609"},"modified":"2026-02-12T03:25:20","modified_gmt":"2026-02-12T02:25:20","slug":"matricula-espanyol-per-a-estrangers-segon-quadrimestre-alumnat-oficial","status":"publish","type":"post","link":"https:\/\/agora-eoi.xtec.cat\/eoigirona\/general\/matricula-espanyol-per-a-estrangers-segon-quadrimestre-alumnat-oficial\/","title":{"rendered":"Espanyol per a estrangers consulta de notes 1Q i matr\u00edcula 2Q, alumnat oficial"},"content":{"rendered":"<p>Llegeix m\u00e9s&#8230;<\/p>\n<p><!--more--><\/p>\n<p><span style=\"font-weight: 400;\">Instruccions consulta notes 1Q + Instruccions matr\u00edcula en l\u00ednia 2Q<\/span> <span style=\"font-weight: 400;\">(versi<\/span><span style=\"font-weight: 400;\">\u00f3 <\/span><a href=\"https:\/\/drive.google.com\/file\/d\/1pZhTrcPEEUWvwGwC0v7CguSX12qqyha2\/view?usp=sharing\"><b>catal\u00e0<\/b><\/a><span style=\"font-weight: 400;\"> i <\/span><a href=\"https:\/\/drive.google.com\/file\/d\/1-3MjbLFKNFTkwVgDIwqiUoME3XX89X_h\/view?usp=sharing\"><b>espanyol<\/b><\/a><span style=\"font-weight: 400;\">)<\/span><\/p>\n<p><b>1Q CONSULTA DE NOTES<\/b><b> EN L\u00cdNIA<\/b><b>\u00a02025-2026<\/b><b>:\u00a0<\/b><a href=\"https:\/\/www.informaticacentros.com\/centrosnet\/ultralogin.php?tcentro=EOI&amp;centro=GI1\"><b>AQU\u00cd<\/b><\/a><\/p>\n<p><span style=\"font-weight: 400;\">27\/01\/2026 a partir de les 18.00h<\/span><\/p>\n<p><span style=\"color: #993300;\"><b>CURSOS OFICIALS 2Q ESPANYOL PER A ESTRANGERS:<\/b><\/span><\/p>\n<ul>\n<li style=\"font-weight: 400;\" aria-level=\"1\"><span style=\"font-weight: 400;\">Consulteu els nivells i horaris dels cursos 2Q<\/span> <a href=\"https:\/\/agora-eoi.xtec.cat\/eoigirona\/espanyol\/horaris\/\"><b>AQU\u00cd<\/b><\/a><\/li>\n<li aria-level=\"1\"><span style=\"font-weight: 400;\">Consulteu<\/span> <span style=\"font-weight: 400;\">els preus dels cursos, reduccions i exempcions<\/span> <a style=\"font-size: revert; background-color: rgba(0, 0, 0, 0); font-weight: inherit;\" href=\"https:\/\/agora-eoi.xtec.cat\/eoigirona\/matricula\/taxes-i-preus-publics\/\"><b>AQU\u00cd<\/b><\/a><\/li>\n<\/ul>\n<p><b>2Q MATR\u00cdCULA EN L\u00cdNIA 2Q 2025-2026: <\/b><a href=\"https:\/\/www.informaticacentros.com\/centrosnet\/ultralogin.php?tcentro=EOI&amp;centro=GI1\"><b>AQU\u00cd<\/b><\/a><\/p>\n<p><span style=\"font-weight: 400;\">del 28\/01\/2026 al 30\/01\/2026<\/span><\/p>\n<table>\n<tbody>\n<tr>\n<td><b>Dates<\/b><\/td>\n<td><b>ALUMNAT<\/b><\/td>\n<\/tr>\n<tr>\n<td><b>28 de gener\u00a0<\/b><span style=\"font-weight: 400;\">de les 00:01 a les 23.59h<\/span><\/td>\n<td><span style=\"font-weight: 400;\">Alumnes <\/span><b>APTES<\/b><span style=\"font-weight: 400;\"> d\u2019A1 a B2.2 del primer quadrimestre del curs 2025-2026 i que es volen <\/span><b>matricular a un grup de la mateixa franja hor\u00e0ria<\/b><span style=\"font-weight: 400;\"> (<\/span><i><span style=\"font-weight: 400;\">es refereix a mantenir la mateixa hora, si el dia canvia no es considera canvi d&#8217;horari)<\/span><\/i><\/td>\n<\/tr>\n<tr>\n<td><b>29 de gener<\/b><span style=\"font-weight: 400;\">\u00a0de les 00.00 a les 23.59h<\/span><\/td>\n<td><span style=\"font-weight: 400;\">Alumnes <\/span><b>APTES<\/b><span style=\"font-weight: 400;\"> d\u2019A1 a B2.2 del primer quadrimestre del curs 2025-2026 <\/span><b>\u00a0<\/b><span style=\"font-weight: 400;\">i que es volen <\/span><b>matricular a un grup d\u2019una franja hor\u00e0ria diferent.<\/b><\/td>\n<\/tr>\n<tr>\n<td><b>30 de gener\u00a0<\/b><span style=\"font-weight: 400;\">de les 00:00 a les 13.59h<\/span><\/td>\n<td><span style=\"font-weight: 400;\">Alumnes <\/span><b>NO APTES, NO PRESENTATS o que van fer la REN\u00daNCIA de matr\u00edcula <\/b><span style=\"font-weight: 400;\">d\u2019A1 a B2.2 del primer quadrimestre del curs 2025-2026\u00a0<\/span><\/td>\n<\/tr>\n<\/tbody>\n<\/table>\n<p><b>NOTA:<\/b><span style=\"font-weight: 400;\"> els alumnes oficials que vulguin fer matr\u00edcula d\u2019actualitzaci\u00f3 i addicional s&#8217;han de<\/span><a href=\"https:\/\/agora-eoi.xtec.cat\/eoigirona\/general\/matricula-espanyol-segon-quadrimestre-nou-alumnat\/\"><span style=\"font-weight: 400;\"> matricular com alumnes nous el dia de places vacants<\/span><\/a><span style=\"font-weight: 400;\"> (10\/02\/2026 a partir de les 10.30h), pr\u00e8via autoritzaci\u00f3 de Cap d\u2019Estudis.<\/span><\/p>\n<p><b>INICI I FI DE CLASSES:<\/b><\/p>\n<p><span style=\"font-weight: 400;\">Del 10\/02\/2026 al 28\/05\/2026<\/span><\/p>\n<p><a href=\"https:\/\/drive.google.com\/file\/d\/1hT38dSTyCb9vUIl6C3vQYFLT5MNT-wLY\/view\"><span style=\"font-weight: 400;\">Calendari en format pdf<\/span><\/a><\/p>\n<p><b>CONDICIONS DE MATR\u00cdCULA<\/b><\/p>\n<ul>\n<li style=\"font-weight: 400;\" aria-level=\"1\"><span style=\"font-weight: 400;\">La matr\u00edcula \u00e9s en l\u00ednia des de l\u2019enlla\u00e7 al web de l\u2019escola: <\/span><a href=\"https:\/\/agora-eoi.xtec.cat\/eoigirona\/\"><span style=\"font-weight: 400;\">eoigirona.cat<\/span><\/a><\/li>\n<li style=\"font-weight: 400;\" aria-level=\"1\"><span style=\"font-weight: 400;\">La matr\u00edcula es fa en diferents terminis segons la qualificaci\u00f3 final i s\u2019obrir\u00e0 cada nou termini el dia i hora que s\u2019indica al calendari, sense tancar l\u2019anterior franja<\/span><\/li>\n<\/ul>\n<ul>\n<li style=\"font-weight: 400;\" aria-level=\"1\"><span style=\"font-weight: 400;\">Al fer la matr\u00edcula cal confirmar el grup i triar i confirmar la taxa o preu p\u00fablic<\/span><\/li>\n<\/ul>\n<p><b>PAGAMENT DE MATR\u00cdCULA<\/b> <a href=\"https:\/\/agora-eoi.xtec.cat\/eoigirona\/matricula\/taxes-i-preus-publics\/\"><span style=\"font-weight: 400;\">Taxes i preus p\u00fablics<\/span><\/a><\/p>\n<ul>\n<li style=\"font-weight: 400;\" aria-level=\"1\"><span style=\"font-weight: 400;\">L\u2019aplicatiu generar\u00e0 un \u201cResguard de matr\u00edcula oficial \u2013 Curs 2025-2026 2Q\u201d. <\/span><b>Cal passar els 2 codis de barres del resguard<\/b><span style=\"font-weight: 400;\">. Es pot fer el pagament en l\u00ednia mitjan\u00e7at el web de la banca <\/span><i><span style=\"font-weight: 400;\">on line<\/span><\/i><span style=\"font-weight: 400;\"> de l\u2019entitat corresponent o presencial a l&#8217;entitat banc\u00e0ria. <\/span><b>Termini de pagament<\/b><span style=\"font-weight: 400;\">\u00a0 <\/span><b>24 hores.<\/b><span style=\"font-weight: 400;\"> No cal fer arribar els comprovants de pagament, \u00e9s autom\u00e0tic.<\/span><\/li>\n<li style=\"font-weight: 400;\" aria-level=\"1\"><span style=\"font-weight: 400;\">Si gaudiu de<\/span><a href=\"https:\/\/agora-eoi.xtec.cat\/eoigirona\/matricula\/taxes-i-preus-publics\/\"> <span style=\"font-weight: 400;\">bonificaci\u00f3 o exempci\u00f3 del pagament dels preus p\u00fablics i taxes vigents<\/span><\/a><span style=\"font-weight: 400;\"> l\u2019aplicaci\u00f3 us demana obligat\u00f2riament que adjunteu la documentaci\u00f3 justificativa per continuar tramitant la matr\u00edcula.<\/span><\/li>\n<\/ul>\n\n\n<p><\/p>\n\n\n\n<p><\/p>\n","protected":false},"excerpt":{"rendered":"<p>Llegeix m\u00e9s&#8230;<\/p>\n","protected":false},"author":1,"featured_media":10953,"comment_status":"closed","ping_status":"closed","sticky":false,"template":"","format":"standard","meta":{"_bbp_topic_count":0,"_bbp_reply_count":0,"_bbp_total_topic_count":0,"_bbp_total_reply_count":0,"_bbp_voice_count":0,"_bbp_anonymous_reply_count":0,"_bbp_topic_count_hidden":0,"_bbp_reply_count_hidden":0,"_bbp_forum_subforum_count":0,"site-sidebar-layout":"default","site-content-layout":"","ast-site-content-layout":"default","site-content-style":"default","site-sidebar-style":"default","ast-global-header-display":"","ast-banner-title-visibility":"","ast-main-header-display":"","ast-hfb-above-header-display":"","ast-hfb-below-header-display":"","ast-hfb-mobile-header-display":"","site-post-title":"","ast-breadcrumbs-content":"","ast-featured-img":"","footer-sml-layout":"","theme-transparent-header-meta":"","adv-header-id-meta":"","stick-header-meta":"","header-above-stick-meta":"","header-main-stick-meta":"","header-below-stick-meta":"","astra-migrate-meta-layouts":"set","ast-page-background-enabled":"default","ast-page-background-meta":{"desktop":{"background-color":"var(--ast-global-color-4)","background-image":"","background-repeat":"repeat","background-position":"center center","background-size":"auto","background-attachment":"scroll","background-type":"","background-media":"","overlay-type":"","overlay-color":"","overlay-opacity":"","overlay-gradient":""},"tablet":{"background-color":"","background-image":"","background-repeat":"repeat","background-position":"center center","background-size":"auto","background-attachment":"scroll","background-type":"","background-media":"","overlay-type":"","overlay-color":"","overlay-opacity":"","overlay-gradient":""},"mobile":{"background-color":"","background-image":"","background-repeat":"repeat","background-position":"center center","background-size":"auto","background-attachment":"scroll","background-type":"","background-media":"","overlay-type":"","overlay-color":"","overlay-opacity":"","overlay-gradient":""}},"ast-content-background-meta":{"desktop":{"background-color":"var(--ast-global-color-5)","background-image":"","background-repeat":"repeat","background-position":"center center","background-size":"auto","background-attachment":"scroll","background-type":"","background-media":"","overlay-type":"","overlay-color":"","overlay-opacity":"","overlay-gradient":""},"tablet":{"background-color":"var(--ast-global-color-5)","background-image":"","background-repeat":"repeat","background-position":"center center","background-size":"auto","background-attachment":"scroll","background-type":"","background-media":"","overlay-type":"","overlay-color":"","overlay-opacity":"","overlay-gradient":""},"mobile":{"background-color":"var(--ast-global-color-5)","background-image":"","background-repeat":"repeat","background-position":"center center","background-size":"auto","background-attachment":"scroll","background-type":"","background-media":"","overlay-type":"","overlay-color":"","overlay-opacity":"","overlay-gradient":""}},"footnotes":""},"categories":[1],"tags":[],"class_list":["post-12609","post","type-post","status-publish","format-standard","has-post-thumbnail","hentry","category-general"],"post_mailing_queue_ids":[],"_links":{"self":[{"href":"https:\/\/agora-eoi.xtec.cat\/eoigirona\/wp-json\/wp\/v2\/posts\/12609","targetHints":{"allow":["GET"]}}],"collection":[{"href":"https:\/\/agora-eoi.xtec.cat\/eoigirona\/wp-json\/wp\/v2\/posts"}],"about":[{"href":"https:\/\/agora-eoi.xtec.cat\/eoigirona\/wp-json\/wp\/v2\/types\/post"}],"author":[{"embeddable":true,"href":"https:\/\/agora-eoi.xtec.cat\/eoigirona\/wp-json\/wp\/v2\/users\/1"}],"replies":[{"embeddable":true,"href":"https:\/\/agora-eoi.xtec.cat\/eoigirona\/wp-json\/wp\/v2\/comments?post=12609"}],"version-history":[{"count":5,"href":"https:\/\/agora-eoi.xtec.cat\/eoigirona\/wp-json\/wp\/v2\/posts\/12609\/revisions"}],"predecessor-version":[{"id":19020,"href":"https:\/\/agora-eoi.xtec.cat\/eoigirona\/wp-json\/wp\/v2\/posts\/12609\/revisions\/19020"}],"wp:featuredmedia":[{"embeddable":true,"href":"https:\/\/agora-eoi.xtec.cat\/eoigirona\/wp-json\/wp\/v2\/media\/10953"}],"wp:attachment":[{"href":"https:\/\/agora-eoi.xtec.cat\/eoigirona\/wp-json\/wp\/v2\/media?parent=12609"}],"wp:term":[{"taxonomy":"category","embeddable":true,"href":"https:\/\/agora-eoi.xtec.cat\/eoigirona\/wp-json\/wp\/v2\/categories?post=12609"},{"taxonomy":"post_tag","embeddable":true,"href":"https:\/\/agora-eoi.xtec.cat\/eoigirona\/wp-json\/wp\/v2\/tags?post=12609"}],"curies":[{"name":"wp","href":"https:\/\/api.w.org\/{rel}","templated":true}]}}