{"id":12506,"date":"2026-01-07T18:00:00","date_gmt":"2026-01-07T17:00:00","guid":{"rendered":"https:\/\/agora-eoi.xtec.cat\/eoigirona\/?p=12506"},"modified":"2026-02-12T03:20:56","modified_gmt":"2026-02-12T02:20:56","slug":"matricula-espanyol-segon-quadrimestre-nou-alumnat","status":"publish","type":"post","link":"https:\/\/agora-eoi.xtec.cat\/eoigirona\/general\/matricula-espanyol-segon-quadrimestre-nou-alumnat\/","title":{"rendered":"Espanyol per a estrangers, alumnat nou"},"content":{"rendered":"\n<p>Preinscripci\u00f3 i matr\u00edcula segon quadrimestre&nbsp;2025-2026 espanyol&nbsp;per a estrangers ALUMNAT NOU<\/p>\n\n\n\n<!--more-->\n\n\n<ul>\n<li style=\"font-weight: 400;\" aria-level=\"1\"><span style=\"font-weight: 400;\">Consulteu els nivells i horaris dels cursos<\/span><b>\u00a0<\/b><a href=\"https:\/\/agora-eoi.xtec.cat\/eoigirona\/espanyol\/horaris\/\"><span style=\"font-weight: 400;\">AQU\u00cd<\/span><\/a><\/li>\n<li style=\"font-weight: 400;\" aria-level=\"1\"><span style=\"font-weight: 400;\">Consulteu els preus dels cursos<\/span><b>\u00a0<\/b><a href=\"https:\/\/agora-eoi.xtec.cat\/eoigirona\/matricula\/taxes-i-preus-publics\/\"><span style=\"font-weight: 400;\">AQU\u00cd<\/span><\/a><\/li>\n<li style=\"font-weight: 400;\" aria-level=\"1\"><span style=\"font-weight: 400;\">M\u00e9s informaci\u00f3 Gencat<\/span><span style=\"font-weight: 400;\">\u00a0<\/span><a href=\"https:\/\/preinscripcio.gencat.cat\/ca\/estudis\/idiomes-eoi\/informat\/calendari\/\" target=\"_blank\" rel=\"noopener\"><span style=\"font-weight: 400;\">AQU\u00cd<\/span><\/a><\/li>\n<\/ul>\n<p><b>PREINSCRIPCI\u00d3 EN L\u00cdNIA:<\/b><span style=\"font-weight: 400;\">\u00a0<\/span><a href=\"https:\/\/www.eoidigital.com\/eoicat\/alumnes\/index.php\"><span style=\"font-weight: 400;\">AQU\u00cd<\/span><\/a><\/p>\n<p><span style=\"font-weight: 400;\">Del 15\/01\/2026 (a partir 9.00h) al 20\/01\/2026 (fins a les 18.00h)<\/span><\/p>\n<p><span style=\"font-weight: 400;\">ATENCI\u00d3:\u00a0 per accedir a A1 cal fer la preinscripci\u00f3 a test de nivell obligat\u00f2riament.<\/span><\/p>\n<p><b>LLIURAMENT EN L\u00cdNIA DOCUMENTACI\u00d3 EXEMPCI\u00d3 TEST DE NIVELL<\/b><b>\u00a0<\/b><a href=\"https:\/\/www.eoidigital.com\/eoicat\/alumnes\/index.php\"><span style=\"font-weight: 400;\">AQU\u00cd<\/span><\/a><b>\u00a0<\/b><\/p>\n<p><span style=\"font-weight: 400;\">Del 15\/01\/2026 (a partir 9.00h ) al 02\/02\/2026 (fins a les 10h)\u00a0<\/span><\/p>\n<p><span style=\"font-weight: 400;\">Per a alumnes que accedeixen directament a un nivell superior a A1. Cal adjuntar el certificat dins l\u2019aplicaci\u00f3 de preinscripci\u00f3. Si presenteu un certificat, cal que comproveu que l\u2019EOI us ha validat aquest certificat a l\u2019aplicaci\u00f3 de preinscripci\u00f3.<\/span><\/p>\n<ul>\n<li style=\"font-weight: 400;\" aria-level=\"1\"><a href=\"https:\/\/preinscripcio.gencat.cat\/ca\/estudis\/idiomes-eoi\/informat\/test-nivell-a2-c1\/\"><span style=\"font-weight: 400;\">taula d\u2019exempcions<\/span><\/a><span style=\"font-weight: 400;\">\u00a0<\/span><\/li>\n<li style=\"font-weight: 400;\" aria-level=\"1\"><span style=\"font-weight: 400;\">taula d\u2019equival\u00e8ncies <\/span><a href=\"https:\/\/portaldogc.gencat.cat\/utilsEADOP\/PDF\/9210\/2039478.pdf\"><span style=\"font-weight: 400;\">lleng\u00fces estrangeres<\/span><\/a><\/li>\n<li style=\"font-weight: 400;\" aria-level=\"1\">taula d\u2019equival\u00e8ncies <a style=\"font-size: revert; background-color: rgba(0, 0, 0, 0); font-weight: inherit;\" href=\"https:\/\/www.acles.es\/uploads\/archivos\/Tablas_ACLES\/Tablas_de_certificados_reconocidos_por_ACLES_2024_07_25_bis.pdf\">ACLES (inclou espanyol)<\/a><\/li>\n<\/ul>\n<p><b>TEST DE NIVELL PRESENCIAL pr\u00e8via preinscripci\u00f3 <\/b><span style=\"font-weight: 400;\">(si no es t\u00e9 certificat acreditatiu del nivell)<\/span><b>:\u00a0 <\/b><a href=\"https:\/\/www.eoidigital.com\/eoicat\/alumnes\/index.php\"><span style=\"font-weight: 400;\">AQU\u00cd<\/span><\/a><\/p>\n<p><span style=\"font-weight: 400;\">29, 30 de gener i 2 de febrer a les 10h. <\/span><span style=\"font-weight: 400;\">Podeu triar qualsevol dels dies proposats.<\/span><\/p>\n<p><span style=\"font-weight: 400;\">Per a qualsevol dubte, envieu un mail al cap de departament Paco Meneses (departament.espanyol@eoigirona.cat)<\/span><\/p>\n<p><b>CONSULTA EN L\u00cdNIA RESULTAT TEST DE NIVELL:<\/b><span style=\"font-weight: 400;\">\u00a0<\/span><a href=\"https:\/\/www.eoidigital.com\/eoicat\/alumnes\/index.php\"><span style=\"font-weight: 400;\">AQU\u00cd<\/span><\/a><\/p>\n<p><span style=\"font-weight: 400;\">Del 04\/02\/2026 (a partir 18.00h) al 06\/02\/2026 (fins a les 9.00h)<\/span><\/p>\n<p><b>MATR\u00cdCULA EN L\u00cdNIA ALUMNAT ADM\u00c8S:\u00a0<\/b><a href=\"https:\/\/www.eoidigital.com\/eoicat\/alumnes\/index.php\"><b>\u00a0<\/b><span style=\"font-weight: 400;\">AQU\u00cd<\/span><\/a><\/p>\n<p><span style=\"font-weight: 400;\">Del 06\/02\/2026 (a partir 14.00h) al 08\/02\/2026 (fins a les 23.59h)<\/span><\/p>\n<p><b>MATR\u00cdCULA EN L\u00cdNIA ALUMNAT EN LLISTA D\u2019ESPERA:\u00a0<\/b><a href=\"https:\/\/www.eoidigital.com\/eoicat\/alumnes\/index.php\"><span style=\"font-weight: 400;\">AQU\u00cd<\/span><\/a><\/p>\n<p><span style=\"font-weight: 400;\">09\/02\/2026 (a partir 10.00h i fins a les 23.59h)<\/span><\/p>\n<p><b>MATR\u00cdCULA PRESENCIAL PLACES VACANTS:\u00a0<\/b><\/p>\n<p><span style=\"font-weight: 400;\">10\/02\/2026\u00a0a partir 9.00h en el benent\u00e8s que quedin places disponibles. <\/span><b>Nom\u00e9s es matricular\u00e0 amb test de nivell fet o b\u00e9 amb certificat acreditatiu del nivell:\u00a0<\/b><\/p>\n<p><b>-preinscrits<\/b><span style=\"font-weight: 400;\"> (a partir 9.00h)<\/span><\/p>\n<p><b>-no preinscrits<\/b><span style=\"font-weight: 400;\"> (a partir 10.00h)<\/span><\/p>\n<p><b>-matr\u00edcula d\u2019actualitzaci\u00f3 i\/o addicional <\/b><span style=\"font-weight: 400;\">(a partir 10.30h), pr\u00e8via autoritzaci\u00f3 de Cap d\u2019Estudis.\u00a0<\/span><\/p>\n<p><b>INICI I FI DE CLASSES:<\/b><\/p>\n<p><span style=\"font-weight: 400;\">Del 10\/02\/2026 al 28\/05\/2026<\/span><\/p>\n<p><a href=\"https:\/\/drive.google.com\/file\/d\/1hT38dSTyCb9vUIl6C3vQYFLT5MNT-wLY\/view\" target=\"_blank\" rel=\"noopener\"><span style=\"font-weight: 400;\">Calendari en format pdf<\/span><\/a><\/p>\n\n\n<p><strong>CONDICIONS DE MATR\u00cdCULA<\/strong><\/p>\n\n\n\n<ul class=\"wp-block-list\">\n<li>La matr\u00edcula \u00e9s en l\u00ednia des de l\u2019enlla\u00e7 al web de l\u2019escola: <a href=\"https:\/\/agora-eoi.xtec.cat\/eoigirona\/\">eoigirona.cat<\/a><\/li>\n\n\n\n<li>La matr\u00edcula es fa en diferents terminis segons la qualificaci\u00f3 final i s\u2019obrir\u00e0 cada nou termini el dia i hora que s\u2019indica al calendari, sense tancar l\u2019anterior franja<\/li>\n\n\n\n<li>Al fer la matr\u00edcula cal confirmar el grup i triar i confirmar la taxa o preu p\u00fablic<\/li>\n<\/ul>\n\n\n\n<p><strong>PAGAMENT DE MATR\u00cdCULA<\/strong> <a href=\"https:\/\/agora-eoi.xtec.cat\/eoigirona\/matricula\/taxes-i-preus-publics\/\">Taxes i preus p\u00fablics<\/a><\/p>\n\n\n\n<ul class=\"wp-block-list\">\n<li>L\u2019aplicatiu generar\u00e0 un \u201cResguard de matr\u00edcula oficial \u2013 Curs 2025-2026 2Q\u201d. <strong>Cal passar els 2 codis de barres del resguard<\/strong>. Es pot fer el pagament en l\u00ednia mitjan\u00e7at el web de la banca <em>on line<\/em> de l\u2019entitat corresponent o presencial a l&#8217;entitat banc\u00e0ria. <strong>Termini de pagament<\/strong>&nbsp; <strong>24 hores.<\/strong> No cal fer arribar els comprovants de pagament, \u00e9s autom\u00e0tic.<\/li>\n\n\n\n<li>Si gaudiu de<a href=\"https:\/\/agora-eoi.xtec.cat\/eoigirona\/matricula\/taxes-i-preus-publics\/\"> bonificaci\u00f3 o exempci\u00f3 del pagament dels preus p\u00fablics i taxes vigents<\/a> l\u2019aplicaci\u00f3 us demana obligat\u00f2riament que adjunteu la documentaci\u00f3 justificativa per continuar tramitant la matr\u00edcula.<\/li>\n<\/ul>\n","protected":false},"excerpt":{"rendered":"<p>Preinscripci\u00f3 i matr\u00edcula segon quadrimestre&nbsp;2025-2026 espanyol&nbsp;per a estrangers ALUMNAT NOU<\/p>\n","protected":false},"author":1,"featured_media":18940,"comment_status":"closed","ping_status":"closed","sticky":false,"template":"","format":"standard","meta":{"_bbp_topic_count":0,"_bbp_reply_count":0,"_bbp_total_topic_count":0,"_bbp_total_reply_count":0,"_bbp_voice_count":0,"_bbp_anonymous_reply_count":0,"_bbp_topic_count_hidden":0,"_bbp_reply_count_hidden":0,"_bbp_forum_subforum_count":0,"site-sidebar-layout":"default","site-content-layout":"","ast-site-content-layout":"default","site-content-style":"default","site-sidebar-style":"default","ast-global-header-display":"","ast-banner-title-visibility":"","ast-main-header-display":"","ast-hfb-above-header-display":"","ast-hfb-below-header-display":"","ast-hfb-mobile-header-display":"","site-post-title":"","ast-breadcrumbs-content":"","ast-featured-img":"","footer-sml-layout":"","theme-transparent-header-meta":"","adv-header-id-meta":"","stick-header-meta":"","header-above-stick-meta":"","header-main-stick-meta":"","header-below-stick-meta":"","astra-migrate-meta-layouts":"set","ast-page-background-enabled":"default","ast-page-background-meta":{"desktop":{"background-color":"var(--ast-global-color-4)","background-image":"","background-repeat":"repeat","background-position":"center center","background-size":"auto","background-attachment":"scroll","background-type":"","background-media":"","overlay-type":"","overlay-color":"","overlay-opacity":"","overlay-gradient":""},"tablet":{"background-color":"","background-image":"","background-repeat":"repeat","background-position":"center center","background-size":"auto","background-attachment":"scroll","background-type":"","background-media":"","overlay-type":"","overlay-color":"","overlay-opacity":"","overlay-gradient":""},"mobile":{"background-color":"","background-image":"","background-repeat":"repeat","background-position":"center center","background-size":"auto","background-attachment":"scroll","background-type":"","background-media":"","overlay-type":"","overlay-color":"","overlay-opacity":"","overlay-gradient":""}},"ast-content-background-meta":{"desktop":{"background-color":"var(--ast-global-color-5)","background-image":"","background-repeat":"repeat","background-position":"center center","background-size":"auto","background-attachment":"scroll","background-type":"","background-media":"","overlay-type":"","overlay-color":"","overlay-opacity":"","overlay-gradient":""},"tablet":{"background-color":"var(--ast-global-color-5)","background-image":"","background-repeat":"repeat","background-position":"center center","background-size":"auto","background-attachment":"scroll","background-type":"","background-media":"","overlay-type":"","overlay-color":"","overlay-opacity":"","overlay-gradient":""},"mobile":{"background-color":"var(--ast-global-color-5)","background-image":"","background-repeat":"repeat","background-position":"center center","background-size":"auto","background-attachment":"scroll","background-type":"","background-media":"","overlay-type":"","overlay-color":"","overlay-opacity":"","overlay-gradient":""}},"footnotes":""},"categories":[1],"tags":[],"class_list":["post-12506","post","type-post","status-publish","format-standard","has-post-thumbnail","hentry","category-general"],"post_mailing_queue_ids":[],"_links":{"self":[{"href":"https:\/\/agora-eoi.xtec.cat\/eoigirona\/wp-json\/wp\/v2\/posts\/12506","targetHints":{"allow":["GET"]}}],"collection":[{"href":"https:\/\/agora-eoi.xtec.cat\/eoigirona\/wp-json\/wp\/v2\/posts"}],"about":[{"href":"https:\/\/agora-eoi.xtec.cat\/eoigirona\/wp-json\/wp\/v2\/types\/post"}],"author":[{"embeddable":true,"href":"https:\/\/agora-eoi.xtec.cat\/eoigirona\/wp-json\/wp\/v2\/users\/1"}],"replies":[{"embeddable":true,"href":"https:\/\/agora-eoi.xtec.cat\/eoigirona\/wp-json\/wp\/v2\/comments?post=12506"}],"version-history":[{"count":6,"href":"https:\/\/agora-eoi.xtec.cat\/eoigirona\/wp-json\/wp\/v2\/posts\/12506\/revisions"}],"predecessor-version":[{"id":18945,"href":"https:\/\/agora-eoi.xtec.cat\/eoigirona\/wp-json\/wp\/v2\/posts\/12506\/revisions\/18945"}],"wp:featuredmedia":[{"embeddable":true,"href":"https:\/\/agora-eoi.xtec.cat\/eoigirona\/wp-json\/wp\/v2\/media\/18940"}],"wp:attachment":[{"href":"https:\/\/agora-eoi.xtec.cat\/eoigirona\/wp-json\/wp\/v2\/media?parent=12506"}],"wp:term":[{"taxonomy":"category","embeddable":true,"href":"https:\/\/agora-eoi.xtec.cat\/eoigirona\/wp-json\/wp\/v2\/categories?post=12506"},{"taxonomy":"post_tag","embeddable":true,"href":"https:\/\/agora-eoi.xtec.cat\/eoigirona\/wp-json\/wp\/v2\/tags?post=12506"}],"curies":[{"name":"wp","href":"https:\/\/api.w.org\/{rel}","templated":true}]}}