{"id":10021,"date":"2021-11-12T12:37:18","date_gmt":"2021-11-12T11:37:18","guid":{"rendered":"https:\/\/agora-eoi.xtec.cat\/eoigirona\/?p=10021"},"modified":"2022-02-17T12:45:04","modified_gmt":"2022-02-17T11:45:04","slug":"bicentenari-de-fiodor-dostoievski-11-11-1821-9-2-1881-a-la-biblioteca-cam","status":"publish","type":"post","link":"https:\/\/agora-eoi.xtec.cat\/eoigirona\/biblioteca-cam\/bicentenari-de-fiodor-dostoievski-11-11-1821-9-2-1881-a-la-biblioteca-cam\/","title":{"rendered":"Bicentenari de Fi\u00f3dor Dostoievski (11\/11\/1821- 9\/2\/1881) a la Biblioteca-CAM"},"content":{"rendered":"<ul class=\"public-DraftStyleDefault-ul\">\n<li id=\"viewer-foo\" class=\"_1atvN _2TTR5 _3Kjjs public-DraftStyleDefault-unorderedListItem public-DraftStyleDefault-depth0 public-DraftStyleDefault-list-ltr fixed-tab-size public-DraftStyleDefault-reset _1FoOD _3M0Fe _2WrB- _1atvN NSjbv\">\n<p class=\"_1j-51 _1FoOD _3M0Fe _2WrB- _1atvN\">Presentaci\u00f3 de la traducci\u00f3 <em>Crim i c\u00e0stig, <\/em>de Miquel Cabal Guarro (30 de novembre, 18.30h)<\/p>\n<\/li>\n<li id=\"viewer-939fp\" class=\"_1atvN _2TTR5 _3Kjjs public-DraftStyleDefault-unorderedListItem public-DraftStyleDefault-depth0 public-DraftStyleDefault-list-ltr fixed-tab-size _1FoOD _3M0Fe _2WrB- _1atvN\">\n<p class=\"_1j-51 _1FoOD _3M0Fe _2WrB- _1atvN\">Exposici\u00f3 de llibres de Fi\u00f3dor Dostoievski<\/p>\n<\/li>\n<li id=\"viewer-8ccfm\" class=\"_1atvN _2TTR5 _3Kjjs public-DraftStyleDefault-unorderedListItem public-DraftStyleDefault-depth0 public-DraftStyleDefault-list-ltr fixed-tab-size _1FoOD _3M0Fe _2WrB- _1atvN\">\n<p class=\"_1j-51 _1FoOD _3M0Fe _2WrB- _1atvN\">Exposici\u00f3 de llibres russos tradu\u00efts per Miquel Cabal<\/p>\n<\/li>\n<li id=\"viewer-dj07r\" class=\"_1atvN _2TTR5 _3Kjjs public-DraftStyleDefault-unorderedListItem public-DraftStyleDefault-depth0 public-DraftStyleDefault-list-ltr fixed-tab-size _1FoOD _3M0Fe _2WrB- _1atvN\">\n<p class=\"_1j-51 _1FoOD _3M0Fe _2WrB- _1atvN\">Concurs Bicentenari Fi\u00f3dor Dostoievski<\/p>\n<\/li>\n<li id=\"viewer-49nei\" class=\"_1atvN _2TTR5 _3Kjjs public-DraftStyleDefault-unorderedListItem public-DraftStyleDefault-depth0 public-DraftStyleDefault-list-ltr fixed-tab-size _1FoOD _3M0Fe _2WrB- _1atvN\">\n<p class=\"_1j-51 _1FoOD _3M0Fe _2WrB- _1atvN\">El Sant Petersburg de Fi\u00f3dor Dostoievski en imatges<\/p>\n<\/li>\n<\/ul>\n","protected":false},"excerpt":{"rendered":"<p>Presentaci\u00f3 de la traducci\u00f3 Crim i c\u00e0stig, de Miquel Cabal Guarro (30 de novembre, 18.30h) Exposici\u00f3 de llibres de Fi\u00f3dor Dostoievski Exposici\u00f3 de llibres russos tradu\u00efts per Miquel Cabal Concurs Bicentenari Fi\u00f3dor Dostoievski El Sant Petersburg de Fi\u00f3dor Dostoievski en imatges<\/p>\n","protected":false},"author":13,"featured_media":0,"comment_status":"open","ping_status":"closed","sticky":false,"template":"","format":"standard","meta":{"_bbp_topic_count":0,"_bbp_reply_count":0,"_bbp_total_topic_count":0,"_bbp_total_reply_count":0,"_bbp_voice_count":0,"_bbp_anonymous_reply_count":0,"_bbp_topic_count_hidden":0,"_bbp_reply_count_hidden":0,"_bbp_forum_subforum_count":0,"site-sidebar-layout":"default","site-content-layout":"","ast-site-content-layout":"","site-content-style":"default","site-sidebar-style":"default","ast-global-header-display":"","ast-banner-title-visibility":"","ast-main-header-display":"","ast-hfb-above-header-display":"","ast-hfb-below-header-display":"","ast-hfb-mobile-header-display":"","site-post-title":"","ast-breadcrumbs-content":"","ast-featured-img":"","footer-sml-layout":"","theme-transparent-header-meta":"","adv-header-id-meta":"","stick-header-meta":"","header-above-stick-meta":"","header-main-stick-meta":"","header-below-stick-meta":"","astra-migrate-meta-layouts":"default","ast-page-background-enabled":"default","ast-page-background-meta":{"desktop":{"background-color":"var(--ast-global-color-4)","background-image":"","background-repeat":"repeat","background-position":"center center","background-size":"auto","background-attachment":"scroll","background-type":"","background-media":"","overlay-type":"","overlay-color":"","overlay-opacity":"","overlay-gradient":""},"tablet":{"background-color":"","background-image":"","background-repeat":"repeat","background-position":"center center","background-size":"auto","background-attachment":"scroll","background-type":"","background-media":"","overlay-type":"","overlay-color":"","overlay-opacity":"","overlay-gradient":""},"mobile":{"background-color":"","background-image":"","background-repeat":"repeat","background-position":"center center","background-size":"auto","background-attachment":"scroll","background-type":"","background-media":"","overlay-type":"","overlay-color":"","overlay-opacity":"","overlay-gradient":""}},"ast-content-background-meta":{"desktop":{"background-color":"var(--ast-global-color-5)","background-image":"","background-repeat":"repeat","background-position":"center center","background-size":"auto","background-attachment":"scroll","background-type":"","background-media":"","overlay-type":"","overlay-color":"","overlay-opacity":"","overlay-gradient":""},"tablet":{"background-color":"var(--ast-global-color-5)","background-image":"","background-repeat":"repeat","background-position":"center center","background-size":"auto","background-attachment":"scroll","background-type":"","background-media":"","overlay-type":"","overlay-color":"","overlay-opacity":"","overlay-gradient":""},"mobile":{"background-color":"var(--ast-global-color-5)","background-image":"","background-repeat":"repeat","background-position":"center center","background-size":"auto","background-attachment":"scroll","background-type":"","background-media":"","overlay-type":"","overlay-color":"","overlay-opacity":"","overlay-gradient":""}},"footnotes":""},"categories":[306],"tags":[],"class_list":["post-10021","post","type-post","status-publish","format-standard","hentry","category-biblioteca-cam"],"post_mailing_queue_ids":[],"_links":{"self":[{"href":"https:\/\/agora-eoi.xtec.cat\/eoigirona\/wp-json\/wp\/v2\/posts\/10021","targetHints":{"allow":["GET"]}}],"collection":[{"href":"https:\/\/agora-eoi.xtec.cat\/eoigirona\/wp-json\/wp\/v2\/posts"}],"about":[{"href":"https:\/\/agora-eoi.xtec.cat\/eoigirona\/wp-json\/wp\/v2\/types\/post"}],"author":[{"embeddable":true,"href":"https:\/\/agora-eoi.xtec.cat\/eoigirona\/wp-json\/wp\/v2\/users\/13"}],"replies":[{"embeddable":true,"href":"https:\/\/agora-eoi.xtec.cat\/eoigirona\/wp-json\/wp\/v2\/comments?post=10021"}],"version-history":[{"count":1,"href":"https:\/\/agora-eoi.xtec.cat\/eoigirona\/wp-json\/wp\/v2\/posts\/10021\/revisions"}],"predecessor-version":[{"id":10023,"href":"https:\/\/agora-eoi.xtec.cat\/eoigirona\/wp-json\/wp\/v2\/posts\/10021\/revisions\/10023"}],"wp:attachment":[{"href":"https:\/\/agora-eoi.xtec.cat\/eoigirona\/wp-json\/wp\/v2\/media?parent=10021"}],"wp:term":[{"taxonomy":"category","embeddable":true,"href":"https:\/\/agora-eoi.xtec.cat\/eoigirona\/wp-json\/wp\/v2\/categories?post=10021"},{"taxonomy":"post_tag","embeddable":true,"href":"https:\/\/agora-eoi.xtec.cat\/eoigirona\/wp-json\/wp\/v2\/tags?post=10021"}],"curies":[{"name":"wp","href":"https:\/\/api.w.org\/{rel}","templated":true}]}}