{"id":9850,"date":"2019-09-18T14:46:17","date_gmt":"2019-09-18T12:46:17","guid":{"rendered":"http:\/\/agora-eoi.xtec.cat\/eoielprat\/?p=9850"},"modified":"2019-10-03T13:41:17","modified_gmt":"2019-10-03T11:41:17","slug":"que-puc-fer-si-no-he-fet-la-preinscripcio-per-accedir-a-leoi-del-prat","status":"publish","type":"post","link":"https:\/\/agora-eoi.xtec.cat\/eoielprat\/general\/que-puc-fer-si-no-he-fet-la-preinscripcio-per-accedir-a-leoi-del-prat\/","title":{"rendered":"Qu\u00e8 puc fer si no he fet la preinscripci\u00f3 o no he obtingut pla\u00e7a al sorteig?"},"content":{"rendered":"<p><!--more-->Si vols estudiar a l&#8217;EOI del Prat i no et vas preinscriure del 2 al 5 de setembre encara tens opcions d&#8217;obtenir places. Com?<\/p>\n<p><strong>Alumnes d&#8217;angl\u00e8s<\/strong><\/p>\n<p>Omple <a href=\"https:\/\/docs.google.com\/forms\/d\/1tPNbMMLGom5d2VstpJboCkKMUppTtXxzgraeglrUmXA\/edit?usp=sharing\">aquest formulari<\/a> i ens posarem en contacte amb tu.<\/p>\n<p>IMPORTANT: En cas d&#8217;haver-hi places disponibles despr\u00e9s del proc\u00e9s ordinari de matr\u00edcula, aquestes s&#8217;assignaran tenint en compte el dia i hora d&#8217;arribada del formulari.<\/p>\n<p>&nbsp;<\/p>\n","protected":false},"excerpt":{"rendered":"","protected":false},"author":1,"featured_media":9609,"comment_status":"open","ping_status":"closed","sticky":true,"template":"","format":"standard","meta":{"_bbp_topic_count":0,"_bbp_reply_count":0,"_bbp_total_topic_count":0,"_bbp_total_reply_count":0,"_bbp_voice_count":0,"_bbp_anonymous_reply_count":0,"_bbp_topic_count_hidden":0,"_bbp_reply_count_hidden":0,"_bbp_forum_subforum_count":0,"footnotes":""},"categories":[1],"tags":[],"class_list":["post-9850","post","type-post","status-publish","format-standard","has-post-thumbnail","hentry","category-general"],"post_mailing_queue_ids":[],"_links":{"self":[{"href":"https:\/\/agora-eoi.xtec.cat\/eoielprat\/wp-json\/wp\/v2\/posts\/9850","targetHints":{"allow":["GET"]}}],"collection":[{"href":"https:\/\/agora-eoi.xtec.cat\/eoielprat\/wp-json\/wp\/v2\/posts"}],"about":[{"href":"https:\/\/agora-eoi.xtec.cat\/eoielprat\/wp-json\/wp\/v2\/types\/post"}],"author":[{"embeddable":true,"href":"https:\/\/agora-eoi.xtec.cat\/eoielprat\/wp-json\/wp\/v2\/users\/1"}],"replies":[{"embeddable":true,"href":"https:\/\/agora-eoi.xtec.cat\/eoielprat\/wp-json\/wp\/v2\/comments?post=9850"}],"version-history":[{"count":3,"href":"https:\/\/agora-eoi.xtec.cat\/eoielprat\/wp-json\/wp\/v2\/posts\/9850\/revisions"}],"predecessor-version":[{"id":9875,"href":"https:\/\/agora-eoi.xtec.cat\/eoielprat\/wp-json\/wp\/v2\/posts\/9850\/revisions\/9875"}],"wp:featuredmedia":[{"embeddable":true,"href":"https:\/\/agora-eoi.xtec.cat\/eoielprat\/wp-json\/wp\/v2\/media\/9609"}],"wp:attachment":[{"href":"https:\/\/agora-eoi.xtec.cat\/eoielprat\/wp-json\/wp\/v2\/media?parent=9850"}],"wp:term":[{"taxonomy":"category","embeddable":true,"href":"https:\/\/agora-eoi.xtec.cat\/eoielprat\/wp-json\/wp\/v2\/categories?post=9850"},{"taxonomy":"post_tag","embeddable":true,"href":"https:\/\/agora-eoi.xtec.cat\/eoielprat\/wp-json\/wp\/v2\/tags?post=9850"}],"curies":[{"name":"wp","href":"https:\/\/api.w.org\/{rel}","templated":true}]}}