{"id":9389,"date":"2018-06-25T15:44:50","date_gmt":"2018-06-25T13:44:50","guid":{"rendered":"http:\/\/agora-eoi.xtec.cat\/eoielprat\/?p=9389"},"modified":"2018-10-08T08:13:52","modified_gmt":"2018-10-08T06:13:52","slug":"certificats-de-nivell-basic-i-intermedi","status":"publish","type":"post","link":"https:\/\/agora-eoi.xtec.cat\/eoielprat\/general\/certificats-de-nivell-basic-i-intermedi\/","title":{"rendered":"Certificats de nivell b\u00e0sic i intermedi"},"content":{"rendered":"<p><img loading=\"lazy\" decoding=\"async\" class=\"rg_ic rg_i\" src=\"https:\/\/encrypted-tbn0.gstatic.com\/images?q=tbn:ANd9GcTrcfPIHmaCNE7TPx08W4Mg70_I1aWR0k4f3qHbsc2wIAKMo5XT\" alt=\"Image result for certificat\" width=\"179\" height=\"119\" data-src=\"https:\/\/encrypted-tbn0.gstatic.com\/images?q=tbn:ANd9GcTrcfPIHmaCNE7TPx08W4Mg70_I1aWR0k4f3qHbsc2wIAKMo5XT\" \/><\/p>\n<p><!--more-->A partir del 16 de juliol podreu passar a recollir els certificats de nivell b\u00e0sic i intermedi.<\/p>\n<p>La tramitaci\u00f3 dels t\u00edtols de nivell avan\u00e7at i C1 no es podr\u00e0 realitzar fins el mes d&#8217;octubre<\/p>\n","protected":false},"excerpt":{"rendered":"","protected":false},"author":1,"featured_media":0,"comment_status":"open","ping_status":"closed","sticky":false,"template":"","format":"standard","meta":{"_bbp_topic_count":0,"_bbp_reply_count":0,"_bbp_total_topic_count":0,"_bbp_total_reply_count":0,"_bbp_voice_count":0,"_bbp_anonymous_reply_count":0,"_bbp_topic_count_hidden":0,"_bbp_reply_count_hidden":0,"_bbp_forum_subforum_count":0,"footnotes":""},"categories":[1],"tags":[],"class_list":["post-9389","post","type-post","status-publish","format-standard","hentry","category-general"],"post_mailing_queue_ids":[],"_links":{"self":[{"href":"https:\/\/agora-eoi.xtec.cat\/eoielprat\/wp-json\/wp\/v2\/posts\/9389","targetHints":{"allow":["GET"]}}],"collection":[{"href":"https:\/\/agora-eoi.xtec.cat\/eoielprat\/wp-json\/wp\/v2\/posts"}],"about":[{"href":"https:\/\/agora-eoi.xtec.cat\/eoielprat\/wp-json\/wp\/v2\/types\/post"}],"author":[{"embeddable":true,"href":"https:\/\/agora-eoi.xtec.cat\/eoielprat\/wp-json\/wp\/v2\/users\/1"}],"replies":[{"embeddable":true,"href":"https:\/\/agora-eoi.xtec.cat\/eoielprat\/wp-json\/wp\/v2\/comments?post=9389"}],"version-history":[{"count":3,"href":"https:\/\/agora-eoi.xtec.cat\/eoielprat\/wp-json\/wp\/v2\/posts\/9389\/revisions"}],"predecessor-version":[{"id":9536,"href":"https:\/\/agora-eoi.xtec.cat\/eoielprat\/wp-json\/wp\/v2\/posts\/9389\/revisions\/9536"}],"wp:attachment":[{"href":"https:\/\/agora-eoi.xtec.cat\/eoielprat\/wp-json\/wp\/v2\/media?parent=9389"}],"wp:term":[{"taxonomy":"category","embeddable":true,"href":"https:\/\/agora-eoi.xtec.cat\/eoielprat\/wp-json\/wp\/v2\/categories?post=9389"},{"taxonomy":"post_tag","embeddable":true,"href":"https:\/\/agora-eoi.xtec.cat\/eoielprat\/wp-json\/wp\/v2\/tags?post=9389"}],"curies":[{"name":"wp","href":"https:\/\/api.w.org\/{rel}","templated":true}]}}