{"id":8902,"date":"2016-10-24T07:18:03","date_gmt":"2016-10-24T05:18:03","guid":{"rendered":"http:\/\/agora-eoi.xtec.cat\/eoielprat\/?p=8902"},"modified":"2019-08-27T07:56:20","modified_gmt":"2019-08-27T05:56:20","slug":"certificats-de-nivell-intermedi-avancat-i-c1","status":"publish","type":"post","link":"https:\/\/agora-eoi.xtec.cat\/eoielprat\/general\/certificats-de-nivell-intermedi-avancat-i-c1\/","title":{"rendered":"Certificats de nivell avan\u00e7at i C1"},"content":{"rendered":"<p><a href=\"http:\/\/agora-eoi.xtec.cat\/eoielprat\/wp-content\/uploads\/usu2244\/2016\/10\/Certificats.jpg\"><img loading=\"lazy\" decoding=\"async\" class=\"alignnone wp-image-8903\" src=\"http:\/\/agora-eoi.xtec.cat\/eoielprat\/wp-content\/uploads\/usu2244\/2016\/10\/Certificats.jpg\" alt=\"certificats\" width=\"257\" height=\"182\" srcset=\"https:\/\/agora-eoi.xtec.cat\/eoielprat\/wp-content\/uploads\/usu2244\/2016\/10\/Certificats.jpg 500w, https:\/\/agora-eoi.xtec.cat\/eoielprat\/wp-content\/uploads\/usu2244\/2016\/10\/Certificats-300x212.jpg 300w\" sizes=\"auto, (max-width: 257px) 100vw, 257px\" \/><\/a><\/p>\n<p>El certificat de Nivell Avan\u00e7at i el de C1 es podran sol\u00b7licitar a partir del mes de novembre de 2018 en horari de Secretaria. Per tal d&#8217;obtenir aquest certificat caldr\u00e0 abonar les taxes vigents en el moment d&#8217;efectuar la sol\u00b7licitud.<\/p>\n<p>Procediment<\/p>\n<ol>\n<li>Cal sol\u00b7licitar-los <strong>personalment<\/strong> a la Secretaria del centre.<\/li>\n<li>Abonament de les <strong>taxes<\/strong> d\u2019expedici\u00f3 a \u201cLa Caixa\u201d amb el document de pagament em\u00e8s per l\u2019escola.<\/li>\n<li>Un cop rebut s\u2019avisa per correu electr\u00f2nic als interessats.<\/li>\n<li>S\u2019ha de recollir <strong>personalment<\/strong> a la Secretaria del centre presentant el DNI, passaport o NIE de la persona interessada (juntament amb una autoritzaci\u00f3 si no el recull ella mateixa) i el resguard de pagament de les taxes.<\/li>\n<\/ol>\n<p><strong>Terminis d\u2019expedici\u00f3<\/strong><\/p>\n<ol>\n<li style=\"list-style-type: none;\">\n<ul>\n<li>El Certificat de nivell avan\u00e7at i el de C1 els expedeix el departament d\u2019Ensenyament.<\/li>\n<li>En aquests moments, triga aproximadament dos anys, per\u00f2 el resguard t\u00e9 la mateixa validesa que el t\u00edtol.<\/li>\n<\/ul>\n<\/li>\n<\/ol>\n","protected":false},"excerpt":{"rendered":"<p><a href=\"http:\/\/agora-eoi.xtec.cat\/eoielprat\/wp-content\/uploads\/usu2244\/2016\/10\/Certificats.jpg\"><\/a><br \/>\nEl certificat de Nivell Avan\u00e7at i el de C1 es podran sol\u00b7licitar a partir del mes de novembre de 2018 en horari de Secretaria. Per tal d&#8217;obtenir aquest certificat caldr\u00e0 abonar les taxes vigents en el moment d&#8217;efectuar la sol\u00b7licitud.<br \/>\nProcediment<\/p>\n<ol>\n<li>Cal sol\u00b7licitar-los personalment a la&hellip;  <a href=\"https:\/\/agora-eoi.xtec.cat\/eoielprat\/general\/certificats-de-nivell-intermedi-avancat-i-c1\/\" title=\"Read Certificats de nivell avan\u00e7at i C1\">Llegeix m\u00e9s\u00bb<\/a><br \/>\n","protected":false},"author":1,"featured_media":8903,"comment_status":"open","ping_status":"closed","sticky":false,"template":"","format":"standard","meta":{"_bbp_topic_count":0,"_bbp_reply_count":0,"_bbp_total_topic_count":0,"_bbp_total_reply_count":0,"_bbp_voice_count":0,"_bbp_anonymous_reply_count":0,"_bbp_topic_count_hidden":0,"_bbp_reply_count_hidden":0,"_bbp_forum_subforum_count":0,"footnotes":""},"categories":[1],"tags":[],"class_list":["post-8902","post","type-post","status-publish","format-standard","has-post-thumbnail","hentry","category-general"],"post_mailing_queue_ids":[],"_links":{"self":[{"href":"https:\/\/agora-eoi.xtec.cat\/eoielprat\/wp-json\/wp\/v2\/posts\/8902","targetHints":{"allow":["GET"]}}],"collection":[{"href":"https:\/\/agora-eoi.xtec.cat\/eoielprat\/wp-json\/wp\/v2\/posts"}],"about":[{"href":"https:\/\/agora-eoi.xtec.cat\/eoielprat\/wp-json\/wp\/v2\/types\/post"}],"author":[{"embeddable":true,"href":"https:\/\/agora-eoi.xtec.cat\/eoielprat\/wp-json\/wp\/v2\/users\/1"}],"replies":[{"embeddable":true,"href":"https:\/\/agora-eoi.xtec.cat\/eoielprat\/wp-json\/wp\/v2\/comments?post=8902"}],"version-history":[{"count":4,"href":"https:\/\/agora-eoi.xtec.cat\/eoielprat\/wp-json\/wp\/v2\/posts\/8902\/revisions"}],"predecessor-version":[{"id":9541,"href":"https:\/\/agora-eoi.xtec.cat\/eoielprat\/wp-json\/wp\/v2\/posts\/8902\/revisions\/9541"}],"wp:featuredmedia":[{"embeddable":true,"href":"https:\/\/agora-eoi.xtec.cat\/eoielprat\/wp-json\/wp\/v2\/media\/8903"}],"wp:attachment":[{"href":"https:\/\/agora-eoi.xtec.cat\/eoielprat\/wp-json\/wp\/v2\/media?parent=8902"}],"wp:term":[{"taxonomy":"category","embeddable":true,"href":"https:\/\/agora-eoi.xtec.cat\/eoielprat\/wp-json\/wp\/v2\/categories?post=8902"},{"taxonomy":"post_tag","embeddable":true,"href":"https:\/\/agora-eoi.xtec.cat\/eoielprat\/wp-json\/wp\/v2\/tags?post=8902"}],"curies":[{"name":"wp","href":"https:\/\/api.w.org\/{rel}","templated":true}]}}