{"id":11610,"date":"2024-05-07T11:48:07","date_gmt":"2024-05-07T09:48:07","guid":{"rendered":"https:\/\/agora-eoi.xtec.cat\/eoielprat\/?p=11610"},"modified":"2024-06-25T10:14:48","modified_gmt":"2024-06-25T08:14:48","slug":"exposicio-fotografica-viajes-fotograficos-por-las-bellas-artes-de-sergio-otero","status":"publish","type":"post","link":"https:\/\/agora-eoi.xtec.cat\/eoielprat\/general\/exposicio-fotografica-viajes-fotograficos-por-las-bellas-artes-de-sergio-otero\/","title":{"rendered":"Exposici\u00f3 fotogr\u00e0fica &#8220;Viajes fotogr\u00e1ficos por las bellas artes&#8221;, de Sergio Otero"},"content":{"rendered":"<p><!--more--><\/p>\n<h6><span style=\"font-weight: 400;\">Aquest dies, l&#8217;EOI del Prat s&#8217;ha omplert d&#8217;imatges espectaculars i \u00e9s que temporalment tenim el plaer d&#8217;acollir l&#8217;obra de l&#8217;artista Sergio Otero.<\/span><\/h6>\n<p><span style=\"font-weight: 400;\">Es tracta d&#8217;un magn\u00edfic fot\u00f2graf, fotografies del qual han estat publicades, entre d&#8217;altres, per la revista <\/span><i><span style=\"font-weight: 400;\">Viajes <\/span><\/i><span style=\"font-weight: 400;\">de <\/span><i><span style=\"font-weight: 400;\">National Geographic<\/span><\/i><span style=\"font-weight: 400;\">.<\/span><\/p>\n<p><span style=\"font-weight: 400;\">L&#8217;exposici\u00f3 que trobareu a l&#8217;EOI porta per t\u00edtol &#8220;Viajes fotogr\u00e1ficos por las bellas artes&#8221; i tindreu temps de gaudir-la fins a finals de juny.<\/span><\/p>\n<div><a href=\"https:\/\/agora-eoi.xtec.cat\/eoielprat\/wp-content\/uploads\/usu2244\/2024\/05\/Expo-Viajes-EOI-el-Prat-.jpeg\"><img loading=\"lazy\" decoding=\"async\" class=\"alignnone size-full wp-image-11611\" src=\"https:\/\/agora-eoi.xtec.cat\/eoielprat\/wp-content\/uploads\/usu2244\/2024\/05\/Expo-Viajes-EOI-el-Prat-.jpeg\" alt=\"\" width=\"453\" height=\"640\" srcset=\"https:\/\/agora-eoi.xtec.cat\/eoielprat\/wp-content\/uploads\/usu2244\/2024\/05\/Expo-Viajes-EOI-el-Prat-.jpeg 453w, https:\/\/agora-eoi.xtec.cat\/eoielprat\/wp-content\/uploads\/usu2244\/2024\/05\/Expo-Viajes-EOI-el-Prat--212x300.jpeg 212w\" sizes=\"auto, (max-width: 453px) 100vw, 453px\" \/><\/a><\/div>\n","protected":false},"excerpt":{"rendered":"","protected":false},"author":1,"featured_media":11611,"comment_status":"closed","ping_status":"closed","sticky":false,"template":"","format":"standard","meta":{"_bbp_topic_count":0,"_bbp_reply_count":0,"_bbp_total_topic_count":0,"_bbp_total_reply_count":0,"_bbp_voice_count":0,"_bbp_anonymous_reply_count":0,"_bbp_topic_count_hidden":0,"_bbp_reply_count_hidden":0,"_bbp_forum_subforum_count":0,"footnotes":""},"categories":[1,29],"tags":[],"class_list":["post-11610","post","type-post","status-publish","format-standard","has-post-thumbnail","hentry","category-general","category-portada"],"post_mailing_queue_ids":[],"_links":{"self":[{"href":"https:\/\/agora-eoi.xtec.cat\/eoielprat\/wp-json\/wp\/v2\/posts\/11610","targetHints":{"allow":["GET"]}}],"collection":[{"href":"https:\/\/agora-eoi.xtec.cat\/eoielprat\/wp-json\/wp\/v2\/posts"}],"about":[{"href":"https:\/\/agora-eoi.xtec.cat\/eoielprat\/wp-json\/wp\/v2\/types\/post"}],"author":[{"embeddable":true,"href":"https:\/\/agora-eoi.xtec.cat\/eoielprat\/wp-json\/wp\/v2\/users\/1"}],"replies":[{"embeddable":true,"href":"https:\/\/agora-eoi.xtec.cat\/eoielprat\/wp-json\/wp\/v2\/comments?post=11610"}],"version-history":[{"count":4,"href":"https:\/\/agora-eoi.xtec.cat\/eoielprat\/wp-json\/wp\/v2\/posts\/11610\/revisions"}],"predecessor-version":[{"id":11677,"href":"https:\/\/agora-eoi.xtec.cat\/eoielprat\/wp-json\/wp\/v2\/posts\/11610\/revisions\/11677"}],"wp:featuredmedia":[{"embeddable":true,"href":"https:\/\/agora-eoi.xtec.cat\/eoielprat\/wp-json\/wp\/v2\/media\/11611"}],"wp:attachment":[{"href":"https:\/\/agora-eoi.xtec.cat\/eoielprat\/wp-json\/wp\/v2\/media?parent=11610"}],"wp:term":[{"taxonomy":"category","embeddable":true,"href":"https:\/\/agora-eoi.xtec.cat\/eoielprat\/wp-json\/wp\/v2\/categories?post=11610"},{"taxonomy":"post_tag","embeddable":true,"href":"https:\/\/agora-eoi.xtec.cat\/eoielprat\/wp-json\/wp\/v2\/tags?post=11610"}],"curies":[{"name":"wp","href":"https:\/\/api.w.org\/{rel}","templated":true}]}}