{"id":13352,"date":"2026-04-24T10:31:34","date_gmt":"2026-04-24T08:31:34","guid":{"rendered":"https:\/\/agora-eoi.xtec.cat\/eoidelvendrell\/?p=13352"},"modified":"2026-04-24T13:25:30","modified_gmt":"2026-04-24T11:25:30","slug":"fetons-sant-jordi-en-francais","status":"publish","type":"post","link":"https:\/\/agora-eoi.xtec.cat\/eoidelvendrell\/portada\/fetons-sant-jordi-en-francais\/","title":{"rendered":"F\u00caTONS \u201cSANT JORDI\u201d EN FRAN\u00c7AIS!"},"content":{"rendered":"\n<p>El Departament de Franc\u00e8s va celebrar la Diada de Sant Jordi amb un <strong>concurs literari<\/strong> i activitats al voltant de la <strong>com\u00e8dia francesa \u00abUne ann\u00e9e difficile\u00bb<\/strong> (2023), del prestigi\u00f3s duo Toledano-Nakache.<\/p>\n\n\n<div class=\"wp-block-image\">\n<figure class=\"aligncenter size-large\"><a href=\"https:\/\/agora-eoi.xtec.cat\/eoidelvendrell\/wp-content\/uploads\/usu2263\/2026\/04\/oui-ChatGPT-Image-24-abr-2026-00_42_26.jpeg\"><img loading=\"lazy\" decoding=\"async\" width=\"758\" height=\"1024\" src=\"https:\/\/agora-eoi.xtec.cat\/eoidelvendrell\/wp-content\/uploads\/usu2263\/2026\/04\/oui-ChatGPT-Image-24-abr-2026-00_42_26-758x1024.jpeg\" alt=\"\" class=\"wp-image-13353\" srcset=\"https:\/\/agora-eoi.xtec.cat\/eoidelvendrell\/wp-content\/uploads\/usu2263\/2026\/04\/oui-ChatGPT-Image-24-abr-2026-00_42_26-758x1024.jpeg 758w, https:\/\/agora-eoi.xtec.cat\/eoidelvendrell\/wp-content\/uploads\/usu2263\/2026\/04\/oui-ChatGPT-Image-24-abr-2026-00_42_26-222x300.jpeg 222w, https:\/\/agora-eoi.xtec.cat\/eoidelvendrell\/wp-content\/uploads\/usu2263\/2026\/04\/oui-ChatGPT-Image-24-abr-2026-00_42_26-768x1037.jpeg 768w, https:\/\/agora-eoi.xtec.cat\/eoidelvendrell\/wp-content\/uploads\/usu2263\/2026\/04\/oui-ChatGPT-Image-24-abr-2026-00_42_26.jpeg 1079w\" sizes=\"auto, (max-width: 758px) 100vw, 758px\" \/><\/a><\/figure><\/div>\n\n\n<p>Les guanyadores del concurs al relat m\u00e9s original en franc\u00e8s, imaginat a partir d\u2019un element de la llegenda de Sant Jordi, van ser M\u00f2nica Naranjo, del nivell b\u00e0sic, i Maria Coronada Mart\u00edn, del nivell intermedi, totes dues premiades per la seva creativitat i la for\u00e7a emotiva dels seus textos, amb un \u201csuperval\u201d per gaudir de les activitats culturals que m\u00e9s les il\u00b7lusionin.<\/p>\n\n\n\n<figure class=\"wp-block-image size-large\"><a href=\"https:\/\/agora-eoi.xtec.cat\/eoidelvendrell\/wp-content\/uploads\/usu2263\/2026\/04\/Gemini_Generated_Image_mvsxo2mvsxo2mvsx.png\"><img loading=\"lazy\" decoding=\"async\" width=\"1024\" height=\"724\" src=\"https:\/\/agora-eoi.xtec.cat\/eoidelvendrell\/wp-content\/uploads\/usu2263\/2026\/04\/Gemini_Generated_Image_mvsxo2mvsxo2mvsx-1024x724.png\" alt=\"\" class=\"wp-image-13357\" srcset=\"https:\/\/agora-eoi.xtec.cat\/eoidelvendrell\/wp-content\/uploads\/usu2263\/2026\/04\/Gemini_Generated_Image_mvsxo2mvsxo2mvsx-1024x724.png 1024w, https:\/\/agora-eoi.xtec.cat\/eoidelvendrell\/wp-content\/uploads\/usu2263\/2026\/04\/Gemini_Generated_Image_mvsxo2mvsxo2mvsx-300x212.png 300w, https:\/\/agora-eoi.xtec.cat\/eoidelvendrell\/wp-content\/uploads\/usu2263\/2026\/04\/Gemini_Generated_Image_mvsxo2mvsxo2mvsx-768x543.png 768w, https:\/\/agora-eoi.xtec.cat\/eoidelvendrell\/wp-content\/uploads\/usu2263\/2026\/04\/Gemini_Generated_Image_mvsxo2mvsxo2mvsx.png 1222w\" sizes=\"auto, (max-width: 1024px) 100vw, 1024px\" \/><\/a><\/figure>\n\n\n\n<p>Llegiu el text guanyador de B2.1 <a href=\"https:\/\/drive.google.com\/file\/d\/1JNu_k-ht1W4o9h8SxCTMRmspNvO1vcBa\/view?usp=drive_link\">AQU\u00cd<\/a><\/p>\n\n\n\n<figure class=\"wp-block-image size-large\"><a href=\"https:\/\/agora-eoi.xtec.cat\/eoidelvendrell\/wp-content\/uploads\/usu2263\/2026\/04\/Gemini_Generated_Image_m2fpsom2fpsom2fp.png\"><img loading=\"lazy\" decoding=\"async\" width=\"1024\" height=\"863\" src=\"https:\/\/agora-eoi.xtec.cat\/eoidelvendrell\/wp-content\/uploads\/usu2263\/2026\/04\/Gemini_Generated_Image_m2fpsom2fpsom2fp-1024x863.png\" alt=\"\" class=\"wp-image-13358\" srcset=\"https:\/\/agora-eoi.xtec.cat\/eoidelvendrell\/wp-content\/uploads\/usu2263\/2026\/04\/Gemini_Generated_Image_m2fpsom2fpsom2fp-1024x863.png 1024w, https:\/\/agora-eoi.xtec.cat\/eoidelvendrell\/wp-content\/uploads\/usu2263\/2026\/04\/Gemini_Generated_Image_m2fpsom2fpsom2fp-300x253.png 300w, https:\/\/agora-eoi.xtec.cat\/eoidelvendrell\/wp-content\/uploads\/usu2263\/2026\/04\/Gemini_Generated_Image_m2fpsom2fpsom2fp-768x647.png 768w, https:\/\/agora-eoi.xtec.cat\/eoidelvendrell\/wp-content\/uploads\/usu2263\/2026\/04\/Gemini_Generated_Image_m2fpsom2fpsom2fp.png 1120w\" sizes=\"auto, (max-width: 1024px) 100vw, 1024px\" \/><\/a><\/figure>\n\n\n\n<p>Llegiu el text guanyador de A2 <a href=\"https:\/\/drive.google.com\/file\/d\/1nZ90bAGrRwI_vZthO-KNAYl_cZWr17u_\/view?usp=drive_link\">AQU\u00cd<\/a><\/p>\n\n\n\n<p>La pel\u00b7l\u00edcula ens van portar a interactuar en franc\u00e8s sobre temes d\u2019actualitat candent com l\u2019hiperconsum, el sobreendeutament i la contaminaci\u00f3 del planeta, i tamb\u00e9 a interrogar-nos sobre el comprom\u00eds de la joventut amb la ideologia i l\u2019amor.<\/p>\n\n\n\n<p>Els participants es van mostrar sensibles al sentit de l\u2019humor i a la tendresa de l\u2019enamorament a la francesa. I vam passar una vesprada de primavera perfecta!<\/p>\n","protected":false},"excerpt":{"rendered":"<p>El Departament de Franc\u00e8s va celebrar la Diada de Sant Jordi amb un concurs literari i activitats al voltant de la com\u00e8dia francesa \u00abUne ann\u00e9e difficile\u00bb (2023), del prestigi\u00f3s duo Toledano-Nakache.<\/p>\n<p><a href=\"https:\/\/agora-eoi.xtec.cat\/eoidelvendrell\/wp-content\/uploads\/usu2263\/2026\/04\/oui-ChatGPT-Image-24-abr-2026-00_42_26.jpeg\"><\/a><\/p>\n<p>Les guanyadores del concurs al relat m\u00e9s original en franc\u00e8s, imaginat a partir d\u2019un&hellip;  <a href=\"https:\/\/agora-eoi.xtec.cat\/eoidelvendrell\/portada\/fetons-sant-jordi-en-francais\/\" title=\"Read F\u00caTONS \u201cSANT JORDI\u201d EN FRAN\u00c7AIS!\">Llegeix m\u00e9s\u00bb<\/a><\/p>\n","protected":false},"author":1,"featured_media":13357,"comment_status":"closed","ping_status":"closed","sticky":false,"template":"","format":"standard","meta":{"_bbp_topic_count":0,"_bbp_reply_count":0,"_bbp_total_topic_count":0,"_bbp_total_reply_count":0,"_bbp_voice_count":0,"_bbp_anonymous_reply_count":0,"_bbp_topic_count_hidden":0,"_bbp_reply_count_hidden":0,"_bbp_forum_subforum_count":0,"footnotes":""},"categories":[29],"tags":[],"class_list":["post-13352","post","type-post","status-publish","format-standard","has-post-thumbnail","hentry","category-portada"],"post_mailing_queue_ids":[],"_links":{"self":[{"href":"https:\/\/agora-eoi.xtec.cat\/eoidelvendrell\/wp-json\/wp\/v2\/posts\/13352","targetHints":{"allow":["GET"]}}],"collection":[{"href":"https:\/\/agora-eoi.xtec.cat\/eoidelvendrell\/wp-json\/wp\/v2\/posts"}],"about":[{"href":"https:\/\/agora-eoi.xtec.cat\/eoidelvendrell\/wp-json\/wp\/v2\/types\/post"}],"author":[{"embeddable":true,"href":"https:\/\/agora-eoi.xtec.cat\/eoidelvendrell\/wp-json\/wp\/v2\/users\/1"}],"replies":[{"embeddable":true,"href":"https:\/\/agora-eoi.xtec.cat\/eoidelvendrell\/wp-json\/wp\/v2\/comments?post=13352"}],"version-history":[{"count":5,"href":"https:\/\/agora-eoi.xtec.cat\/eoidelvendrell\/wp-json\/wp\/v2\/posts\/13352\/revisions"}],"predecessor-version":[{"id":13364,"href":"https:\/\/agora-eoi.xtec.cat\/eoidelvendrell\/wp-json\/wp\/v2\/posts\/13352\/revisions\/13364"}],"wp:featuredmedia":[{"embeddable":true,"href":"https:\/\/agora-eoi.xtec.cat\/eoidelvendrell\/wp-json\/wp\/v2\/media\/13357"}],"wp:attachment":[{"href":"https:\/\/agora-eoi.xtec.cat\/eoidelvendrell\/wp-json\/wp\/v2\/media?parent=13352"}],"wp:term":[{"taxonomy":"category","embeddable":true,"href":"https:\/\/agora-eoi.xtec.cat\/eoidelvendrell\/wp-json\/wp\/v2\/categories?post=13352"},{"taxonomy":"post_tag","embeddable":true,"href":"https:\/\/agora-eoi.xtec.cat\/eoidelvendrell\/wp-json\/wp\/v2\/tags?post=13352"}],"curies":[{"name":"wp","href":"https:\/\/api.w.org\/{rel}","templated":true}]}}