{"id":13343,"date":"2026-04-25T09:55:29","date_gmt":"2026-04-25T07:55:29","guid":{"rendered":"https:\/\/agora-eoi.xtec.cat\/eoidelvendrell\/?p=13343"},"modified":"2026-04-28T15:12:34","modified_gmt":"2026-04-28T13:12:34","slug":"encuriosits-pel-nostre-passat-musical","status":"publish","type":"post","link":"https:\/\/agora-eoi.xtec.cat\/eoidelvendrell\/portada\/encuriosits-pel-nostre-passat-musical\/","title":{"rendered":"ENCURIOSITS PEL NOSTRE PASSAT MUSICAL"},"content":{"rendered":"\n<figure class=\"wp-block-image size-large is-style-rounded\"><a href=\"https:\/\/agora-eoi.xtec.cat\/eoidelvendrell\/wp-content\/uploads\/usu2263\/2026\/04\/selfie-catala.jpeg\"><img loading=\"lazy\" decoding=\"async\" width=\"1024\" height=\"768\" src=\"https:\/\/agora-eoi.xtec.cat\/eoidelvendrell\/wp-content\/uploads\/usu2263\/2026\/04\/selfie-catala-1024x768.jpeg\" alt=\"\" class=\"wp-image-13350\" srcset=\"https:\/\/agora-eoi.xtec.cat\/eoidelvendrell\/wp-content\/uploads\/usu2263\/2026\/04\/selfie-catala-1024x768.jpeg 1024w, https:\/\/agora-eoi.xtec.cat\/eoidelvendrell\/wp-content\/uploads\/usu2263\/2026\/04\/selfie-catala-300x225.jpeg 300w, https:\/\/agora-eoi.xtec.cat\/eoidelvendrell\/wp-content\/uploads\/usu2263\/2026\/04\/selfie-catala-768x576.jpeg 768w, https:\/\/agora-eoi.xtec.cat\/eoidelvendrell\/wp-content\/uploads\/usu2263\/2026\/04\/selfie-catala-1536x1152.jpeg 1536w, https:\/\/agora-eoi.xtec.cat\/eoidelvendrell\/wp-content\/uploads\/usu2263\/2026\/04\/selfie-catala-200x150.jpeg 200w, https:\/\/agora-eoi.xtec.cat\/eoidelvendrell\/wp-content\/uploads\/usu2263\/2026\/04\/selfie-catala.jpeg 1600w\" sizes=\"auto, (max-width: 1024px) 100vw, 1024px\" \/><\/a><\/figure>\n\n\n\n<p>La m\u00fasica antiga i d&#8217;arrel dels territoris de parla catalana ha protagonitzat l&#8217;activitat cultural de la diada de Sant Jordi de l&#8217;EOI del Vendrell. Davant d&#8217;una quarantena d&#8217;assistents, el professor i m\u00fasic Robert Cases i Marco (Val\u00e8ncia, 1981) ha relatat les curiositats i caracter\u00edstiques d&#8217;una dotzena d&#8217;instruments, agrupats en la fam\u00edlia de la guitarra, el lla\u00fct i l&#8217;arpa. <\/p>\n\n\n<div class=\"wp-block-image is-style-rounded\">\n<figure class=\"aligncenter size-large\"><a href=\"https:\/\/agora-eoi.xtec.cat\/eoidelvendrell\/wp-content\/uploads\/usu2263\/2026\/04\/arpa-ia.png\"><img loading=\"lazy\" decoding=\"async\" width=\"576\" height=\"1024\" src=\"https:\/\/agora-eoi.xtec.cat\/eoidelvendrell\/wp-content\/uploads\/usu2263\/2026\/04\/arpa-ia-576x1024.png\" alt=\"\" class=\"wp-image-13346\" srcset=\"https:\/\/agora-eoi.xtec.cat\/eoidelvendrell\/wp-content\/uploads\/usu2263\/2026\/04\/arpa-ia-576x1024.png 576w, https:\/\/agora-eoi.xtec.cat\/eoidelvendrell\/wp-content\/uploads\/usu2263\/2026\/04\/arpa-ia-169x300.png 169w, https:\/\/agora-eoi.xtec.cat\/eoidelvendrell\/wp-content\/uploads\/usu2263\/2026\/04\/arpa-ia.png 768w\" sizes=\"auto, (max-width: 576px) 100vw, 576px\" \/><\/a><\/figure><\/div>\n\n\n<p>Coneixedor de la hist\u00f2ria musical de la Mediterr\u00e0nia, ha interpretat diverses peces i posat veu a can\u00e7ons que formen part de la cultura musical d&#8217;arreu dels Pa\u00efsos Catalans tant de l&#8217;\u00e8poca medieval com del Renaixement i el Barroc.&nbsp;<\/p>\n\n\n\n<figure class=\"wp-block-image size-large is-style-rounded\"><a href=\"https:\/\/agora-eoi.xtec.cat\/eoidelvendrell\/wp-content\/uploads\/usu2263\/2026\/04\/llagut-ia.png\"><img loading=\"lazy\" decoding=\"async\" width=\"1024\" height=\"576\" src=\"https:\/\/agora-eoi.xtec.cat\/eoidelvendrell\/wp-content\/uploads\/usu2263\/2026\/04\/llagut-ia-1024x576.png\" alt=\"\" class=\"wp-image-13347\" srcset=\"https:\/\/agora-eoi.xtec.cat\/eoidelvendrell\/wp-content\/uploads\/usu2263\/2026\/04\/llagut-ia-1024x576.png 1024w, https:\/\/agora-eoi.xtec.cat\/eoidelvendrell\/wp-content\/uploads\/usu2263\/2026\/04\/llagut-ia-300x169.png 300w, https:\/\/agora-eoi.xtec.cat\/eoidelvendrell\/wp-content\/uploads\/usu2263\/2026\/04\/llagut-ia-768x432.png 768w, https:\/\/agora-eoi.xtec.cat\/eoidelvendrell\/wp-content\/uploads\/usu2263\/2026\/04\/llagut-ia.png 1365w\" sizes=\"auto, (max-width: 1024px) 100vw, 1024px\" \/><\/a><\/figure>\n\n\n\n<p>D&#8217;aquesta manera, per segon any consecutiu, el Departament de Catal\u00e0, al llarg de la primavera, programa una activitat basada en la parla valenciana, perqu\u00e8 els examinands s&#8217;atansin a les diverses varietats dialectals de la nostra llengua. I, un cop m\u00e9s, la m\u00fasica i la po\u00e8tica s&#8217;han entrella\u00e7at.&nbsp;<\/p>\n\n\n\n<figure class=\"wp-block-image size-large is-style-rounded\"><a href=\"https:\/\/agora-eoi.xtec.cat\/eoidelvendrell\/wp-content\/uploads\/usu2263\/2026\/04\/ragut-ia.jpeg\"><img loading=\"lazy\" decoding=\"async\" width=\"1024\" height=\"576\" src=\"https:\/\/agora-eoi.xtec.cat\/eoidelvendrell\/wp-content\/uploads\/usu2263\/2026\/04\/ragut-ia-1024x576.jpeg\" alt=\"\" class=\"wp-image-13349\" srcset=\"https:\/\/agora-eoi.xtec.cat\/eoidelvendrell\/wp-content\/uploads\/usu2263\/2026\/04\/ragut-ia-1024x576.jpeg 1024w, https:\/\/agora-eoi.xtec.cat\/eoidelvendrell\/wp-content\/uploads\/usu2263\/2026\/04\/ragut-ia-300x169.jpeg 300w, https:\/\/agora-eoi.xtec.cat\/eoidelvendrell\/wp-content\/uploads\/usu2263\/2026\/04\/ragut-ia-768x432.jpeg 768w, https:\/\/agora-eoi.xtec.cat\/eoidelvendrell\/wp-content\/uploads\/usu2263\/2026\/04\/ragut-ia.jpeg 1365w\" sizes=\"auto, (max-width: 1024px) 100vw, 1024px\" \/><\/a><\/figure>\n\n\n\n<p>Per als assistents, els instruments que ha tocat Cases han estat una grata descoberta. En el torn de preguntes, molts s&#8217;han sorpr\u00e8s de com s&#8217;han aconseguit de mantenir en ple segle XXI, aix\u00ed com el m\u00e8tode d&#8217;aprenentatge i la manera de conservar-los.&nbsp;<\/p>\n\n\n\n<figure class=\"wp-block-image size-large is-style-rounded\"><a href=\"https:\/\/agora-eoi.xtec.cat\/eoidelvendrell\/wp-content\/uploads\/usu2263\/2026\/04\/WhatsApp-Image-2026-04-23-at-7.56.17-PM-2.jpeg\"><img loading=\"lazy\" decoding=\"async\" width=\"1024\" height=\"576\" src=\"https:\/\/agora-eoi.xtec.cat\/eoidelvendrell\/wp-content\/uploads\/usu2263\/2026\/04\/WhatsApp-Image-2026-04-23-at-7.56.17-PM-2-1024x576.jpeg\" alt=\"\" class=\"wp-image-13348\" srcset=\"https:\/\/agora-eoi.xtec.cat\/eoidelvendrell\/wp-content\/uploads\/usu2263\/2026\/04\/WhatsApp-Image-2026-04-23-at-7.56.17-PM-2-1024x576.jpeg 1024w, https:\/\/agora-eoi.xtec.cat\/eoidelvendrell\/wp-content\/uploads\/usu2263\/2026\/04\/WhatsApp-Image-2026-04-23-at-7.56.17-PM-2-300x169.jpeg 300w, https:\/\/agora-eoi.xtec.cat\/eoidelvendrell\/wp-content\/uploads\/usu2263\/2026\/04\/WhatsApp-Image-2026-04-23-at-7.56.17-PM-2-768x432.jpeg 768w, https:\/\/agora-eoi.xtec.cat\/eoidelvendrell\/wp-content\/uploads\/usu2263\/2026\/04\/WhatsApp-Image-2026-04-23-at-7.56.17-PM-2-1536x864.jpeg 1536w, https:\/\/agora-eoi.xtec.cat\/eoidelvendrell\/wp-content\/uploads\/usu2263\/2026\/04\/WhatsApp-Image-2026-04-23-at-7.56.17-PM-2.jpeg 2040w\" sizes=\"auto, (max-width: 1024px) 100vw, 1024px\" \/><\/a><\/figure>\n\n\n\n<p>Just abans de l&#8217;inici d&#8217;aquest taller de m\u00fasica antiga i d&#8217;arrel valenciana, el jurat del certamen literari ha lliurat el guard\u00f3 corresponent al C2 de catal\u00e0 a l&#8217;alumne Francesc Josep Escudero Almaz\u00e1n, autor del relat intitulat&nbsp;<em>Una bona picossada<\/em>, &#8220;per la seva originialitat, banyada d&#8217;una riquesa l\u00e8xica molt reeixida, amb profusi\u00f3 d&#8217;expressions de la saviesa popular catalana&#8221;. Un text que podeu llegir en aquest mateix espai web.&nbsp;<\/p>\n\n\n<div class=\"wp-block-image is-style-rounded\">\n<figure class=\"aligncenter size-large\"><a href=\"https:\/\/agora-eoi.xtec.cat\/eoidelvendrell\/wp-content\/uploads\/usu2263\/2026\/04\/premi-sant-jordi-ia-2026.png\"><img loading=\"lazy\" decoding=\"async\" width=\"1024\" height=\"576\" src=\"https:\/\/agora-eoi.xtec.cat\/eoidelvendrell\/wp-content\/uploads\/usu2263\/2026\/04\/premi-sant-jordi-ia-2026-1024x576.png\" alt=\"\" class=\"wp-image-13344\" srcset=\"https:\/\/agora-eoi.xtec.cat\/eoidelvendrell\/wp-content\/uploads\/usu2263\/2026\/04\/premi-sant-jordi-ia-2026-1024x576.png 1024w, https:\/\/agora-eoi.xtec.cat\/eoidelvendrell\/wp-content\/uploads\/usu2263\/2026\/04\/premi-sant-jordi-ia-2026-300x169.png 300w, https:\/\/agora-eoi.xtec.cat\/eoidelvendrell\/wp-content\/uploads\/usu2263\/2026\/04\/premi-sant-jordi-ia-2026-768x432.png 768w, https:\/\/agora-eoi.xtec.cat\/eoidelvendrell\/wp-content\/uploads\/usu2263\/2026\/04\/premi-sant-jordi-ia-2026.png 1365w\" sizes=\"auto, (max-width: 1024px) 100vw, 1024px\" \/><\/a><\/figure><\/div>\n\n\n<p>Llegiu el text guanyador de C2 de catal\u00e0 <a href=\"https:\/\/drive.google.com\/file\/d\/1vt_wIGlpjdFOr7K5Ndwu7s96Vb2CPNy-\/view?usp=drive_link\">AQU\u00cd<\/a><\/p>\n","protected":false},"excerpt":{"rendered":"<p><a href=\"https:\/\/agora-eoi.xtec.cat\/eoidelvendrell\/wp-content\/uploads\/usu2263\/2026\/04\/selfie-catala.jpeg\"><\/a><\/p>\n<p>La m\u00fasica antiga i d&#8217;arrel dels territoris de parla catalana ha protagonitzat l&#8217;activitat cultural de la diada de Sant Jordi de l&#8217;EOI del Vendrell. Davant d&#8217;una quarantena d&#8217;assistents, el professor i m\u00fasic Robert Cases i Marco (Val\u00e8ncia, 1981) ha relatat les curiositats i caracter\u00edstiques&hellip;  <a href=\"https:\/\/agora-eoi.xtec.cat\/eoidelvendrell\/portada\/encuriosits-pel-nostre-passat-musical\/\" title=\"Read ENCURIOSITS PEL NOSTRE PASSAT MUSICAL\">Llegeix m\u00e9s\u00bb<\/a><\/p>\n","protected":false},"author":1,"featured_media":13350,"comment_status":"closed","ping_status":"closed","sticky":false,"template":"","format":"standard","meta":{"_bbp_topic_count":0,"_bbp_reply_count":0,"_bbp_total_topic_count":0,"_bbp_total_reply_count":0,"_bbp_voice_count":0,"_bbp_anonymous_reply_count":0,"_bbp_topic_count_hidden":0,"_bbp_reply_count_hidden":0,"_bbp_forum_subforum_count":0,"footnotes":""},"categories":[29],"tags":[],"class_list":["post-13343","post","type-post","status-publish","format-standard","has-post-thumbnail","hentry","category-portada"],"post_mailing_queue_ids":[],"_links":{"self":[{"href":"https:\/\/agora-eoi.xtec.cat\/eoidelvendrell\/wp-json\/wp\/v2\/posts\/13343","targetHints":{"allow":["GET"]}}],"collection":[{"href":"https:\/\/agora-eoi.xtec.cat\/eoidelvendrell\/wp-json\/wp\/v2\/posts"}],"about":[{"href":"https:\/\/agora-eoi.xtec.cat\/eoidelvendrell\/wp-json\/wp\/v2\/types\/post"}],"author":[{"embeddable":true,"href":"https:\/\/agora-eoi.xtec.cat\/eoidelvendrell\/wp-json\/wp\/v2\/users\/1"}],"replies":[{"embeddable":true,"href":"https:\/\/agora-eoi.xtec.cat\/eoidelvendrell\/wp-json\/wp\/v2\/comments?post=13343"}],"version-history":[{"count":3,"href":"https:\/\/agora-eoi.xtec.cat\/eoidelvendrell\/wp-json\/wp\/v2\/posts\/13343\/revisions"}],"predecessor-version":[{"id":13365,"href":"https:\/\/agora-eoi.xtec.cat\/eoidelvendrell\/wp-json\/wp\/v2\/posts\/13343\/revisions\/13365"}],"wp:featuredmedia":[{"embeddable":true,"href":"https:\/\/agora-eoi.xtec.cat\/eoidelvendrell\/wp-json\/wp\/v2\/media\/13350"}],"wp:attachment":[{"href":"https:\/\/agora-eoi.xtec.cat\/eoidelvendrell\/wp-json\/wp\/v2\/media?parent=13343"}],"wp:term":[{"taxonomy":"category","embeddable":true,"href":"https:\/\/agora-eoi.xtec.cat\/eoidelvendrell\/wp-json\/wp\/v2\/categories?post=13343"},{"taxonomy":"post_tag","embeddable":true,"href":"https:\/\/agora-eoi.xtec.cat\/eoidelvendrell\/wp-json\/wp\/v2\/tags?post=13343"}],"curies":[{"name":"wp","href":"https:\/\/api.w.org\/{rel}","templated":true}]}}