{"id":13181,"date":"2025-12-03T09:54:25","date_gmt":"2025-12-03T08:54:25","guid":{"rendered":"https:\/\/agora-eoi.xtec.cat\/eoidelvendrell\/?p=13181"},"modified":"2025-12-03T09:54:26","modified_gmt":"2025-12-03T08:54:26","slug":"taller-de-pronunciacio-i-cancons-amb-cecilia-deberghe","status":"publish","type":"post","link":"https:\/\/agora-eoi.xtec.cat\/eoidelvendrell\/portada\/taller-de-pronunciacio-i-cancons-amb-cecilia-deberghe\/","title":{"rendered":"TALLER DE PRONUNCIACI\u00d3 I CAN\u00c7ONS AMB CECILIA DEBERGHE"},"content":{"rendered":"\n<p>Per la seva originalitat i el seu dinamisme, \u00e9s una de les activitats m\u00e9s demanades pels alumnes de franc\u00e8s!\u00a0C\u00e9cilia Deberghe\u00a0ens va sorprendre amb un format totalment renovat del seu taller de fon\u00e8tica.\u00a0<\/p>\n\n\n\n<figure class=\"wp-block-image size-large is-style-rounded\"><a href=\"https:\/\/agora-eoi.xtec.cat\/eoidelvendrell\/wp-content\/uploads\/usu2263\/2025\/12\/foto-1-fonetica-cancons-scaled.jpg\"><img loading=\"lazy\" decoding=\"async\" width=\"1024\" height=\"577\" src=\"https:\/\/agora-eoi.xtec.cat\/eoidelvendrell\/wp-content\/uploads\/usu2263\/2025\/12\/foto-1-fonetica-cancons-1024x577.jpg\" alt=\"\" class=\"wp-image-13182\" srcset=\"https:\/\/agora-eoi.xtec.cat\/eoidelvendrell\/wp-content\/uploads\/usu2263\/2025\/12\/foto-1-fonetica-cancons-1024x577.jpg 1024w, https:\/\/agora-eoi.xtec.cat\/eoidelvendrell\/wp-content\/uploads\/usu2263\/2025\/12\/foto-1-fonetica-cancons-300x169.jpg 300w, https:\/\/agora-eoi.xtec.cat\/eoidelvendrell\/wp-content\/uploads\/usu2263\/2025\/12\/foto-1-fonetica-cancons-768x433.jpg 768w, https:\/\/agora-eoi.xtec.cat\/eoidelvendrell\/wp-content\/uploads\/usu2263\/2025\/12\/foto-1-fonetica-cancons-1536x866.jpg 1536w, https:\/\/agora-eoi.xtec.cat\/eoidelvendrell\/wp-content\/uploads\/usu2263\/2025\/12\/foto-1-fonetica-cancons-2048x1155.jpg 2048w\" sizes=\"auto, (max-width: 1024px) 100vw, 1024px\" \/><\/a><\/figure>\n\n\n\n<p>Amb can\u00e7ons d&#8217;Ang\u00e8le i de Zazie, i una can\u00e7\u00f3\u00a0tradicional de Madagascar, els participants van treballar fonemes dif\u00edcils\u00a0de distingir i, combinant-los amb diversos gestos, fins i tot van ballar tots plegats.<\/p>\n\n\n\n<figure class=\"wp-block-image size-full is-style-rounded\"><a href=\"https:\/\/agora-eoi.xtec.cat\/eoidelvendrell\/wp-content\/uploads\/usu2263\/2025\/12\/foto-2-ballar.jpg\"><img loading=\"lazy\" decoding=\"async\" width=\"1000\" height=\"779\" src=\"https:\/\/agora-eoi.xtec.cat\/eoidelvendrell\/wp-content\/uploads\/usu2263\/2025\/12\/foto-2-ballar.jpg\" alt=\"\" class=\"wp-image-13183\" srcset=\"https:\/\/agora-eoi.xtec.cat\/eoidelvendrell\/wp-content\/uploads\/usu2263\/2025\/12\/foto-2-ballar.jpg 1000w, https:\/\/agora-eoi.xtec.cat\/eoidelvendrell\/wp-content\/uploads\/usu2263\/2025\/12\/foto-2-ballar-300x234.jpg 300w, https:\/\/agora-eoi.xtec.cat\/eoidelvendrell\/wp-content\/uploads\/usu2263\/2025\/12\/foto-2-ballar-768x598.jpg 768w\" sizes=\"auto, (max-width: 1000px) 100vw, 1000px\" \/><\/a><\/figure>\n\n\n\n<p>Va ser una tarda molt divertida on van practicar l&#8217;idioma fora de l&#8217;ambient habitual de l&#8217;aula. Els alumnes van agrair\u00a0l&#8217;atenci\u00f3 al seu benestar\u00a0emocional que demostra la nostra escola amb aquest tipus d&#8217;activitat on tothom pot expressar-se i gaudir amb tota naturalitat!<\/p>\n\n\n\n<figure class=\"wp-block-image size-full is-style-rounded\"><a href=\"https:\/\/agora-eoi.xtec.cat\/eoidelvendrell\/wp-content\/uploads\/usu2263\/2025\/12\/foto-3-lequip.jpg\"><img loading=\"lazy\" decoding=\"async\" width=\"1000\" height=\"730\" src=\"https:\/\/agora-eoi.xtec.cat\/eoidelvendrell\/wp-content\/uploads\/usu2263\/2025\/12\/foto-3-lequip.jpg\" alt=\"\" class=\"wp-image-13184\" srcset=\"https:\/\/agora-eoi.xtec.cat\/eoidelvendrell\/wp-content\/uploads\/usu2263\/2025\/12\/foto-3-lequip.jpg 1000w, https:\/\/agora-eoi.xtec.cat\/eoidelvendrell\/wp-content\/uploads\/usu2263\/2025\/12\/foto-3-lequip-300x219.jpg 300w, https:\/\/agora-eoi.xtec.cat\/eoidelvendrell\/wp-content\/uploads\/usu2263\/2025\/12\/foto-3-lequip-768x561.jpg 768w\" sizes=\"auto, (max-width: 1000px) 100vw, 1000px\" \/><\/a><\/figure>\n","protected":false},"excerpt":{"rendered":"<p>Per la seva originalitat i el seu dinamisme, \u00e9s una de les activitats m\u00e9s demanades pels alumnes de franc\u00e8s!\u00a0C\u00e9cilia Deberghe\u00a0ens va sorprendre amb un format totalment renovat del seu taller de fon\u00e8tica.\u00a0<\/p>\n<p><a href=\"https:\/\/agora-eoi.xtec.cat\/eoidelvendrell\/wp-content\/uploads\/usu2263\/2025\/12\/foto-1-fonetica-cancons-scaled.jpg\"><\/a><\/p>\n<p>Amb can\u00e7ons d&#8217;Ang\u00e8le i de Zazie, i una can\u00e7\u00f3\u00a0tradicional de Madagascar, els participants&hellip;  <a href=\"https:\/\/agora-eoi.xtec.cat\/eoidelvendrell\/portada\/taller-de-pronunciacio-i-cancons-amb-cecilia-deberghe\/\" title=\"Read TALLER DE PRONUNCIACI\u00d3 I CAN\u00c7ONS AMB CECILIA DEBERGHE\">Llegeix m\u00e9s\u00bb<\/a><\/p>\n","protected":false},"author":1,"featured_media":13183,"comment_status":"closed","ping_status":"open","sticky":false,"template":"","format":"standard","meta":{"_bbp_topic_count":0,"_bbp_reply_count":0,"_bbp_total_topic_count":0,"_bbp_total_reply_count":0,"_bbp_voice_count":0,"_bbp_anonymous_reply_count":0,"_bbp_topic_count_hidden":0,"_bbp_reply_count_hidden":0,"_bbp_forum_subforum_count":0,"footnotes":""},"categories":[29],"tags":[],"class_list":["post-13181","post","type-post","status-publish","format-standard","has-post-thumbnail","hentry","category-portada"],"post_mailing_queue_ids":[],"_links":{"self":[{"href":"https:\/\/agora-eoi.xtec.cat\/eoidelvendrell\/wp-json\/wp\/v2\/posts\/13181","targetHints":{"allow":["GET"]}}],"collection":[{"href":"https:\/\/agora-eoi.xtec.cat\/eoidelvendrell\/wp-json\/wp\/v2\/posts"}],"about":[{"href":"https:\/\/agora-eoi.xtec.cat\/eoidelvendrell\/wp-json\/wp\/v2\/types\/post"}],"author":[{"embeddable":true,"href":"https:\/\/agora-eoi.xtec.cat\/eoidelvendrell\/wp-json\/wp\/v2\/users\/1"}],"replies":[{"embeddable":true,"href":"https:\/\/agora-eoi.xtec.cat\/eoidelvendrell\/wp-json\/wp\/v2\/comments?post=13181"}],"version-history":[{"count":1,"href":"https:\/\/agora-eoi.xtec.cat\/eoidelvendrell\/wp-json\/wp\/v2\/posts\/13181\/revisions"}],"predecessor-version":[{"id":13185,"href":"https:\/\/agora-eoi.xtec.cat\/eoidelvendrell\/wp-json\/wp\/v2\/posts\/13181\/revisions\/13185"}],"wp:featuredmedia":[{"embeddable":true,"href":"https:\/\/agora-eoi.xtec.cat\/eoidelvendrell\/wp-json\/wp\/v2\/media\/13183"}],"wp:attachment":[{"href":"https:\/\/agora-eoi.xtec.cat\/eoidelvendrell\/wp-json\/wp\/v2\/media?parent=13181"}],"wp:term":[{"taxonomy":"category","embeddable":true,"href":"https:\/\/agora-eoi.xtec.cat\/eoidelvendrell\/wp-json\/wp\/v2\/categories?post=13181"},{"taxonomy":"post_tag","embeddable":true,"href":"https:\/\/agora-eoi.xtec.cat\/eoidelvendrell\/wp-json\/wp\/v2\/tags?post=13181"}],"curies":[{"name":"wp","href":"https:\/\/api.w.org\/{rel}","templated":true}]}}