{"id":13166,"date":"2025-11-10T18:23:38","date_gmt":"2025-11-10T17:23:38","guid":{"rendered":"https:\/\/agora-eoi.xtec.cat\/eoidelvendrell\/?p=13166"},"modified":"2025-11-12T11:19:29","modified_gmt":"2025-11-12T10:19:29","slug":"cellers-avgvstvs-forvm-exit-de-participacio-en-la-visita-guiada-per-una-sommelier-en-frances","status":"publish","type":"post","link":"https:\/\/agora-eoi.xtec.cat\/eoidelvendrell\/portada\/cellers-avgvstvs-forvm-exit-de-participacio-en-la-visita-guiada-per-una-sommelier-en-frances\/","title":{"rendered":"CELLERS AVGVSTVS FORVM: VISITA GUIADA PER UNA SOMMELIER EN FRANC\u00c8S!"},"content":{"rendered":"\n<p>El passat 5 de novembre, l\u2019alumnat de franc\u00e8s de tots els nivells va participar en una activitat cultural molt especial: una visita als cellers Avgvstvs Forvm, explicada en franc\u00e8s per l\u2019\u00cdngrid Wrage, especialista sommelier. <\/p>\n\n\n\n<figure class=\"wp-block-image size-large is-style-rounded\"><a href=\"https:\/\/agora-eoi.xtec.cat\/eoidelvendrell\/wp-content\/uploads\/usu2263\/2025\/11\/foto-3.png\"><img loading=\"lazy\" decoding=\"async\" width=\"1024\" height=\"718\" src=\"https:\/\/agora-eoi.xtec.cat\/eoidelvendrell\/wp-content\/uploads\/usu2263\/2025\/11\/foto-3-1024x718.png\" alt=\"\" class=\"wp-image-13167\" srcset=\"https:\/\/agora-eoi.xtec.cat\/eoidelvendrell\/wp-content\/uploads\/usu2263\/2025\/11\/foto-3-1024x718.png 1024w, https:\/\/agora-eoi.xtec.cat\/eoidelvendrell\/wp-content\/uploads\/usu2263\/2025\/11\/foto-3-300x210.png 300w, https:\/\/agora-eoi.xtec.cat\/eoidelvendrell\/wp-content\/uploads\/usu2263\/2025\/11\/foto-3-768x538.png 768w, https:\/\/agora-eoi.xtec.cat\/eoidelvendrell\/wp-content\/uploads\/usu2263\/2025\/11\/foto-3.png 1153w\" sizes=\"auto, (max-width: 1024px) 100vw, 1024px\" \/><\/a><\/figure>\n\n\n\n<p>En un entorn natural real\u00e7at pels vestigis de la Via Augusta, ens va transmetre la seva passi\u00f3 per la vinya i el vi. Ens va parlar de la viticultura ecol\u00f2gica, destacant les varietats aut\u00f2ctones i franceses. Va detallar les etapes de l\u2019elaboraci\u00f3 del vi blanc, rosat i negre, de diferents criances.<\/p>\n\n\n\n<figure class=\"wp-block-image size-large is-style-rounded\"><a href=\"https:\/\/agora-eoi.xtec.cat\/eoidelvendrell\/wp-content\/uploads\/usu2263\/2025\/11\/foto-5.png\"><img loading=\"lazy\" decoding=\"async\" width=\"1024\" height=\"503\" src=\"https:\/\/agora-eoi.xtec.cat\/eoidelvendrell\/wp-content\/uploads\/usu2263\/2025\/11\/foto-5-1024x503.png\" alt=\"\" class=\"wp-image-13168\" srcset=\"https:\/\/agora-eoi.xtec.cat\/eoidelvendrell\/wp-content\/uploads\/usu2263\/2025\/11\/foto-5-1024x503.png 1024w, https:\/\/agora-eoi.xtec.cat\/eoidelvendrell\/wp-content\/uploads\/usu2263\/2025\/11\/foto-5-300x147.png 300w, https:\/\/agora-eoi.xtec.cat\/eoidelvendrell\/wp-content\/uploads\/usu2263\/2025\/11\/foto-5-768x377.png 768w, https:\/\/agora-eoi.xtec.cat\/eoidelvendrell\/wp-content\/uploads\/usu2263\/2025\/11\/foto-5.png 1153w\" sizes=\"auto, (max-width: 1024px) 100vw, 1024px\" \/><\/a><\/figure>\n\n\n\n<p>Despr\u00e9s vam baixar al \u201cchais\u201d, on vam tastar diferents categories de vinagres de luxe denominats Forvm, alguns de fins a 30 anys d\u2019elaboraci\u00f3 i de renom internacional.<\/p>\n\n\n\n<p>La visita es va acabar amb la degustaci\u00f3 de vins al restaurant dels Cellers: en Marco Moritz ens va convidar a tastar les aromes m\u00e9s sorprenents, tot subratllant la germanor entre Fran\u00e7a i Catalunya en mat\u00e8ria d\u2019enologia i de cultura del vi.<\/p>\n\n\n\n<figure class=\"wp-block-image size-large is-style-rounded\"><a href=\"https:\/\/agora-eoi.xtec.cat\/eoidelvendrell\/wp-content\/uploads\/usu2263\/2025\/11\/foto-6.png\"><img loading=\"lazy\" decoding=\"async\" width=\"1024\" height=\"615\" src=\"https:\/\/agora-eoi.xtec.cat\/eoidelvendrell\/wp-content\/uploads\/usu2263\/2025\/11\/foto-6-1024x615.png\" alt=\"\" class=\"wp-image-13169\" srcset=\"https:\/\/agora-eoi.xtec.cat\/eoidelvendrell\/wp-content\/uploads\/usu2263\/2025\/11\/foto-6-1024x615.png 1024w, https:\/\/agora-eoi.xtec.cat\/eoidelvendrell\/wp-content\/uploads\/usu2263\/2025\/11\/foto-6-300x180.png 300w, https:\/\/agora-eoi.xtec.cat\/eoidelvendrell\/wp-content\/uploads\/usu2263\/2025\/11\/foto-6-768x462.png 768w, https:\/\/agora-eoi.xtec.cat\/eoidelvendrell\/wp-content\/uploads\/usu2263\/2025\/11\/foto-6.png 1080w\" sizes=\"auto, (max-width: 1024px) 100vw, 1024px\" \/><\/a><\/figure>\n\n\n\n<p>Descobrir una faceta del patrimoni cultural del Baix Pened\u00e8s tot interactuant en franc\u00e8s va ser una experi\u00e8ncia molt enriquidora per a tothom.<\/p>\n","protected":false},"excerpt":{"rendered":"<p>El passat 5 de novembre, l\u2019alumnat de franc\u00e8s de tots els nivells va participar en una activitat cultural molt especial: una visita als cellers Avgvstvs Forvm, explicada en franc\u00e8s per l\u2019\u00cdngrid Wrage, especialista sommelier. <\/p>\n<p><a href=\"https:\/\/agora-eoi.xtec.cat\/eoidelvendrell\/wp-content\/uploads\/usu2263\/2025\/11\/foto-3.png\"><\/a><\/p>\n<p>En un entorn natural real\u00e7at pels vestigis de la Via&hellip;  <a href=\"https:\/\/agora-eoi.xtec.cat\/eoidelvendrell\/portada\/cellers-avgvstvs-forvm-exit-de-participacio-en-la-visita-guiada-per-una-sommelier-en-frances\/\" title=\"Read CELLERS AVGVSTVS FORVM: VISITA GUIADA PER UNA SOMMELIER EN FRANC\u00c8S!\">Llegeix m\u00e9s\u00bb<\/a><\/p>\n","protected":false},"author":1,"featured_media":13169,"comment_status":"closed","ping_status":"closed","sticky":false,"template":"","format":"standard","meta":{"_bbp_topic_count":0,"_bbp_reply_count":0,"_bbp_total_topic_count":0,"_bbp_total_reply_count":0,"_bbp_voice_count":0,"_bbp_anonymous_reply_count":0,"_bbp_topic_count_hidden":0,"_bbp_reply_count_hidden":0,"_bbp_forum_subforum_count":0,"footnotes":""},"categories":[29],"tags":[],"class_list":["post-13166","post","type-post","status-publish","format-standard","has-post-thumbnail","hentry","category-portada"],"post_mailing_queue_ids":[],"_links":{"self":[{"href":"https:\/\/agora-eoi.xtec.cat\/eoidelvendrell\/wp-json\/wp\/v2\/posts\/13166","targetHints":{"allow":["GET"]}}],"collection":[{"href":"https:\/\/agora-eoi.xtec.cat\/eoidelvendrell\/wp-json\/wp\/v2\/posts"}],"about":[{"href":"https:\/\/agora-eoi.xtec.cat\/eoidelvendrell\/wp-json\/wp\/v2\/types\/post"}],"author":[{"embeddable":true,"href":"https:\/\/agora-eoi.xtec.cat\/eoidelvendrell\/wp-json\/wp\/v2\/users\/1"}],"replies":[{"embeddable":true,"href":"https:\/\/agora-eoi.xtec.cat\/eoidelvendrell\/wp-json\/wp\/v2\/comments?post=13166"}],"version-history":[{"count":3,"href":"https:\/\/agora-eoi.xtec.cat\/eoidelvendrell\/wp-json\/wp\/v2\/posts\/13166\/revisions"}],"predecessor-version":[{"id":13172,"href":"https:\/\/agora-eoi.xtec.cat\/eoidelvendrell\/wp-json\/wp\/v2\/posts\/13166\/revisions\/13172"}],"wp:featuredmedia":[{"embeddable":true,"href":"https:\/\/agora-eoi.xtec.cat\/eoidelvendrell\/wp-json\/wp\/v2\/media\/13169"}],"wp:attachment":[{"href":"https:\/\/agora-eoi.xtec.cat\/eoidelvendrell\/wp-json\/wp\/v2\/media?parent=13166"}],"wp:term":[{"taxonomy":"category","embeddable":true,"href":"https:\/\/agora-eoi.xtec.cat\/eoidelvendrell\/wp-json\/wp\/v2\/categories?post=13166"},{"taxonomy":"post_tag","embeddable":true,"href":"https:\/\/agora-eoi.xtec.cat\/eoidelvendrell\/wp-json\/wp\/v2\/tags?post=13166"}],"curies":[{"name":"wp","href":"https:\/\/api.w.org\/{rel}","templated":true}]}}