{"id":13136,"date":"2025-09-26T12:09:27","date_gmt":"2025-09-26T10:09:27","guid":{"rendered":"https:\/\/agora-eoi.xtec.cat\/eoidelvendrell\/?p=13136"},"modified":"2025-09-26T13:11:08","modified_gmt":"2025-09-26T11:11:08","slug":"leoi-i-oxford-university-press-premien-lexcel%c2%b7lencia","status":"publish","type":"post","link":"https:\/\/agora-eoi.xtec.cat\/eoidelvendrell\/general\/leoi-i-oxford-university-press-premien-lexcel%c2%b7lencia\/","title":{"rendered":"L&#8217;EOI I OXFORD UNIVERSITY PRESS PREMIEN L&#8217;EXCEL\u00b7L\u00c8NCIA"},"content":{"rendered":"\n<p><strong>L&#8217;EOI del Vendrell<\/strong>, en col\u00b7laboraci\u00f3 amb l\u2019editorial <strong>Oxford University Press<\/strong>, ha fet lliurament de les beques Oxford a l&#8217;excel\u00b7l\u00e8ncia a l&#8217;alumnat d&#8217;angl\u00e8s que, durant el curs anterior, van destacar per tenir la millor assist\u00e8ncia i el millor rendiment acad\u00e8mic del seu nivell. Com a obsequi, els guardonats van rebre el llibre de text del curs actual.<\/p>\n\n\n<div class=\"wp-block-image is-style-rounded\">\n<figure class=\"aligncenter size-full is-resized\"><a href=\"https:\/\/agora-eoi.xtec.cat\/eoidelvendrell\/wp-content\/uploads\/usu2263\/2025\/09\/IMG_20250922_164841552.jpg\"><img loading=\"lazy\" decoding=\"async\" width=\"1000\" height=\"558\" src=\"https:\/\/agora-eoi.xtec.cat\/eoidelvendrell\/wp-content\/uploads\/usu2263\/2025\/09\/IMG_20250922_164841552.jpg\" alt=\"\" class=\"wp-image-13139\" style=\"width:590px;height:auto\" srcset=\"https:\/\/agora-eoi.xtec.cat\/eoidelvendrell\/wp-content\/uploads\/usu2263\/2025\/09\/IMG_20250922_164841552.jpg 1000w, https:\/\/agora-eoi.xtec.cat\/eoidelvendrell\/wp-content\/uploads\/usu2263\/2025\/09\/IMG_20250922_164841552-300x167.jpg 300w, https:\/\/agora-eoi.xtec.cat\/eoidelvendrell\/wp-content\/uploads\/usu2263\/2025\/09\/IMG_20250922_164841552-768x429.jpg 768w\" sizes=\"auto, (max-width: 1000px) 100vw, 1000px\" \/><\/a><\/figure><\/div>\n\n\n<p class=\"has-text-align-center\"><strong>Jos\u00e9 Antonio Omedes<\/strong><\/p>\n\n\n\n<p class=\"has-text-align-center\">Premi Oxford a l&#8217;Excel\u00b7l\u00e8ncia A2<\/p>\n\n\n<div class=\"wp-block-image is-style-rounded\">\n<figure class=\"aligncenter size-full is-resized\"><a href=\"https:\/\/agora-eoi.xtec.cat\/eoidelvendrell\/wp-content\/uploads\/usu2263\/2025\/09\/IMG_20250923_191739327.jpg\"><img loading=\"lazy\" decoding=\"async\" width=\"1000\" height=\"559\" src=\"https:\/\/agora-eoi.xtec.cat\/eoidelvendrell\/wp-content\/uploads\/usu2263\/2025\/09\/IMG_20250923_191739327.jpg\" alt=\"\" class=\"wp-image-13141\" style=\"width:612px;height:auto\" srcset=\"https:\/\/agora-eoi.xtec.cat\/eoidelvendrell\/wp-content\/uploads\/usu2263\/2025\/09\/IMG_20250923_191739327.jpg 1000w, https:\/\/agora-eoi.xtec.cat\/eoidelvendrell\/wp-content\/uploads\/usu2263\/2025\/09\/IMG_20250923_191739327-300x168.jpg 300w, https:\/\/agora-eoi.xtec.cat\/eoidelvendrell\/wp-content\/uploads\/usu2263\/2025\/09\/IMG_20250923_191739327-768x429.jpg 768w\" sizes=\"auto, (max-width: 1000px) 100vw, 1000px\" \/><\/a><\/figure><\/div>\n\n\n<p class=\"has-text-align-center\"><strong>Dolores Gonz\u00e1lez P\u00e9rez<\/strong><\/p>\n\n\n\n<p class=\"has-text-align-center\">Premi Oxford a l&#8217;Excel\u00b7l\u00e8ncia B1 <\/p>\n\n\n<div class=\"wp-block-image is-style-rounded\">\n<figure class=\"aligncenter size-full is-resized\"><a href=\"https:\/\/agora-eoi.xtec.cat\/eoidelvendrell\/wp-content\/uploads\/usu2263\/2025\/09\/IMG_20250922_192256511.jpg\"><img loading=\"lazy\" decoding=\"async\" width=\"1000\" height=\"606\" src=\"https:\/\/agora-eoi.xtec.cat\/eoidelvendrell\/wp-content\/uploads\/usu2263\/2025\/09\/IMG_20250922_192256511.jpg\" alt=\"\" class=\"wp-image-13140\" style=\"width:642px;height:auto\" srcset=\"https:\/\/agora-eoi.xtec.cat\/eoidelvendrell\/wp-content\/uploads\/usu2263\/2025\/09\/IMG_20250922_192256511.jpg 1000w, https:\/\/agora-eoi.xtec.cat\/eoidelvendrell\/wp-content\/uploads\/usu2263\/2025\/09\/IMG_20250922_192256511-300x182.jpg 300w, https:\/\/agora-eoi.xtec.cat\/eoidelvendrell\/wp-content\/uploads\/usu2263\/2025\/09\/IMG_20250922_192256511-768x465.jpg 768w\" sizes=\"auto, (max-width: 1000px) 100vw, 1000px\" \/><\/a><\/figure><\/div>\n\n\n<p class=\"has-text-align-center\"><strong>Emilia Falc\u00f3n S\u00e1nchez<\/strong><\/p>\n\n\n\n<p class=\"has-text-align-center\">Premi Oxford a l&#8217;Excel\u00b7l\u00e8ncia B2.1<\/p>\n\n\n\n<p>L\u2019acte de lliurament va comptar amb la pres\u00e8ncia de la <strong>Karen Thompson<\/strong>, representant d\u2019<strong>Oxford University Press<\/strong>, qui va fer lliurament dels premis als estudiants guardonats. <\/p>\n\n\n<div class=\"wp-block-image is-style-rounded\">\n<figure class=\"aligncenter size-full is-resized\"><a href=\"https:\/\/agora-eoi.xtec.cat\/eoidelvendrell\/wp-content\/uploads\/usu2263\/2025\/09\/IMG_20250923_164733313_HDR.jpg\"><img loading=\"lazy\" decoding=\"async\" width=\"1000\" height=\"580\" src=\"https:\/\/agora-eoi.xtec.cat\/eoidelvendrell\/wp-content\/uploads\/usu2263\/2025\/09\/IMG_20250923_164733313_HDR.jpg\" alt=\"\" class=\"wp-image-13137\" style=\"width:622px;height:auto\" srcset=\"https:\/\/agora-eoi.xtec.cat\/eoidelvendrell\/wp-content\/uploads\/usu2263\/2025\/09\/IMG_20250923_164733313_HDR.jpg 1000w, https:\/\/agora-eoi.xtec.cat\/eoidelvendrell\/wp-content\/uploads\/usu2263\/2025\/09\/IMG_20250923_164733313_HDR-300x174.jpg 300w, https:\/\/agora-eoi.xtec.cat\/eoidelvendrell\/wp-content\/uploads\/usu2263\/2025\/09\/IMG_20250923_164733313_HDR-768x445.jpg 768w\" sizes=\"auto, (max-width: 1000px) 100vw, 1000px\" \/><\/a><\/figure><\/div>\n\n\n<p class=\"has-text-align-center\">La <strong>Karen Thompson<\/strong> lliura el Premi a la <strong>Cristina Mart\u00edn Herranz<\/strong><\/p>\n\n\n\n<p class=\"has-text-align-center\">Premi Oxford a l&#8217;Excel\u00b7l\u00e8ncia B2.2<\/p>\n\n\n<div class=\"wp-block-image is-style-rounded\">\n<figure class=\"aligncenter size-full is-resized\"><a href=\"https:\/\/agora-eoi.xtec.cat\/eoidelvendrell\/wp-content\/uploads\/usu2263\/2025\/09\/IMG_20250925_165621534.jpg\"><img loading=\"lazy\" decoding=\"async\" width=\"1000\" height=\"785\" src=\"https:\/\/agora-eoi.xtec.cat\/eoidelvendrell\/wp-content\/uploads\/usu2263\/2025\/09\/IMG_20250925_165621534.jpg\" alt=\"\" class=\"wp-image-13138\" style=\"width:532px;height:auto\" srcset=\"https:\/\/agora-eoi.xtec.cat\/eoidelvendrell\/wp-content\/uploads\/usu2263\/2025\/09\/IMG_20250925_165621534.jpg 1000w, https:\/\/agora-eoi.xtec.cat\/eoidelvendrell\/wp-content\/uploads\/usu2263\/2025\/09\/IMG_20250925_165621534-300x236.jpg 300w, https:\/\/agora-eoi.xtec.cat\/eoidelvendrell\/wp-content\/uploads\/usu2263\/2025\/09\/IMG_20250925_165621534-768x603.jpg 768w\" sizes=\"auto, (max-width: 1000px) 100vw, 1000px\" \/><\/a><\/figure><\/div>\n\n\n<p class=\"has-text-align-center\"><strong>Laia Guiral Gallardo<\/strong><\/p>\n\n\n\n<p class=\"has-text-align-center\">Premi Oxford a l&#8217;Excel\u00b7l\u00e8ncia C1<\/p>\n\n\n\n<p>Des de l\u2019EOI del Vendrell felicitem els alumnes premiats i els animem a continuar amb la seva traject\u00f2ria d\u2019esfor\u00e7 i dedicaci\u00f3.<\/p>\n","protected":false},"excerpt":{"rendered":"<p>L&#8217;EOI del Vendrell, en col\u00b7laboraci\u00f3 amb l\u2019editorial Oxford University Press, ha fet lliurament de les beques Oxford a l&#8217;excel\u00b7l\u00e8ncia a l&#8217;alumnat d&#8217;angl\u00e8s que, durant el curs anterior, van destacar per tenir la millor assist\u00e8ncia i el millor rendiment acad\u00e8mic del seu nivell. Com a obsequi,&hellip;  <a href=\"https:\/\/agora-eoi.xtec.cat\/eoidelvendrell\/general\/leoi-i-oxford-university-press-premien-lexcel%c2%b7lencia\/\" title=\"Read L&#8217;EOI I OXFORD UNIVERSITY PRESS PREMIEN L&#8217;EXCEL\u00b7L\u00c8NCIA\">Llegeix m\u00e9s\u00bb<\/a><\/p>\n","protected":false},"author":1,"featured_media":13137,"comment_status":"closed","ping_status":"open","sticky":false,"template":"","format":"standard","meta":{"_bbp_topic_count":0,"_bbp_reply_count":0,"_bbp_total_topic_count":0,"_bbp_total_reply_count":0,"_bbp_voice_count":0,"_bbp_anonymous_reply_count":0,"_bbp_topic_count_hidden":0,"_bbp_reply_count_hidden":0,"_bbp_forum_subforum_count":0,"footnotes":""},"categories":[1,29],"tags":[],"class_list":["post-13136","post","type-post","status-publish","format-standard","has-post-thumbnail","hentry","category-general","category-portada"],"post_mailing_queue_ids":[],"_links":{"self":[{"href":"https:\/\/agora-eoi.xtec.cat\/eoidelvendrell\/wp-json\/wp\/v2\/posts\/13136","targetHints":{"allow":["GET"]}}],"collection":[{"href":"https:\/\/agora-eoi.xtec.cat\/eoidelvendrell\/wp-json\/wp\/v2\/posts"}],"about":[{"href":"https:\/\/agora-eoi.xtec.cat\/eoidelvendrell\/wp-json\/wp\/v2\/types\/post"}],"author":[{"embeddable":true,"href":"https:\/\/agora-eoi.xtec.cat\/eoidelvendrell\/wp-json\/wp\/v2\/users\/1"}],"replies":[{"embeddable":true,"href":"https:\/\/agora-eoi.xtec.cat\/eoidelvendrell\/wp-json\/wp\/v2\/comments?post=13136"}],"version-history":[{"count":6,"href":"https:\/\/agora-eoi.xtec.cat\/eoidelvendrell\/wp-json\/wp\/v2\/posts\/13136\/revisions"}],"predecessor-version":[{"id":13149,"href":"https:\/\/agora-eoi.xtec.cat\/eoidelvendrell\/wp-json\/wp\/v2\/posts\/13136\/revisions\/13149"}],"wp:featuredmedia":[{"embeddable":true,"href":"https:\/\/agora-eoi.xtec.cat\/eoidelvendrell\/wp-json\/wp\/v2\/media\/13137"}],"wp:attachment":[{"href":"https:\/\/agora-eoi.xtec.cat\/eoidelvendrell\/wp-json\/wp\/v2\/media?parent=13136"}],"wp:term":[{"taxonomy":"category","embeddable":true,"href":"https:\/\/agora-eoi.xtec.cat\/eoidelvendrell\/wp-json\/wp\/v2\/categories?post=13136"},{"taxonomy":"post_tag","embeddable":true,"href":"https:\/\/agora-eoi.xtec.cat\/eoidelvendrell\/wp-json\/wp\/v2\/tags?post=13136"}],"curies":[{"name":"wp","href":"https:\/\/api.w.org\/{rel}","templated":true}]}}