{"id":11532,"date":"2026-04-09T15:31:08","date_gmt":"2026-04-09T13:31:08","guid":{"rendered":"https:\/\/agora-eoi.xtec.cat\/eoidelvendrell\/?p=11532"},"modified":"2026-04-09T15:39:57","modified_gmt":"2026-04-09T13:39:57","slug":"beques-del-ministerio-de-educacion-y-formacion-profesional","status":"publish","type":"post","link":"https:\/\/agora-eoi.xtec.cat\/eoidelvendrell\/portada\/beques-del-ministerio-de-educacion-y-formacion-profesional\/","title":{"rendered":"BEQUES DEL MINISTERIO DE EDUCACI\u00d3N, FORMACI\u00d3N PROFESIONAL Y DEPORTES"},"content":{"rendered":"\n<p>Us informem que s\u2019ha publicat al DOGC la <a href=\"https:\/\/dogc.gencat.cat\/ca\/document-del-dogc\/?documentId=1040593\" target=\"_blank\" rel=\"noreferrer noopener\"><strong>Resoluci\u00f3 EDF\/901\/2026<\/strong><\/a>, de 24 de mar\u00e7, per la qual s&#8217;obre el procediment de convocat\u00f2ria p\u00fablica per a la concessi\u00f3 de\u00a0beques\u00a0de car\u00e0cter general per a l&#8217;alumnat d&#8217;ensenyaments postobligatoris no universitaris per al curs\u00a02026-2027.<\/p>\n\n\n\n<p><strong>Informaci\u00f3 al Web de la Generalitat:<\/strong><\/p>\n\n\n\n<p><a href=\"https:\/\/gen.cat\/becageneralnouni\" data-type=\"link\" data-id=\"https:\/\/gen.cat\/becageneralnouni\">https:\/\/gen.cat\/becageneralnouni<\/a><\/p>\n\n\n\n<p>La sol\u00b7licitud s&#8217;ha d&#8217;emplenar mitjan\u00e7ant el formulari accessible per via telem\u00e0tica a trav\u00e9s de la seu electr\u00f2nica de la Generalitat de Catalunya a l&#8217;adre\u00e7a:<\/p>\n\n\n\n<p><a href=\"https:\/\/tramits.gencat.cat\/ca\/tramits\/tramits-temes\/beques-estudis-no-universitaris?moda=1\" data-type=\"link\" data-id=\"https:\/\/tramits.gencat.cat\/ca\/tramits\/tramits-temes\/beques-estudis-no-universitaris?moda=1\">https:\/\/tramits.gencat.cat\/ca\/tramits\/tramits-temes\/beques-estudis-no-universitaris?moda=1<\/a><\/p>\n\n\n\n<p>El termini per presentar la sol\u00b7licitud s&#8217;est\u00e9n des del&nbsp;<strong>dia 7 d&#8217;abril del 2026, a les 8,00, hora peninsular, fins al 18 de maig del 2026, a les 15.00<\/strong>, hora peninsular, ambd\u00f3s inclosos.<\/p>\n\n\n\n<p><strong>Suport durant el proc\u00e9s de la sol\u00b7licitud:<\/strong><\/p>\n\n\n\n<ul class=\"wp-block-list\">\n<li>Trucar al&nbsp;<a href=\"https:\/\/web.gencat.cat\/ca\/atenem\/telefon-012\" target=\"_blank\" rel=\"noreferrer noopener\"><u>012<\/u><\/a>&nbsp;per resoldre dubtes generals sobre el tr\u00e0mit.<\/li>\n<\/ul>\n","protected":false},"excerpt":{"rendered":"<p>Us informem que s\u2019ha publicat al DOGC la <a href=\"https:\/\/dogc.gencat.cat\/ca\/document-del-dogc\/?documentId=1040593\" target=\"_blank\" rel=\"noreferrer noopener\">Resoluci\u00f3 EDF\/901\/2026<\/a>, de 24 de mar\u00e7, per la qual s&#8217;obre el procediment de convocat\u00f2ria p\u00fablica per a la concessi\u00f3 de\u00a0beques\u00a0de car\u00e0cter general per a l&#8217;alumnat d&#8217;ensenyaments postobligatoris no universitaris per al curs\u00a02026-2027.<\/p>\n<p>Informaci\u00f3 al&hellip;  <a href=\"https:\/\/agora-eoi.xtec.cat\/eoidelvendrell\/portada\/beques-del-ministerio-de-educacion-y-formacion-profesional\/\" title=\"Read BEQUES DEL MINISTERIO DE EDUCACI\u00d3N, FORMACI\u00d3N PROFESIONAL Y DEPORTES\">Llegeix m\u00e9s\u00bb<\/a><\/p>\n","protected":false},"author":1,"featured_media":11533,"comment_status":"closed","ping_status":"closed","sticky":false,"template":"","format":"standard","meta":{"_bbp_topic_count":0,"_bbp_reply_count":0,"_bbp_total_topic_count":0,"_bbp_total_reply_count":0,"_bbp_voice_count":0,"_bbp_anonymous_reply_count":0,"_bbp_topic_count_hidden":0,"_bbp_reply_count_hidden":0,"_bbp_forum_subforum_count":0,"footnotes":""},"categories":[29],"tags":[],"class_list":["post-11532","post","type-post","status-publish","format-standard","has-post-thumbnail","hentry","category-portada"],"post_mailing_queue_ids":[],"_links":{"self":[{"href":"https:\/\/agora-eoi.xtec.cat\/eoidelvendrell\/wp-json\/wp\/v2\/posts\/11532","targetHints":{"allow":["GET"]}}],"collection":[{"href":"https:\/\/agora-eoi.xtec.cat\/eoidelvendrell\/wp-json\/wp\/v2\/posts"}],"about":[{"href":"https:\/\/agora-eoi.xtec.cat\/eoidelvendrell\/wp-json\/wp\/v2\/types\/post"}],"author":[{"embeddable":true,"href":"https:\/\/agora-eoi.xtec.cat\/eoidelvendrell\/wp-json\/wp\/v2\/users\/1"}],"replies":[{"embeddable":true,"href":"https:\/\/agora-eoi.xtec.cat\/eoidelvendrell\/wp-json\/wp\/v2\/comments?post=11532"}],"version-history":[{"count":6,"href":"https:\/\/agora-eoi.xtec.cat\/eoidelvendrell\/wp-json\/wp\/v2\/posts\/11532\/revisions"}],"predecessor-version":[{"id":13325,"href":"https:\/\/agora-eoi.xtec.cat\/eoidelvendrell\/wp-json\/wp\/v2\/posts\/11532\/revisions\/13325"}],"wp:featuredmedia":[{"embeddable":true,"href":"https:\/\/agora-eoi.xtec.cat\/eoidelvendrell\/wp-json\/wp\/v2\/media\/11533"}],"wp:attachment":[{"href":"https:\/\/agora-eoi.xtec.cat\/eoidelvendrell\/wp-json\/wp\/v2\/media?parent=11532"}],"wp:term":[{"taxonomy":"category","embeddable":true,"href":"https:\/\/agora-eoi.xtec.cat\/eoidelvendrell\/wp-json\/wp\/v2\/categories?post=11532"},{"taxonomy":"post_tag","embeddable":true,"href":"https:\/\/agora-eoi.xtec.cat\/eoidelvendrell\/wp-json\/wp\/v2\/tags?post=11532"}],"curies":[{"name":"wp","href":"https:\/\/api.w.org\/{rel}","templated":true}]}}