{"id":10269,"date":"2024-02-13T23:18:09","date_gmt":"2024-02-13T22:18:09","guid":{"rendered":"https:\/\/agora-eoi.xtec.cat\/eoibarcelona-sants\/?p=10269"},"modified":"2024-04-02T12:47:18","modified_gmt":"2024-04-02T10:47:18","slug":"convocatoria-ordinaria-certificats-eoi-per-a-candidats-lliures-maig-juny-2024","status":"publish","type":"post","link":"https:\/\/agora-eoi.xtec.cat\/eoibarcelona-sants\/general\/convocatoria-ordinaria-certificats-eoi-per-a-candidats-lliures-maig-juny-2024\/","title":{"rendered":"Proves de certificaci\u00f3 a les EOI per a candidats lliures maig\/juny 2024. Consulta llista definitiva persones admeses i excloses a partir del 2 abril 2024"},"content":{"rendered":"<h6>Convocat\u00f2ria ordin\u00e0ria dels nivells intermedi B1, intermedi B2, avan\u00e7at C1 i avan\u00e7at C2 de les EOI per a<strong> tots els idiomes <\/strong><\/h6>\n<h6><strong>(maig\/juny 2024).<\/strong><\/h6>\n<p><span style=\"text-decoration: underline;\"><strong>Inscripci\u00f3<\/strong><\/span><\/p>\n<div class=\"bloc-mobil\">\n<div class=\"descripcio link-dotted\">\n<p>del\u00a0<strong>26 de febrer<\/strong>\u00a0(a partir de les 9 h) a l&#8217;<strong>1\u00a0de mar\u00e7 de 2024<\/strong><\/p>\n<h5 class=\"header2 pd-15 pd-30\">Dates clau de la prova<\/h5>\n<ul class=\"list-row border-filet \">\n<li class=\"list-item col-12\">\n<div class=\"list-item-wrapper\">\n<div class=\"col icon-col\">\n<div class=\"icon\"><img decoding=\"async\" src=\"https:\/\/educacio.gencat.cat\/web\/.content\/home\/icones\/check-on.png_1257057529.png\" alt=\"\" \/><\/div>\n<\/div>\n<div class=\"col content-col\">\n<p>1- Inscripci\u00f3<\/p>\n<div class=\"bloc-mobil\">\n<div class=\"descripcio link-dotted\">\n<p>del\u00a0<strong>26 de febrer<\/strong>\u00a0(a partir de les 9 h) a l&#8217;<strong>1\u00a0de mar\u00e7 de 2024<\/strong><\/p>\n<\/div>\n<\/div>\n<\/div>\n<\/div>\n<\/li>\n<li class=\"list-item col-12\">\n<div class=\"list-item-wrapper\">\n<div class=\"col icon-col\">\n<div class=\"icon\"><img decoding=\"async\" src=\"https:\/\/educacio.gencat.cat\/web\/.content\/home\/icones\/check-on.png_1257057529.png\" alt=\"\" \/><\/div>\n<\/div>\n<div class=\"col content-col\">\n<p>2- Pagament de la taxa o del preu p\u00fablic<\/p>\n<div class=\"bloc-mobil\">\n<div class=\"descripcio link-dotted\">\n<p>fins al 4 de mar\u00e7 de 2024 (abans de les 22 h)<\/p>\n<\/div>\n<\/div>\n<\/div>\n<\/div>\n<\/li>\n<li class=\"list-item col-12\">\n<div class=\"list-item-wrapper\">\n<div class=\"col icon-col\">\n<div class=\"icon\"><img decoding=\"async\" src=\"https:\/\/educacio.gencat.cat\/web\/.content\/home\/icones\/check-on.png_1257057529.png\" alt=\"\" \/><\/div>\n<\/div>\n<div class=\"col content-col\">\n<p>3 &#8211; Llista provisional de persones admeses i excloses<\/p>\n<div class=\"bloc-mobil\">\n<div class=\"descripcio link-dotted\">\n<p>a partir del 14 de mar\u00e7 de 2024<\/p>\n<\/div>\n<\/div>\n<\/div>\n<\/div>\n<\/li>\n<li class=\"list-item col-12\">\n<div class=\"list-item-wrapper\">\n<div class=\"col icon-col\">\n<div class=\"icon\"><img decoding=\"async\" src=\"https:\/\/educacio.gencat.cat\/web\/.content\/home\/icones\/check-on.png_1257057529.png\" alt=\"\" \/><\/div>\n<\/div>\n<div class=\"col content-col\">\n<p>4 &#8211; Presentaci\u00f3 de la documentaci\u00f3 (al registre del centre examinador)<\/p>\n<div class=\"bloc-mobil\">\n<div class=\"descripcio link-dotted\">\n<p>des de la publicaci\u00f3 de la llista provisional d&#8217;admesos i exclosos fins al 22 de mar\u00e7 de 2024<\/p>\n<p>Data l\u00edmit per comunicar errades en les dades personals: 22 de mar\u00e7 de 2024<\/p>\n<\/div>\n<\/div>\n<\/div>\n<\/div>\n<\/li>\n<li class=\"list-item col-12\">\n<div class=\"list-item-wrapper\">\n<div class=\"col icon-col\">\n<div class=\"icon\"><img decoding=\"async\" src=\"https:\/\/educacio.gencat.cat\/web\/.content\/home\/icones\/check-on.png_1257057529.png\" alt=\"\" \/><\/div>\n<\/div>\n<div class=\"col content-col\">\n<p><strong>5 &#8211; Llista definitiva de persones admeses i excloses<\/strong><\/p>\n<div class=\"bloc-mobil\">\n<div class=\"descripcio link-dotted\">\n<p><strong>a partir del 2 d&#8217;abril de 2024. Podeu consultar la llista <a href=\"https:\/\/educacio.gencat.cat\/ca\/serveis-tramits\/proves\/proves-lliures-obtencio-titols\/convocat-extraord-idiomes\/consulta-resultats\/\">aqu\u00ed<\/a>.<\/strong><\/p>\n<p>&nbsp;<\/p>\n<\/div>\n<\/div>\n<\/div>\n<\/div>\n<\/li>\n<\/ul>\n<\/div>\n<p><strong>Podeu consultar tota la informaci\u00f3 i dates ex\u00e0mens clicant <a href=\"https:\/\/educacio.gencat.cat\/ca\/serveis-tramits\/proves\/proves-lliures-obtencio-titols\/convocat-ordinaria-idiomes\/\">aqui<\/a><\/strong><\/p>\n<\/div>\n","protected":false},"excerpt":{"rendered":"<p>Convocat\u00f2ria ordin\u00e0ria dels nivells intermedi B1, intermedi B2, avan\u00e7at C1 i avan\u00e7at C2 de les EOI per a tots els idiomes<br \/>\n(maig\/juny 2024).<br \/>\nInscripci\u00f3<\/p>\n<p>del\u00a026 de febrer\u00a0(a partir de les 9 h) a l&#8217;1\u00a0de mar\u00e7 de 2024<br \/>\nDates clau de la prova<\/p>\n<ul class=\"list-row border-filet \">\n<li class=\"list-item col-12\">\n<p>1- Inscripci\u00f3<\/p>\n<p>del\u00a026&hellip;  <a href=\"https:\/\/agora-eoi.xtec.cat\/eoibarcelona-sants\/general\/convocatoria-ordinaria-certificats-eoi-per-a-candidats-lliures-maig-juny-2024\/\" title=\"Read Proves de certificaci\u00f3 a les EOI per a candidats lliures maig\/juny 2024. Consulta llista definitiva persones admeses i excloses a partir del 2 abril 2024\">Llegeix m\u00e9s\u00bb<\/a><\/p>\n","protected":false},"author":1,"featured_media":0,"comment_status":"closed","ping_status":"closed","sticky":false,"template":"","format":"standard","meta":{"_bbp_topic_count":0,"_bbp_reply_count":0,"_bbp_total_topic_count":0,"_bbp_total_reply_count":0,"_bbp_voice_count":0,"_bbp_anonymous_reply_count":0,"_bbp_topic_count_hidden":0,"_bbp_reply_count_hidden":0,"_bbp_forum_subforum_count":0,"footnotes":""},"categories":[1,29],"tags":[],"class_list":["post-10269","post","type-post","status-publish","format-standard","hentry","category-general","category-portada"],"post_mailing_queue_ids":[],"_links":{"self":[{"href":"https:\/\/agora-eoi.xtec.cat\/eoibarcelona-sants\/wp-json\/wp\/v2\/posts\/10269","targetHints":{"allow":["GET"]}}],"collection":[{"href":"https:\/\/agora-eoi.xtec.cat\/eoibarcelona-sants\/wp-json\/wp\/v2\/posts"}],"about":[{"href":"https:\/\/agora-eoi.xtec.cat\/eoibarcelona-sants\/wp-json\/wp\/v2\/types\/post"}],"author":[{"embeddable":true,"href":"https:\/\/agora-eoi.xtec.cat\/eoibarcelona-sants\/wp-json\/wp\/v2\/users\/1"}],"replies":[{"embeddable":true,"href":"https:\/\/agora-eoi.xtec.cat\/eoibarcelona-sants\/wp-json\/wp\/v2\/comments?post=10269"}],"version-history":[{"count":6,"href":"https:\/\/agora-eoi.xtec.cat\/eoibarcelona-sants\/wp-json\/wp\/v2\/posts\/10269\/revisions"}],"predecessor-version":[{"id":10295,"href":"https:\/\/agora-eoi.xtec.cat\/eoibarcelona-sants\/wp-json\/wp\/v2\/posts\/10269\/revisions\/10295"}],"wp:attachment":[{"href":"https:\/\/agora-eoi.xtec.cat\/eoibarcelona-sants\/wp-json\/wp\/v2\/media?parent=10269"}],"wp:term":[{"taxonomy":"category","embeddable":true,"href":"https:\/\/agora-eoi.xtec.cat\/eoibarcelona-sants\/wp-json\/wp\/v2\/categories?post=10269"},{"taxonomy":"post_tag","embeddable":true,"href":"https:\/\/agora-eoi.xtec.cat\/eoibarcelona-sants\/wp-json\/wp\/v2\/tags?post=10269"}],"curies":[{"name":"wp","href":"https:\/\/api.w.org\/{rel}","templated":true}]}}