{"id":11833,"date":"2025-04-06T09:57:41","date_gmt":"2025-04-06T07:57:41","guid":{"rendered":"https:\/\/agora-eoi.xtec.cat\/eoibanyoles\/?p=11833"},"modified":"2025-04-25T09:41:31","modified_gmt":"2025-04-25T07:41:31","slug":"alumnat-de-lescola-mercat-de-llibres-de-segona-ma-en-angles-i-frances-per-sant-jordi-objectiu-collaborar-amb","status":"publish","type":"post","link":"https:\/\/agora-eoi.xtec.cat\/eoibanyoles\/general\/alumnat-de-lescola-mercat-de-llibres-de-segona-ma-en-angles-i-frances-per-sant-jordi-objectiu-collaborar-amb\/","title":{"rendered":"Obert a tothom \u2013 Parada de llibres de segona m\u00e0 en angl\u00e8s i franc\u00e8s a l&#8217;escola. Objectiu, col\u00b7laborar amb Costa Brava Hospice"},"content":{"rendered":"<p><a href=\"https:\/\/agora-eoi.xtec.cat\/eoibanyoles\/wp-content\/uploads\/usu2302\/2025\/04\/2-NEW.jpg\"><img loading=\"lazy\" decoding=\"async\" class=\"wp-image-13014 aligncenter\" src=\"https:\/\/agora-eoi.xtec.cat\/eoibanyoles\/wp-content\/uploads\/usu2302\/2025\/04\/2-NEW.jpg\" alt=\"\" width=\"699\" height=\"699\" srcset=\"https:\/\/agora-eoi.xtec.cat\/eoibanyoles\/wp-content\/uploads\/usu2302\/2025\/04\/2-NEW.jpg 1080w, https:\/\/agora-eoi.xtec.cat\/eoibanyoles\/wp-content\/uploads\/usu2302\/2025\/04\/2-NEW-300x300.jpg 300w, https:\/\/agora-eoi.xtec.cat\/eoibanyoles\/wp-content\/uploads\/usu2302\/2025\/04\/2-NEW-1024x1024.jpg 1024w, https:\/\/agora-eoi.xtec.cat\/eoibanyoles\/wp-content\/uploads\/usu2302\/2025\/04\/2-NEW-150x150.jpg 150w, https:\/\/agora-eoi.xtec.cat\/eoibanyoles\/wp-content\/uploads\/usu2302\/2025\/04\/2-NEW-768x768.jpg 768w\" sizes=\"auto, (max-width: 699px) 100vw, 699px\" \/><\/a>S\u2019acosta Sant Jordi i, com hem estat fent els darrers anys, el nostre alumnat ha escollit una entitat solid\u00e0ria per fer la donaci\u00f3 de la quantitat que es reculli en el mercat de llibres de segona m\u00e0 en angl\u00e8s i franc\u00e8s. Aquest any l\u2019entitat elegida ha estat <a href=\"https:\/\/costabravahospice.com\/\" target=\"_blank\" rel=\"noopener\">Costa Brava Hospice<\/a>.<\/p>\n","protected":false},"excerpt":{"rendered":"<p>S\u2019acosta Sant Jordi i, com hem estat fent els darrers anys, el nostre alumnat ha escollit una entitat solid\u00e0ria per fer la donaci\u00f3 de la quantitat que es reculli en el mercat de llibres de segona m\u00e0 en angl\u00e8s i franc\u00e8s. Aquest any l\u2019entitat elegida ha estat Costa Brava Hospice.<\/p>\n","protected":false},"author":1,"featured_media":13014,"comment_status":"closed","ping_status":"closed","sticky":false,"template":"","format":"standard","meta":{"_bbp_topic_count":0,"_bbp_reply_count":0,"_bbp_total_topic_count":0,"_bbp_total_reply_count":0,"_bbp_voice_count":0,"_bbp_anonymous_reply_count":0,"_bbp_topic_count_hidden":0,"_bbp_reply_count_hidden":0,"_bbp_forum_subforum_count":0,"site-sidebar-layout":"default","site-content-layout":"","ast-site-content-layout":"","site-content-style":"default","site-sidebar-style":"default","ast-global-header-display":"","ast-banner-title-visibility":"","ast-main-header-display":"","ast-hfb-above-header-display":"","ast-hfb-below-header-display":"","ast-hfb-mobile-header-display":"","site-post-title":"","ast-breadcrumbs-content":"","ast-featured-img":"","footer-sml-layout":"","theme-transparent-header-meta":"","adv-header-id-meta":"","stick-header-meta":"","header-above-stick-meta":"","header-main-stick-meta":"","header-below-stick-meta":"","astra-migrate-meta-layouts":"default","ast-page-background-enabled":"default","ast-page-background-meta":{"desktop":{"background-color":"var(--ast-global-color-4)","background-image":"","background-repeat":"repeat","background-position":"center center","background-size":"auto","background-attachment":"scroll","background-type":"","background-media":"","overlay-type":"","overlay-color":"","overlay-opacity":"","overlay-gradient":""},"tablet":{"background-color":"","background-image":"","background-repeat":"repeat","background-position":"center center","background-size":"auto","background-attachment":"scroll","background-type":"","background-media":"","overlay-type":"","overlay-color":"","overlay-opacity":"","overlay-gradient":""},"mobile":{"background-color":"","background-image":"","background-repeat":"repeat","background-position":"center center","background-size":"auto","background-attachment":"scroll","background-type":"","background-media":"","overlay-type":"","overlay-color":"","overlay-opacity":"","overlay-gradient":""}},"ast-content-background-meta":{"desktop":{"background-color":"var(--ast-global-color-5)","background-image":"","background-repeat":"repeat","background-position":"center center","background-size":"auto","background-attachment":"scroll","background-type":"","background-media":"","overlay-type":"","overlay-color":"","overlay-opacity":"","overlay-gradient":""},"tablet":{"background-color":"var(--ast-global-color-5)","background-image":"","background-repeat":"repeat","background-position":"center center","background-size":"auto","background-attachment":"scroll","background-type":"","background-media":"","overlay-type":"","overlay-color":"","overlay-opacity":"","overlay-gradient":""},"mobile":{"background-color":"var(--ast-global-color-5)","background-image":"","background-repeat":"repeat","background-position":"center center","background-size":"auto","background-attachment":"scroll","background-type":"","background-media":"","overlay-type":"","overlay-color":"","overlay-opacity":"","overlay-gradient":""}},"footnotes":""},"categories":[1,29],"tags":[],"class_list":["post-11833","post","type-post","status-publish","format-standard","has-post-thumbnail","hentry","category-general","category-portada"],"post_mailing_queue_ids":[],"_links":{"self":[{"href":"https:\/\/agora-eoi.xtec.cat\/eoibanyoles\/wp-json\/wp\/v2\/posts\/11833","targetHints":{"allow":["GET"]}}],"collection":[{"href":"https:\/\/agora-eoi.xtec.cat\/eoibanyoles\/wp-json\/wp\/v2\/posts"}],"about":[{"href":"https:\/\/agora-eoi.xtec.cat\/eoibanyoles\/wp-json\/wp\/v2\/types\/post"}],"author":[{"embeddable":true,"href":"https:\/\/agora-eoi.xtec.cat\/eoibanyoles\/wp-json\/wp\/v2\/users\/1"}],"replies":[{"embeddable":true,"href":"https:\/\/agora-eoi.xtec.cat\/eoibanyoles\/wp-json\/wp\/v2\/comments?post=11833"}],"version-history":[{"count":6,"href":"https:\/\/agora-eoi.xtec.cat\/eoibanyoles\/wp-json\/wp\/v2\/posts\/11833\/revisions"}],"predecessor-version":[{"id":13015,"href":"https:\/\/agora-eoi.xtec.cat\/eoibanyoles\/wp-json\/wp\/v2\/posts\/11833\/revisions\/13015"}],"wp:featuredmedia":[{"embeddable":true,"href":"https:\/\/agora-eoi.xtec.cat\/eoibanyoles\/wp-json\/wp\/v2\/media\/13014"}],"wp:attachment":[{"href":"https:\/\/agora-eoi.xtec.cat\/eoibanyoles\/wp-json\/wp\/v2\/media?parent=11833"}],"wp:term":[{"taxonomy":"category","embeddable":true,"href":"https:\/\/agora-eoi.xtec.cat\/eoibanyoles\/wp-json\/wp\/v2\/categories?post=11833"},{"taxonomy":"post_tag","embeddable":true,"href":"https:\/\/agora-eoi.xtec.cat\/eoibanyoles\/wp-json\/wp\/v2\/tags?post=11833"}],"curies":[{"name":"wp","href":"https:\/\/api.w.org\/{rel}","templated":true}]}}